{"id":251643,"date":"2025-11-23T16:01:12","date_gmt":"2025-11-23T16:01:12","guid":{"rendered":"https:\/\/www.europesays.com\/es\/251643\/"},"modified":"2025-11-23T16:01:12","modified_gmt":"2025-11-23T16:01:12","slug":"la-regla-de-seguridad-que-se-saltaron-los-reyes-felipe-y-letizia-durante-su-almuerzo-en-el-pardo","status":"publish","type":"post","link":"https:\/\/www.europesays.com\/es\/251643\/","title":{"rendered":"La regla de seguridad que se saltaron los Reyes Felipe y Letizia durante su almuerzo en El Pardo"},"content":{"rendered":"<p class=\"paragraph\">Con motivo del 50 aniversario de la democracia en Espa\u00f1a, la <b>Familia Real <\/b>ha celebrado en <b>El Pardo <\/b>un almuerzo que ha estado marcado por el blindaje del interior ante la prensa y su car\u00e1cter \u00edntimo y familiar. A su llegada a la hist\u00f3rica construcci\u00f3n donde se han reunido con numerosas figuras pertenecientes a la<b> dinast\u00eda de Borb\u00f3n<\/b> y Grecia, <b>Felipe VI <\/b>y su hija, la <b>Princesa Leonor<\/b>, se han saltado una<b> \u2018norma no escrita\u2019 <\/b>que vela por su integridad.<\/p>\n<p class=\"paragraph\">Se trata del precepto que, pese a no estar registrado en ning\u00fan lugar, indica que el Rey y el heredero o heredera no deben viajar en el mismo veh\u00edculo. Una premisa implantada para evitar que cualquier accidente o imprevisto llegue a afectar a los dos a la vez y pueda poner en riesgo la continuidad de la Corona. De esta manera, y tras llegar juntos y acompa\u00f1ados por la <b>Reina Letizia<\/b> y la<b> Infanta Sof\u00eda<\/b>, durante la jornada de ayer, esta indicaci\u00f3n qued\u00f3 totalmente diluida.<\/p>\n<p class=\"paragraph\">Lo cierto es que no es la primera vez que esto ocurre, el monarca y la primera en la l\u00ednea de sucesi\u00f3n al trono han compartido medio de transporte en otras ocasiones. Suele suceder en actos que no se encuentran dentro de sus obligaciones oficiales, como los primeros d\u00edas de colegio de sus hijas cuando eran peque\u00f1as o el trayecto hasta la casa de <b>Jes\u00fas Ortiz<\/b>, padre de la Reina, para comer el rosc\u00f3n de Reyes el 6 de enero.<\/p>\n<p class=\"paragraph\">Para los viajes, esta no es la \u00fanica indicaci\u00f3n que debe seguir la<b> Familia Real<\/b>. Con el fin de estar prevenidos, los Reyes tanto de Espa\u00f1a como de otras<b> Casas Reales<\/b>, deben incluir en su equipaje un estilismo oscuro por si en alg\u00fan momento tienen que acudir de forma inesperada a un entierro, actos en los que, por protocolo, deben vestir de riguroso luto.<\/p>\n<p>Los detalles del almuerzo<\/p>\n<p class=\"paragraph\">El sal\u00f3n de los Austrias fue el escenario en el que los asistentes disfrutaron de un c\u00f3ctel previo a la comida. Una vez sentados a la mesa, fueron agasajados con un exquisito men\u00fa servido por el <b>catering Alabardero<\/b>, del <b>Grupo Lezama<\/b>, que constaba de un primer plato \u2014boletus edulis\u2014, un segundo \u2014mero\u2014, postre y caf\u00e9.<\/p>\n<p class=\"c-detail__media__subtitle composite_image\">\n<p>        Do\u00f1a Sof\u00eda, a la salida del almuerzo familiarGTRES<\/p>\n<p class=\"paragraph\">Mientras los comensales degustaban el pase dulce, <b>Felipe VI<\/b>, micr\u00f3fono en mano, pronunci\u00f3 unas palabras en las que entrelaz\u00f3 lo institucional y lo personal y que emocionaron a sus padres, la <b>Reina Sof\u00eda<\/b> y el <b>Rey Juan Carlos<\/b>. Cuando finaliz\u00f3 el encuentro, el abuelo de la <b>Princesa Leonor <\/b>fue el primero en abandonar la finca. Tras \u00e9l lo hicieron el resto de los asistentes, a excepci\u00f3n de la <b>Reina Letizia <\/b>y sus hijas, que regresaron a su residencia saliendo por otro de los accesos de El Pardo en el que no estaba congregada la prensa.<\/p>\n<p class=\"paragraph\">Siguiendo los datos que maneja<b> Alejandro Entrambasaguas<\/b>, la Reina no se separ\u00f3 de sus hijas en ning\u00fan momento de la jornada, mostrando as\u00ed una actitud protectora ante la situaci\u00f3n a la que se estaban enfrentando. Esto se debe a que es el primer encuentro entre <b>Do\u00f1a Letizia<\/b> y al<b> Rey Juan Carlos <\/b>tras la publicaci\u00f3n de Reconciliaci\u00f3n, un libro de memorias que ha puesto de manifiesto la opini\u00f3n del padre del actual Rey de Espa\u00f1a en relaci\u00f3n al papel de Letizia respecto a la cohesi\u00f3n familiar.<\/p>\n","protected":false},"excerpt":{"rendered":"Con motivo del 50 aniversario de la democracia en Espa\u00f1a, la Familia Real ha celebrado en El Pardo&hellip;\n","protected":false},"author":2,"featured_media":251644,"comment_status":"","ping_status":"","sticky":false,"template":"","format":"standard","meta":{"footnotes":""},"categories":[91],"tags":[146,147,25,24,23],"class_list":{"0":"post-251643","1":"post","2":"type-post","3":"status-publish","4":"format-standard","5":"has-post-thumbnail","7":"category-entretenimiento","8":"tag-entertainment","9":"tag-entretenimiento","10":"tag-es","11":"tag-espana","12":"tag-spain"},"share_on_mastodon":{"url":"https:\/\/pubeurope.com\/@es\/115599854316043508","error":""},"_links":{"self":[{"href":"https:\/\/www.europesays.com\/es\/wp-json\/wp\/v2\/posts\/251643","targetHints":{"allow":["GET"]}}],"collection":[{"href":"https:\/\/www.europesays.com\/es\/wp-json\/wp\/v2\/posts"}],"about":[{"href":"https:\/\/www.europesays.com\/es\/wp-json\/wp\/v2\/types\/post"}],"author":[{"embeddable":true,"href":"https:\/\/www.europesays.com\/es\/wp-json\/wp\/v2\/users\/2"}],"replies":[{"embeddable":true,"href":"https:\/\/www.europesays.com\/es\/wp-json\/wp\/v2\/comments?post=251643"}],"version-history":[{"count":0,"href":"https:\/\/www.europesays.com\/es\/wp-json\/wp\/v2\/posts\/251643\/revisions"}],"wp:featuredmedia":[{"embeddable":true,"href":"https:\/\/www.europesays.com\/es\/wp-json\/wp\/v2\/media\/251644"}],"wp:attachment":[{"href":"https:\/\/www.europesays.com\/es\/wp-json\/wp\/v2\/media?parent=251643"}],"wp:term":[{"taxonomy":"category","embeddable":true,"href":"https:\/\/www.europesays.com\/es\/wp-json\/wp\/v2\/categories?post=251643"},{"taxonomy":"post_tag","embeddable":true,"href":"https:\/\/www.europesays.com\/es\/wp-json\/wp\/v2\/tags?post=251643"}],"curies":[{"name":"wp","href":"https:\/\/api.w.org\/{rel}","templated":true}]}}