{"id":251649,"date":"2025-11-23T16:04:10","date_gmt":"2025-11-23T16:04:10","guid":{"rendered":"https:\/\/www.europesays.com\/es\/251649\/"},"modified":"2025-11-23T16:04:10","modified_gmt":"2025-11-23T16:04:10","slug":"muere-una-mujer-tras-ser-atacada-por-un-ciervo-al-que-rescato-y-al-que-intentaba-domesticar","status":"publish","type":"post","link":"https:\/\/www.europesays.com\/es\/251649\/","title":{"rendered":"Muere una mujer tras ser atacada por un ciervo al que rescat\u00f3 y al que intentaba domesticar"},"content":{"rendered":"<p class=\"c-paragraph\">Una mujer de 64 a\u00f1os de edad ha muerto en Ohio, Estados Unidos, <b>tras ser atacada por un ciervo<\/b> al que rescat\u00f3 y al que intentaba domesticar en la granja en la que viv\u00eda.<\/p>\n<p class=\"c-paragraph\">Tal y como recoge <a href=\"https:\/\/nypost.com\/2025\/11\/22\/us-news\/ohio-woman-killed-by-deer-she-was-attempting-to-rehabilitate-in-an-enclosure-on-her-property\/\" rel=\"nofollow noreferrer noopener\" target=\"_blank\" title=\"Grandma mauled to death by deer she rescued \u2014 but controversy explodes over killer buck\">The New York Post<\/a>, <b>Jodi Proger<\/b> llevaba\u00a0los \u00faltimos 12 a\u00f1os rehabilitando ciervos de cola blanca en su propiedad de dos hect\u00e1reas en Stewartsville, Ohio, aproximadamente dos horas al sur de la ciudad de Akron.<\/p>\n<p class=\"c-paragraph\">Su muerte ocurri\u00f3 el pasado s\u00e1bado d\u00eda 15, cuando se qued\u00f3 <b>encerrada en el recinto <\/b>que usaba para cuidar a los ciervos con un ejemplar.\u00a0Los agentes de polic\u00eda del condado de Belmont se vieron obligados a disparar al ciervo para poder llegar a Proger, quien fue declarada muerta en la escena debido a sus heridas, que no fueron detalladas.<\/p>\n<p class=\"c-paragraph\">Jodi Proger comenz\u00f3 a salvar ciervos en 2013, despu\u00e9s de ser testigo c\u00f3mo una cierva era atropellada por un autom\u00f3vil en una carretera de Ohio. La mujer <b>se hizo cargo de su cervatillo de unos d\u00edas<\/b>, al que encontr\u00f3 en la carretera junto al cad\u00e1ver de su madre.<\/p>\n<p class=\"c-paragraph\">Tras una batalla legal, Proger pudo quedarse con el ciervo y decidi\u00f3 ampliar sus tareas de rescate.\u00a0Proger hab\u00eda llevado a su casa al menos otras <b>cuatro hembras y machos desde entonces.<\/b><\/p>\n<p class=\"c-paragraph\">La hija de Proger, Jennifer Bryan, declar\u00f3 su madre ten\u00eda licencia para cuidar a las criaturas y <b>\u00abconoc\u00eda los riesgos\u00bb<\/b> que conllevaba interactuar con una especie salvaje.<\/p>\n<p class=\"c-paragraph\">\u00abMi madre conoc\u00eda los peligros de tener ciervos\u00bb, dijo Bryan en declaraciones recogidas por el The New York Post. \u00abTrabaj\u00f3 en el condado de Belmont <b>rescatando y ayudando a muchos animales <\/b>a lo largo de su vida. Esta es una triste tragedia y merecemos respeto y tiempo para llorar\u00bb, concluy\u00f3.<\/p>\n","protected":false},"excerpt":{"rendered":"Una mujer de 64 a\u00f1os de edad ha muerto en Ohio, Estados Unidos, tras ser atacada por un&hellip;\n","protected":false},"author":2,"featured_media":251650,"comment_status":"","ping_status":"","sticky":false,"template":"","format":"standard","meta":{"footnotes":""},"categories":[42],"tags":[17,18,13,14,11,61,62,63,64,19,20,8938,2461,9,10,15,16,8643,12,575,21,22,20877,65,66,67],"class_list":{"0":"post-251649","1":"post","2":"type-post","3":"status-publish","4":"format-standard","5":"has-post-thumbnail","7":"category-internacional","8":"tag-breaking-news","9":"tag-breakingnews","10":"tag-featured-news","11":"tag-featurednews","12":"tag-headlines","13":"tag-internacional","14":"tag-international","15":"tag-international-news","16":"tag-internationalnews","17":"tag-latest-news","18":"tag-latestnews","19":"tag-muere","20":"tag-mujer","21":"tag-news","22":"tag-noticias","23":"tag-noticias-destacadas","24":"tag-noticiasdestacadas","25":"tag-ser","26":"tag-titulares","27":"tag-tras","28":"tag-ultimas-noticias","29":"tag-ultimasnoticias","30":"tag-una","31":"tag-world","32":"tag-world-news","33":"tag-worldnews"},"share_on_mastodon":{"url":"https:\/\/pubeurope.com\/@es\/115599865637822390","error":""},"_links":{"self":[{"href":"https:\/\/www.europesays.com\/es\/wp-json\/wp\/v2\/posts\/251649","targetHints":{"allow":["GET"]}}],"collection":[{"href":"https:\/\/www.europesays.com\/es\/wp-json\/wp\/v2\/posts"}],"about":[{"href":"https:\/\/www.europesays.com\/es\/wp-json\/wp\/v2\/types\/post"}],"author":[{"embeddable":true,"href":"https:\/\/www.europesays.com\/es\/wp-json\/wp\/v2\/users\/2"}],"replies":[{"embeddable":true,"href":"https:\/\/www.europesays.com\/es\/wp-json\/wp\/v2\/comments?post=251649"}],"version-history":[{"count":0,"href":"https:\/\/www.europesays.com\/es\/wp-json\/wp\/v2\/posts\/251649\/revisions"}],"wp:featuredmedia":[{"embeddable":true,"href":"https:\/\/www.europesays.com\/es\/wp-json\/wp\/v2\/media\/251650"}],"wp:attachment":[{"href":"https:\/\/www.europesays.com\/es\/wp-json\/wp\/v2\/media?parent=251649"}],"wp:term":[{"taxonomy":"category","embeddable":true,"href":"https:\/\/www.europesays.com\/es\/wp-json\/wp\/v2\/categories?post=251649"},{"taxonomy":"post_tag","embeddable":true,"href":"https:\/\/www.europesays.com\/es\/wp-json\/wp\/v2\/tags?post=251649"}],"curies":[{"name":"wp","href":"https:\/\/api.w.org\/{rel}","templated":true}]}}