{"id":25165,"date":"2025-08-04T14:21:08","date_gmt":"2025-08-04T14:21:08","guid":{"rendered":"https:\/\/www.europesays.com\/es\/25165\/"},"modified":"2025-08-04T14:21:08","modified_gmt":"2025-08-04T14:21:08","slug":"bruselas-suspendera-seis-meses-las-contramedidas-mientras-ultima-el-acuerdo-arancelario-con-trump","status":"publish","type":"post","link":"https:\/\/www.europesays.com\/es\/25165\/","title":{"rendered":"Bruselas suspender\u00e1 seis meses las contramedidas mientras ultima el acuerdo arancelario con Trump"},"content":{"rendered":"<p>04\/08\/2025<br \/>\n<br \/><strong><br \/>\nActualizado a las 16:10h.<br \/>\n<\/strong><\/p>\n<p class=\"voc-p\" style=\"\">La Comisi\u00f3n Europea dar\u00e1 este martes los pasos para suspender durante seis meses la respuesta dise\u00f1alada contra Estados Unidos si no se alcanza el <a href=\"https:\/\/www.abc.es\/internacional\/europa-resigna-arancelazo-eeuu-china-negocia-duro-20250729204846-nt.html\" title=\"www.abc.es\" data-voc-vtm-id=\"in-text-traffic\" data-mrf-link=\"www.abc.es\" rel=\"nofollow noopener\" target=\"_blank\">pacto arancelario<\/a> en el que trabaja con la Administraci\u00f3n de Estados Unidos para cerrar el acuerdo que fijar\u00e1 un gravamen m\u00e1ximo del 15% a los productos europeos.<\/p>\n<p class=\"voc-p\" style=\"\">El acuerdo pol\u00edtico alcanzado entre la presidenta de la Comisi\u00f3n Europea, Von der Leyen, y el presidente de Estados Unidos, Donald Trump, el \u00faltimo domingo de julio se concretar\u00e1 en un comunicado conjunto de las dos partes que, en todo caso <strong>no ser\u00e1 legalmente vinculante <\/strong>y se percibe como una hoja de ruta para la pol\u00edtica comercial entre ambos bloques.<\/p>\n<p class=\"voc-p\" style=\"\">\u00abLa UE sigue trabajando con Estados Unidos para ultimar una declaraci\u00f3n conjunta. Con estos objetivos en mente, la Comisi\u00f3n tomar\u00e1 las medidas necesarias para suspender durante seis meses las contramedidas de la UE contra los Estados Unidos, que <strong>deb\u00edan entrar en vigor el 7 de agosto<\/strong>\u00bb, ha indicado el portavoz comunitario de Comercio, Olof Gill.<\/p>\n<p class=\"voc-p\" style=\"\">Para ello, el Ejecutivo europeo tomar\u00e1 este martes por tr\u00e1mite de urgencia las <strong>medidas necesarias para suspender las represalias<\/strong>. La UE puso a punto una respuesta que implicaba medidas sobre 93.000 millones de euros en compras a Estados Unidos con las que reaccionar si fracasaban las negociaciones sobre la guerra arancelaria. Los planes de Bruselas pasaban por activar una primera tanda desde el 7 de agosto y dejar el grueso del recargo para su introducci\u00f3n en dos fases posteriores, en septiembre de este a\u00f1o y febrero de 2026.<\/p>\n<p>\nAcuerdo con Trump\n<\/p>\n<p class=\"voc-p\" style=\"\">En la capital comunitaria han defendido que el gravamen general del 15% es \u00abaceptable\u00bb, mientras <strong>este sea el l\u00edmite<\/strong>, incluya todas las tasas comerciales y no se acumule a otros aranceles. Frente a las cr\u00edticas, el comisario europeo de Comercio, Maros Sefcovic, subray\u00f3 que el acuerdo frena una guerra comercial de graves consecuencias y se refiri\u00f3 al pacto como el \u00abmejor acuerdo\u00bb que se logr\u00f3 en unas circunstancias \u00abmuy dif\u00edciles\u00bb.<\/p>\n<p class=\"voc-p\" style=\"\">A falta de un acuerdo concreto sobre <strong>algunos sectores que la UE busca que est\u00e9n exentos <\/strong>de aranceles, como el vino y las bebidas espirituosas, en Bruselas entienden que se les aplicar\u00e1 un arancel del 15%, siguiendo el gravamen general, mientras contin\u00faen las negociaciones.<\/p>\n<p>Reportar un error<\/p>\n","protected":false},"excerpt":{"rendered":"04\/08\/2025 Actualizado a las 16:10h. La Comisi\u00f3n Europea dar\u00e1 este martes los pasos para suspender durante seis meses&hellip;\n","protected":false},"author":2,"featured_media":25166,"comment_status":"","ping_status":"","sticky":false,"template":"","format":"standard","meta":{"footnotes":""},"categories":[42],"tags":[945,6217,17,18,2317,14088,13,14,11,61,62,63,64,19,20,1140,9,10,15,16,1139,14087,12,936,1885,21,22,65,66,67],"class_list":{"0":"post-25165","1":"post","2":"type-post","3":"status-publish","4":"format-standard","5":"has-post-thumbnail","7":"category-internacional","8":"tag-acuerdo","9":"tag-arancelario","10":"tag-breaking-news","11":"tag-breakingnews","12":"tag-bruselas","13":"tag-contramedidas","14":"tag-featured-news","15":"tag-featurednews","16":"tag-headlines","17":"tag-internacional","18":"tag-international","19":"tag-international-news","20":"tag-internationalnews","21":"tag-latest-news","22":"tag-latestnews","23":"tag-meses","24":"tag-news","25":"tag-noticias","26":"tag-noticias-destacadas","27":"tag-noticiasdestacadas","28":"tag-seis","29":"tag-suspendera","30":"tag-titulares","31":"tag-trump","32":"tag-ultima","33":"tag-ultimas-noticias","34":"tag-ultimasnoticias","35":"tag-world","36":"tag-world-news","37":"tag-worldnews"},"share_on_mastodon":{"url":"","error":""},"_links":{"self":[{"href":"https:\/\/www.europesays.com\/es\/wp-json\/wp\/v2\/posts\/25165","targetHints":{"allow":["GET"]}}],"collection":[{"href":"https:\/\/www.europesays.com\/es\/wp-json\/wp\/v2\/posts"}],"about":[{"href":"https:\/\/www.europesays.com\/es\/wp-json\/wp\/v2\/types\/post"}],"author":[{"embeddable":true,"href":"https:\/\/www.europesays.com\/es\/wp-json\/wp\/v2\/users\/2"}],"replies":[{"embeddable":true,"href":"https:\/\/www.europesays.com\/es\/wp-json\/wp\/v2\/comments?post=25165"}],"version-history":[{"count":0,"href":"https:\/\/www.europesays.com\/es\/wp-json\/wp\/v2\/posts\/25165\/revisions"}],"wp:featuredmedia":[{"embeddable":true,"href":"https:\/\/www.europesays.com\/es\/wp-json\/wp\/v2\/media\/25166"}],"wp:attachment":[{"href":"https:\/\/www.europesays.com\/es\/wp-json\/wp\/v2\/media?parent=25165"}],"wp:term":[{"taxonomy":"category","embeddable":true,"href":"https:\/\/www.europesays.com\/es\/wp-json\/wp\/v2\/categories?post=25165"},{"taxonomy":"post_tag","embeddable":true,"href":"https:\/\/www.europesays.com\/es\/wp-json\/wp\/v2\/tags?post=25165"}],"curies":[{"name":"wp","href":"https:\/\/api.w.org\/{rel}","templated":true}]}}