{"id":251651,"date":"2025-11-23T16:05:09","date_gmt":"2025-11-23T16:05:09","guid":{"rendered":"https:\/\/www.europesays.com\/es\/251651\/"},"modified":"2025-11-23T16:05:09","modified_gmt":"2025-11-23T16:05:09","slug":"dolores-delgado-y-baltasar-garzon-encabezan-la-protesta-ante-el-supremo-por-la-condena-al-fiscal-general","status":"publish","type":"post","link":"https:\/\/www.europesays.com\/es\/251651\/","title":{"rendered":"Dolores Delgado y Baltasar Garz\u00f3n encabezan la protesta ante el Supremo por la condena al fiscal General"},"content":{"rendered":"<p style=\"\">Varias decentas de personas se reunieron este domingo ante la sede del <strong>Tribunal Supremo<\/strong> en una protesta m\u00e1s simb\u00f3lica que multitudinaria para protestar contra la<a href=\"https:\/\/www.abc.es\/espana\/pedro-sanchez-muestra-discrepancia-condena-garcia-ortiz-20251123132654-nt.html\" title=\"www.abc.es\" data-voc-vtm-id=\"in-text-traffic\" data-mrf-link=\"www.abc.es\" rel=\"nofollow noopener\" target=\"_blank\"> condena al fiscal general del Estado, \u00c1lvaro Garc\u00eda Ortiz<\/a>. Diversos colectivos sociales y sindicales hab\u00edan llamado a mostrar  &#8230; rechazo, pero la asistencia, aunque ruidosa, no logr\u00f3 la presi\u00f3n visual que muchos daban por hecha. <\/p>\n<p class=\"voc-p\" style=\"\">Entre gritos de \u00abverg\u00fcenza\u00bb, \u00abgolpistas con toga\u00bb y \u00abesto es pol\u00edtica, no justicia\u00bb, los presentes criticaron la decisi\u00f3n del alto tribunal, que avanz\u00f3 una pena de dos a\u00f1os de inhabilitaci\u00f3n y 7.200 euros de multa por un delito de revelaci\u00f3n de datos reservados, a ra\u00edz de la filtraci\u00f3n de un correo que apuntaba a un fraude fiscal de la pareja de <strong>Isabel D\u00edaz Ayuso<\/strong>.<\/p>\n<p class=\"voc-p\" style=\"\">La presencia de figuras como la exfiscal general <strong>Dolores Delgado<\/strong> y su pareja, el exjuez <strong>Baltasar Garz\u00f3n<\/strong> a\u00f1adi\u00f3 densidad al acto, aunque no consigui\u00f3 elevar el volumen de una concentraci\u00f3n que, por momentos, parec\u00eda m\u00e1s un gesto de resistencia que una demostraci\u00f3n de fuerza. Garz\u00f3n, <strong>condenado a once a\u00f1os de inhabilitaci\u00f3n por el Supremo en el caso G\u00fcrtel<\/strong>, calific\u00f3 el fallo contra Garc\u00eda Ortiz de \u00abinjusto\u00bb y \u00abarbitrario\u00bb. Critic\u00f3, adem\u00e1s, que se adelantara sin explicar los fundamentos jur\u00eddicos, un movimiento que, seg\u00fan sostuvo, \u00abrevictimiza\u00bb al fiscal y alimenta el \u00abdesasosiego\u00bb institucional.<\/p>\n<p class=\"voc-p\" style=\"\">Ese malestar impregn\u00f3 el ambiente, pero tambi\u00e9n dej\u00f3 al descubierto el contraste entre la indignaci\u00f3n expresada y la limitada capacidad de movilizaci\u00f3n. Garz\u00f3n advirti\u00f3 de que decisiones como esta erosionan la confianza en la justicia, que la ciudadan\u00eda espera <strong>\u00abclara, justa y comprensible\u00bb<\/strong>. <\/p>\n<p class=\"voc-p\" style=\"\">El manifiesto le\u00eddo en la concentraci\u00f3n, obra de participantes an\u00f3nimos sobre el papel al menos \u2014\u00abgente de a pie, dem\u00f3cratas\u00bb, \u00absin siglas ni banderas\u00bb\u2014, denunci\u00f3 una posible vulneraci\u00f3n de la presunci\u00f3n de inocencia y la falta de peso otorgado a testigos clave de la defensa. <strong>Javier \u00c1lvarez<\/strong>, el encargado de leerlo, resumi\u00f3 su postura con una cr\u00edtica directa al Supremo por actuar \u00abcon una clara intenci\u00f3n pol\u00edtica\u00bb. <\/p>\n","protected":false},"excerpt":{"rendered":"Varias decentas de personas se reunieron este domingo ante la sede del Tribunal Supremo en una protesta m\u00e1s&hellip;\n","protected":false},"author":2,"featured_media":251652,"comment_status":"","ping_status":"","sticky":false,"template":"","format":"standard","meta":{"footnotes":""},"categories":[8],"tags":[1575,33912,17,18,793,12919,3050,27239,25,24,13,14,6987,17446,3015,11,19,20,9,10,15,16,7602,23,8312,12,21,22],"class_list":{"0":"post-251651","1":"post","2":"type-post","3":"status-publish","4":"format-standard","5":"has-post-thumbnail","7":"category-espana","8":"tag-ante","9":"tag-baltasar","10":"tag-breaking-news","11":"tag-breakingnews","12":"tag-condena","13":"tag-delgado","14":"tag-dolores","15":"tag-encabezan","16":"tag-es","17":"tag-espana","18":"tag-featured-news","19":"tag-featurednews","20":"tag-fiscal","21":"tag-garzon","22":"tag-general","23":"tag-headlines","24":"tag-latest-news","25":"tag-latestnews","26":"tag-news","27":"tag-noticias","28":"tag-noticias-destacadas","29":"tag-noticiasdestacadas","30":"tag-protesta","31":"tag-spain","32":"tag-supremo","33":"tag-titulares","34":"tag-ultimas-noticias","35":"tag-ultimasnoticias"},"share_on_mastodon":{"url":"https:\/\/pubeurope.com\/@es\/115599869564643238","error":""},"_links":{"self":[{"href":"https:\/\/www.europesays.com\/es\/wp-json\/wp\/v2\/posts\/251651","targetHints":{"allow":["GET"]}}],"collection":[{"href":"https:\/\/www.europesays.com\/es\/wp-json\/wp\/v2\/posts"}],"about":[{"href":"https:\/\/www.europesays.com\/es\/wp-json\/wp\/v2\/types\/post"}],"author":[{"embeddable":true,"href":"https:\/\/www.europesays.com\/es\/wp-json\/wp\/v2\/users\/2"}],"replies":[{"embeddable":true,"href":"https:\/\/www.europesays.com\/es\/wp-json\/wp\/v2\/comments?post=251651"}],"version-history":[{"count":0,"href":"https:\/\/www.europesays.com\/es\/wp-json\/wp\/v2\/posts\/251651\/revisions"}],"wp:featuredmedia":[{"embeddable":true,"href":"https:\/\/www.europesays.com\/es\/wp-json\/wp\/v2\/media\/251652"}],"wp:attachment":[{"href":"https:\/\/www.europesays.com\/es\/wp-json\/wp\/v2\/media?parent=251651"}],"wp:term":[{"taxonomy":"category","embeddable":true,"href":"https:\/\/www.europesays.com\/es\/wp-json\/wp\/v2\/categories?post=251651"},{"taxonomy":"post_tag","embeddable":true,"href":"https:\/\/www.europesays.com\/es\/wp-json\/wp\/v2\/tags?post=251651"}],"curies":[{"name":"wp","href":"https:\/\/api.w.org\/{rel}","templated":true}]}}