{"id":251655,"date":"2025-11-23T16:10:11","date_gmt":"2025-11-23T16:10:11","guid":{"rendered":"https:\/\/www.europesays.com\/es\/251655\/"},"modified":"2025-11-23T16:10:11","modified_gmt":"2025-11-23T16:10:11","slug":"triunfo-de-ricardo-gonzalez-y-angel-cabrera-en-termas","status":"publish","type":"post","link":"https:\/\/www.europesays.com\/es\/251655\/","title":{"rendered":"Triunfo de Ricardo Gonz\u00e1lez y \u00c1ngel Cabrera en Termas"},"content":{"rendered":"<p><img fetchpriority=\"high\" decoding=\"async\" class=\"size-full wp-image-117457\" src=\"https:\/\/www.europesays.com\/es\/wp-content\/uploads\/2025\/11\/ricardo-angel.jpg\" alt=\"\" width=\"2490\" height=\"1282\"  \/><\/p>\n<p>Cabrera y Gonz\u00e1lez, que se lucieron esta temporada en el PGA Tour Champions, el circuito m\u00e1s exigente del planeta para mayores de 50 a\u00f1os, cerraron con un gran score de 59 golpes, -14, que sumados a las dos primeras rondas de 63, les dieron la victoria por amplio margen sobre sus inmediatos perseguidores. En el segundo puesto, con 199 golpes, catorce m\u00e1s que los ganadores, finaliz\u00f3 otra de las parejas fuertes de este torneo, integrada por Ariel Ca\u00f1ete y Rafa G\u00f3mez.<\/p>\n<p>Terceros, con 204, se ubicaron Fernando San Mart\u00edn-Andr\u00e9s Serra, mientras que el cuarto puesto, con 205, le correspondi\u00f3 a Gustavo Acosta y Walter Pav\u00f3n. Completaron los primeros puestos Jos\u00e9 Romero-Julio N\u00fa\u00f1ez, 5tos, con 207, y Jorge Berendt-Gustavo Rojas, y Hugo Centuri\u00f3n-Sixto Arteaga, sextos con 210.<\/p>\n<p>\u00a0<\/p>\n","protected":false},"excerpt":{"rendered":"Cabrera y Gonz\u00e1lez, que se lucieron esta temporada en el PGA Tour Champions, el circuito m\u00e1s exigente del&hellip;\n","protected":false},"author":2,"featured_media":251656,"comment_status":"","ping_status":"","sticky":false,"template":"","format":"standard","meta":{"footnotes":""},"categories":[275],"tags":[168,25,24,329,23,167],"class_list":{"0":"post-251655","1":"post","2":"type-post","3":"status-publish","4":"format-standard","5":"has-post-thumbnail","7":"category-golf","8":"tag-deportes","9":"tag-es","10":"tag-espana","11":"tag-golf","12":"tag-spain","13":"tag-sports"},"share_on_mastodon":{"url":"https:\/\/pubeurope.com\/@es\/115599889884478524","error":""},"_links":{"self":[{"href":"https:\/\/www.europesays.com\/es\/wp-json\/wp\/v2\/posts\/251655","targetHints":{"allow":["GET"]}}],"collection":[{"href":"https:\/\/www.europesays.com\/es\/wp-json\/wp\/v2\/posts"}],"about":[{"href":"https:\/\/www.europesays.com\/es\/wp-json\/wp\/v2\/types\/post"}],"author":[{"embeddable":true,"href":"https:\/\/www.europesays.com\/es\/wp-json\/wp\/v2\/users\/2"}],"replies":[{"embeddable":true,"href":"https:\/\/www.europesays.com\/es\/wp-json\/wp\/v2\/comments?post=251655"}],"version-history":[{"count":0,"href":"https:\/\/www.europesays.com\/es\/wp-json\/wp\/v2\/posts\/251655\/revisions"}],"wp:featuredmedia":[{"embeddable":true,"href":"https:\/\/www.europesays.com\/es\/wp-json\/wp\/v2\/media\/251656"}],"wp:attachment":[{"href":"https:\/\/www.europesays.com\/es\/wp-json\/wp\/v2\/media?parent=251655"}],"wp:term":[{"taxonomy":"category","embeddable":true,"href":"https:\/\/www.europesays.com\/es\/wp-json\/wp\/v2\/categories?post=251655"},{"taxonomy":"post_tag","embeddable":true,"href":"https:\/\/www.europesays.com\/es\/wp-json\/wp\/v2\/tags?post=251655"}],"curies":[{"name":"wp","href":"https:\/\/api.w.org\/{rel}","templated":true}]}}