{"id":251657,"date":"2025-11-23T16:11:11","date_gmt":"2025-11-23T16:11:11","guid":{"rendered":"https:\/\/www.europesays.com\/es\/251657\/"},"modified":"2025-11-23T16:11:11","modified_gmt":"2025-11-23T16:11:11","slug":"djokovic-aparece-en-el-camino-de-espana-en-la-davis-de-2026","status":"publish","type":"post","link":"https:\/\/www.europesays.com\/es\/251657\/","title":{"rendered":"Djokovic aparece en el camino de Espa\u00f1a en la Davis de 2026"},"content":{"rendered":"<p class=\"\">Sin ni siquiera haber terminado su participaci\u00f3n en la <a href=\"https:\/\/as.com\/tenis\/copa_davis\/\" target=\"_blank\" rel=\"noreferrer nofollow noopener\" title=\"https:\/\/as.com\/tenis\/copa_davis\/\">Final a 8 de la Copa Davis de 2025<\/a>, <b>la Selecci\u00f3n espa\u00f1ola ya sabe el camino que tendr\u00e1 que recorrer para estar en la cita del a\u00f1o que viene.<\/b> Este domingo, antes de comenzar el duelo por el t\u00edtulo entre Espa\u00f1a e Italia (15:00, M+), la Fiera di Bologna acogi\u00f3 el sorteo de los Qualifiers de la copa del mundo de 2026 a trav\u00e9s de los cuales se consiguen los siete billetes disponibles para la fase final (Italia est\u00e1 autom\u00e1ticamente clasificada por ser la anfitriona nuevamente). Por su condici\u00f3n de finalista de esta edici\u00f3n, el equipo de David Ferrer fue el primer cabeza de serie en el sorteo, por lo que es <b>la \u00fanica selecci\u00f3n que se libra de participar en la primera ronda<\/b>, la cual se disputa en febrero, poco despu\u00e9s del Open de Australia.<\/p>\n<p class=\"\">Liberada de esa obligaci\u00f3n, por la cual este a\u00f1o a la Selecci\u00f3n le toc\u00f3 competir en Biel (Suiza), la Armada no tendr\u00e1 que volver a competir hasta el mes de septiembre, despu\u00e9s del US Open, cuando se dispute la segunda y \u00faltima ronda de Qualifiers. All\u00ed, en una sede todav\u00eda por determinar (si Espa\u00f1a gana este domingo la Davis se asegurar\u00e1 ser local), el combinado nacional<b> se medir\u00e1 con el vencedor de la eliminatoria entre Chile y Serbia de febrero.<\/b> El duelo se disputar\u00e1 en el pa\u00eds andino, con la duda de si Novak Djokovic representar\u00e1 a los balc\u00e1nicos, que este a\u00f1o no consiguieron el billete a la Final a 8. Podr\u00eda haber, claro, un Djokovic-Alcaraz, aunque depende primero del \u00e9xito serbio y, luego, de si las dos estrellas acudir\u00e1n o no.<\/p>\n<p><img decoding=\"async\" src=\"https:\/\/www.europesays.com\/es\/wp-content\/uploads\/2025\/11\/ZWUJSWKYXND5XI6PHIE6K5BJRQ.jpg\" alt=\"Djokovic aparece en el camino de Espa\u00f1a en la Davis de 2026\" height=\"900\" width=\"1600\"   loading=\"lazy\"\/><\/p>\n<p class=\"\">La Davis es uno de los grandes objetivos que tiene Nole en su carrera, que el a\u00f1o que viene cumplir\u00e1 39 primaveras. El serbio, campe\u00f3n de la copa del mundo en 2010, tuvo la oportunidad de atrapar otra Ensaladera en 2023, aunque la Italia de Jannik Sinner fue superior en la final. En numerosas ocasiones, Djokovic ha reiterado su compromiso con la selecci\u00f3n de su pa\u00eds, que <b>en esta temporada fue eliminada en los Qualifiers de febrero, sin Novak, por Dinamarca, que remont\u00f3 un 0-2 de desventaja. <\/b>Habr\u00e1 que ver, eso s\u00ed, si afectan los recientes problemas que ha tenido Djokovic con el gobierno de su pa\u00eds tras mostrarse a favor de las protestas estudiantiles que hubo, motivo por el cual traslad\u00f3 su residencia a Atenas.<\/p>\n<p class=\"\">En el resto de sorteo realizado en Bolonia, que tiene dos a\u00f1os m\u00e1s de contrato como sede de la Final a 8, Alemania, segunda cabeza de serie y recientemente eliminada por Espa\u00f1a, recibir\u00e1 a Per\u00fa en la primera ronda, y en la segunda tendr\u00e1 que medirse con el vencedor del duro duelo entre Dinamarca y Croacia. Australia, tercera favorita, tendr\u00e1 un tedioso viaje a Ecuador, igual que Argentina a Corea del Sur, o Estados Unidos a Hungr\u00eda. La gran bomba es que puede haber reedici\u00f3n del <b>duelo entre Estados Unidos y Chequia que ya hubo este curso en la segunda ronda de Qualifiers<\/b>, dejando a uno de los grandes cocos de la Davis fuera de la fase final.<\/p>\n<p>Noticias relacionadas<\/p>\n<p class=\"\"><b>\u00a1Tus opiniones importan!<\/b> Comenta en los art\u00edculos y suscr\u00edbete gratis a nuestra <a href=\"https:\/\/asfan.as.com\/newsletters\/\" target=\"_blank\" rel=\"nofollow noopener\" title=\"https:\/\/asfan.as.com\/newsletters\/\">newsletter<\/a> y a las alertas informativas en la <a href=\"https:\/\/as.com\/aplicacion-de-as-n\/\" target=\"_blank\" rel=\"nofollow noopener\" title=\"https:\/\/as.com\/aplicacion-de-as-n\/\">App<\/a> o el canal de <a href=\"https:\/\/www.whatsapp.com\/channel\/0029VaAasdA7j6g745nz9M10\" target=\"_blank\" rel=\"nofollow noopener\" title=\"https:\/\/www.whatsapp.com\/channel\/0029VaAasdA7j6g745nz9M10\">WhatsApp<\/a>. <\/p>\n<p class=\"\">\u00bfBuscas licenciar contenido? Haz clic <a href=\"https:\/\/profesional.elpais.com\/soluciones-sindicacion?utm_medium=interno&amp;utm_source=crosslinking&amp;utm_campaign=sindicacion_as_pie_articulos\" target=\"_blank\" rel=\"nofollow noopener\" title=\"https:\/\/profesional.elpais.com\/soluciones-sindicacion?utm_medium=interno&amp;utm_source=crosslinking&amp;utm_campaign=sindicacion_as_pie_articulos\">aqu\u00ed<\/a><\/p>\n","protected":false},"excerpt":{"rendered":"Sin ni siquiera haber terminado su participaci\u00f3n en la Final a 8 de la Copa Davis de 2025,&hellip;\n","protected":false},"author":2,"featured_media":251658,"comment_status":"","ping_status":"","sticky":false,"template":"","format":"standard","meta":{"footnotes":""},"categories":[274],"tags":[168,25,24,23,167,327,326],"class_list":{"0":"post-251657","1":"post","2":"type-post","3":"status-publish","4":"format-standard","5":"has-post-thumbnail","7":"category-tenis","8":"tag-deportes","9":"tag-es","10":"tag-espana","11":"tag-spain","12":"tag-sports","13":"tag-tenis","14":"tag-tennis"},"share_on_mastodon":{"url":"https:\/\/pubeurope.com\/@es\/115599893510557488","error":""},"_links":{"self":[{"href":"https:\/\/www.europesays.com\/es\/wp-json\/wp\/v2\/posts\/251657","targetHints":{"allow":["GET"]}}],"collection":[{"href":"https:\/\/www.europesays.com\/es\/wp-json\/wp\/v2\/posts"}],"about":[{"href":"https:\/\/www.europesays.com\/es\/wp-json\/wp\/v2\/types\/post"}],"author":[{"embeddable":true,"href":"https:\/\/www.europesays.com\/es\/wp-json\/wp\/v2\/users\/2"}],"replies":[{"embeddable":true,"href":"https:\/\/www.europesays.com\/es\/wp-json\/wp\/v2\/comments?post=251657"}],"version-history":[{"count":0,"href":"https:\/\/www.europesays.com\/es\/wp-json\/wp\/v2\/posts\/251657\/revisions"}],"wp:featuredmedia":[{"embeddable":true,"href":"https:\/\/www.europesays.com\/es\/wp-json\/wp\/v2\/media\/251658"}],"wp:attachment":[{"href":"https:\/\/www.europesays.com\/es\/wp-json\/wp\/v2\/media?parent=251657"}],"wp:term":[{"taxonomy":"category","embeddable":true,"href":"https:\/\/www.europesays.com\/es\/wp-json\/wp\/v2\/categories?post=251657"},{"taxonomy":"post_tag","embeddable":true,"href":"https:\/\/www.europesays.com\/es\/wp-json\/wp\/v2\/tags?post=251657"}],"curies":[{"name":"wp","href":"https:\/\/api.w.org\/{rel}","templated":true}]}}