{"id":251659,"date":"2025-11-23T16:12:18","date_gmt":"2025-11-23T16:12:18","guid":{"rendered":"https:\/\/www.europesays.com\/es\/251659\/"},"modified":"2025-11-23T16:12:18","modified_gmt":"2025-11-23T16:12:18","slug":"cada-pueblo-tenia-una-carrera","status":"publish","type":"post","link":"https:\/\/www.europesays.com\/es\/251659\/","title":{"rendered":"Cada pueblo ten\u00eda una carrera"},"content":{"rendered":"<p><a class=\"v-mdl-ath__fig-a\" href=\"https:\/\/www.diariovasco.com\/autor\/inaki-izquierdo-1479.html\" title=\"I\u00f1aki Izquierdo\" rel=\"nofollow noopener\" target=\"_blank\"><br \/>\n<img decoding=\"async\" class=\"v-mdl-ath__img\" src=\"https:\/\/www.europesays.com\/es\/wp-content\/uploads\/2025\/10\/autor-1479-foto-1.jpeg\" alt=\"I\u00f1aki Izquierdo\"\/><br \/>\n<\/a><\/p>\n<p class=\"v-mdl-ath__p v-mdl-ath__p--6\">\nDomingo, 23 de noviembre 2025, 01:00<\/p>\n<p class=\"v-p\">El ciclismo es una religi\u00f3n en Gipuzkoa y Jaime Ugarte puede dar fe, con una vida dedicada al deporte de la bicicleta en todas sus facetas. \u00abYo corr\u00ed un ciclo-cross en el Paseo Nuevo de San Sebasti\u00e1n y se hizo otro en Ulia con meta en el Kursaal\u00bb, recuerda, pero su figura destaca como federativo y organizador. Sostiene que\u00aben Gipuzkoa el ciclismo siempre ha sido diferente. Ha sido lo m\u00e1s y ahora, pese a las dificultades, sigue siendo de lo mejor\u00bb. Recuerda que \u00abla pasi\u00f3n por el ciclismo en los pueblos era incre\u00edble. Cuando estaba la frente de la federaci\u00f3n, lleg\u00e1bamos a tener 500 corredores en las escuelas. Hab\u00eda tres carreras todos los domingos. Cada pueblo ten\u00eda una o varias. Era impensable un programa de fiestas sin carrera ciclista\u00bb.<\/p>\n<p class=\"v-p\">Jaime Ugarte cree que \u00abha habido mucha afici\u00f3n porque en Gipuzkoa ha habido corredores de lo mejorcito y arrastraban gente a las carreras. Ahora, al no haber nombres de casa, eso merma. Que haya ciclistas de casa, rivalidad, es importante para el aficionado\u00bb.<\/p>\n<p class=\"v-p\">Presidente de la Guipuzcoana y creador de la Vasca tras el franquismo, Ugarte presidi\u00f3 Organizaciones Deportivas El Diario Vasco, donde \u00abinventamos la Cl\u00e1sica de San Sebasti\u00e1n y las Seis Horas de Euskadi y retomamos la Vuelta al Pa\u00eds Vasco, gracias al apoyo del peri\u00f3dico. En Gipuzkoa tambi\u00e9n se hicieron dos Mundiales de pista, uno al aire libre y otro ya con la cubierta. El vel\u00f3dromo fue vital, lo mejor que se pudo hacer\u00bb, recuerda. Tampoco olvida otro factor: \u00abLos fabricantes, tanto de bicis, famosos en la zona de Eibar, como de ropa y otros materiales, lo que tambi\u00e9n explica la importancia del ciclismo en Gipuzkoa\u00bb.<\/p>\n<p>Reporta un error<\/p>\n","protected":false},"excerpt":{"rendered":"Domingo, 23 de noviembre 2025, 01:00 El ciclismo es una religi\u00f3n en Gipuzkoa y Jaime Ugarte puede dar&hellip;\n","protected":false},"author":2,"featured_media":251660,"comment_status":"","ping_status":"","sticky":false,"template":"","format":"standard","meta":{"footnotes":""},"categories":[273],"tags":[4860,313,63701,312,168,25,24,4899,23,167],"class_list":{"0":"post-251659","1":"post","2":"type-post","3":"status-publish","4":"format-standard","5":"has-post-thumbnail","7":"category-ciclismo","8":"tag-carrera","9":"tag-ciclismo","10":"tag-ciclismocada","11":"tag-cycling","12":"tag-deportes","13":"tag-es","14":"tag-espana","15":"tag-pueblo","16":"tag-spain","17":"tag-sports"},"share_on_mastodon":{"url":"https:\/\/pubeurope.com\/@es\/115599897267071124","error":""},"_links":{"self":[{"href":"https:\/\/www.europesays.com\/es\/wp-json\/wp\/v2\/posts\/251659","targetHints":{"allow":["GET"]}}],"collection":[{"href":"https:\/\/www.europesays.com\/es\/wp-json\/wp\/v2\/posts"}],"about":[{"href":"https:\/\/www.europesays.com\/es\/wp-json\/wp\/v2\/types\/post"}],"author":[{"embeddable":true,"href":"https:\/\/www.europesays.com\/es\/wp-json\/wp\/v2\/users\/2"}],"replies":[{"embeddable":true,"href":"https:\/\/www.europesays.com\/es\/wp-json\/wp\/v2\/comments?post=251659"}],"version-history":[{"count":0,"href":"https:\/\/www.europesays.com\/es\/wp-json\/wp\/v2\/posts\/251659\/revisions"}],"wp:featuredmedia":[{"embeddable":true,"href":"https:\/\/www.europesays.com\/es\/wp-json\/wp\/v2\/media\/251660"}],"wp:attachment":[{"href":"https:\/\/www.europesays.com\/es\/wp-json\/wp\/v2\/media?parent=251659"}],"wp:term":[{"taxonomy":"category","embeddable":true,"href":"https:\/\/www.europesays.com\/es\/wp-json\/wp\/v2\/categories?post=251659"},{"taxonomy":"post_tag","embeddable":true,"href":"https:\/\/www.europesays.com\/es\/wp-json\/wp\/v2\/tags?post=251659"}],"curies":[{"name":"wp","href":"https:\/\/api.w.org\/{rel}","templated":true}]}}