{"id":251661,"date":"2025-11-23T16:14:13","date_gmt":"2025-11-23T16:14:13","guid":{"rendered":"https:\/\/www.europesays.com\/es\/251661\/"},"modified":"2025-11-23T16:14:13","modified_gmt":"2025-11-23T16:14:13","slug":"los-records-que-ha-establecido-el-baskonia-con-71-puntos-anotados-solo-en-la-primera-parte-en-el-derbi","status":"publish","type":"post","link":"https:\/\/www.europesays.com\/es\/251661\/","title":{"rendered":"Los r\u00e9cords que ha establecido el Baskonia con 71 puntos anotados s\u00f3lo en la primera parte en el derbi"},"content":{"rendered":"<p><a class=\"v-mdl-ath__fig-a\" href=\"https:\/\/www.elcorreo.com\/autor\/ivan-benito-4702.html\" title=\"Iv\u00e1n Benito\" rel=\"nofollow noopener\" target=\"_blank\"><br \/>\n<img decoding=\"async\" class=\"v-mdl-ath__img\" src=\"https:\/\/www.europesays.com\/es\/wp-content\/uploads\/2025\/10\/autor-4702-foto-1.jpeg\" alt=\"Iv\u00e1n Benito\"\/><br \/>\n<\/a><\/p>\n<p class=\"v-mdl-ath__p v-mdl-ath__p--6\">\nDomingo, 23 de noviembre 2025, 13:43<\/p>\n<p>| Actualizado 14:20h.<\/p>\n<p class=\"v-p\">El Baskonia se ha dado el paseo oto\u00f1al m\u00e1s apacible en lo que va de siglo en la ACB. Los 71 puntos anotados contra el Bilbao Basket a la llegada del descanso supone la mayor cifra anotadora en una primera parte desde 1996. No hay 20 minutos m\u00e1s avasalladores en ataque en los \u00faltimos 29 a\u00f1os. <\/p>\n<p class=\"v-p\">La Liga Endesa no ve\u00eda una anotaci\u00f3n tan elevada al descanso desde los 70 puntos logrados por el Real Madrid en el a\u00f1o 2008 frente al Capitol Valladolid. Aquella vez, los blancos llegaron a la media parte con mayor ventaja, con 70-40 en el marcador ante el conjunto castellano. El Bilbao Basket al menos ha llegado a los 46. En t\u00e9rminos generales, los de Galbiati se quedan como el cuarto equipo que m\u00e1s puntos ha logrado tras los dos primeros periodos en toda la historia de la liga, que en tiempo pret\u00e9ritos luc\u00eda anotaciones y diferencias mucho m\u00e1s grandes.<\/p>\n<p class=\"v-p\">A nivel de club, el Baskonia liderado por Cabarrot, con 17 puntos (5de 5 en triples), logra su primer parte m\u00e1s anotadora de su historia, tanto en ACB como en Euroliga. Adem\u00e1s, tambi\u00e9n bate de esta forma los 65 tantos que registr\u00f3 en la segunda mitad ante UCAM Murcia (65-38) el 7 de octubre de 2016. El resultado final fue 87-75.<\/p>\n<p class=\"v-p\"> El segundo cuarto ha sido un vendaval azulgrana, que con 38 puntos se ha quedado a solo uno de su mejor marca en la historia. En diciembre de 2022, el conjunto vitoriano anot\u00f3 39 puntos en el tercer cuarto ante Fuenlabrada (39-12). El resultado final fue 102-88.<\/p>\n<p>Reporta un error<\/p>\n","protected":false},"excerpt":{"rendered":"Domingo, 23 de noviembre 2025, 13:43 | Actualizado 14:20h. El Baskonia se ha dado el paseo oto\u00f1al m\u00e1s&hellip;\n","protected":false},"author":2,"featured_media":251662,"comment_status":"","ping_status":"","sticky":false,"template":"","format":"standard","meta":{"footnotes":""},"categories":[269],"tags":[63702,299,298,4714,168,18298,25,24,8416,863,1078,6417,5590,1138,23,167],"class_list":{"0":"post-251661","1":"post","2":"type-post","3":"status-publish","4":"format-standard","5":"has-post-thumbnail","7":"category-baloncesto","8":"tag-anotados","9":"tag-baloncesto","10":"tag-basketball","11":"tag-baskonia","12":"tag-deportes","13":"tag-derbi","14":"tag-es","15":"tag-espana","16":"tag-establecido","17":"tag-parte","18":"tag-primera","19":"tag-puntos","20":"tag-records","21":"tag-solo","22":"tag-spain","23":"tag-sports"},"share_on_mastodon":{"url":"https:\/\/pubeurope.com\/@es\/115599905983124503","error":""},"_links":{"self":[{"href":"https:\/\/www.europesays.com\/es\/wp-json\/wp\/v2\/posts\/251661","targetHints":{"allow":["GET"]}}],"collection":[{"href":"https:\/\/www.europesays.com\/es\/wp-json\/wp\/v2\/posts"}],"about":[{"href":"https:\/\/www.europesays.com\/es\/wp-json\/wp\/v2\/types\/post"}],"author":[{"embeddable":true,"href":"https:\/\/www.europesays.com\/es\/wp-json\/wp\/v2\/users\/2"}],"replies":[{"embeddable":true,"href":"https:\/\/www.europesays.com\/es\/wp-json\/wp\/v2\/comments?post=251661"}],"version-history":[{"count":0,"href":"https:\/\/www.europesays.com\/es\/wp-json\/wp\/v2\/posts\/251661\/revisions"}],"wp:featuredmedia":[{"embeddable":true,"href":"https:\/\/www.europesays.com\/es\/wp-json\/wp\/v2\/media\/251662"}],"wp:attachment":[{"href":"https:\/\/www.europesays.com\/es\/wp-json\/wp\/v2\/media?parent=251661"}],"wp:term":[{"taxonomy":"category","embeddable":true,"href":"https:\/\/www.europesays.com\/es\/wp-json\/wp\/v2\/categories?post=251661"},{"taxonomy":"post_tag","embeddable":true,"href":"https:\/\/www.europesays.com\/es\/wp-json\/wp\/v2\/tags?post=251661"}],"curies":[{"name":"wp","href":"https:\/\/api.w.org\/{rel}","templated":true}]}}