{"id":251667,"date":"2025-11-23T16:19:12","date_gmt":"2025-11-23T16:19:12","guid":{"rendered":"https:\/\/www.europesays.com\/es\/251667\/"},"modified":"2025-11-23T16:19:12","modified_gmt":"2025-11-23T16:19:12","slug":"rocio-carrasco-en-defensa-de-alba-carrillo-tras-sus-duras-criticas-a-hasta-al-fin-del-mundo-tve","status":"publish","type":"post","link":"https:\/\/www.europesays.com\/es\/251667\/","title":{"rendered":"Roc\u00edo Carrasco, en defensa de Alba Carrillo tras sus duras cr\u00edticas a &#8216;Hasta al fin del mundo&#8217; (TVE)"},"content":{"rendered":"\n<p> Con tan solo dos programas de emisi\u00f3n, <a href=\"https:\/\/www.elconfidencial.com\/television\/programas-tv\/2025-11-12\/hasta-el-fin-del-mundo-tve-estreno-mecanica_4245884\/\" target=\"_self\" rel=\"nofollow noopener\">Hasta el fin del mundo<\/a> tiene todas las papeletas para convertirse en uno de los formatos revelaci\u00f3n de la temporada en <a href=\"https:\/\/www.elconfidencial.com\/television\/programas-tv\/2025-11-21\/andreu-buenafuente-tve-baja-medica-desaparece-campanadas_4252175\/\" target=\"_self\" rel=\"nofollow noopener\">Televisi\u00f3n Espa\u00f1ola<\/a>. As\u00ed lo corroboran, por el momento, sus datos de audiencia,<strong> que mejoraron hasta el 15,1% de cuota de pantalla y 991.000 espectadores<\/strong> el pasado mi\u00e9rcoles. <\/p>\n<p> Y es que el \u00e9xito del programa no est\u00e1 exento de pol\u00e9mica. Tras su primera emisi\u00f3n en TVE, <a href=\"https:\/\/www.elconfidencial.com\/television\/programas-tv\/2025-11-18\/alba-carrillo-hasta-el-fin-del-mundo-tve_4249736\/\" target=\"_self\" rel=\"nofollow noopener\">Alba Carrillo<\/a>, una de las participantes del reality de aventuras presentado por Paula V\u00e1zquez, <strong>estallaba a trav\u00e9s de redes sociales contra la edici\u00f3n del formato.<\/strong> La colaboradora televisiva critic\u00f3 c\u00f3mo Hasta el fin del mundo estaba centrando su viaje por Am\u00e9rica Latina en los conflictos que ha vivido con su pareja de concurso, <a href=\"https:\/\/www.elconfidencial.com\/television\/programas-tv\/2025-11-20\/alba-carrillo-cristina-cifuentes-hasta-el-fin-del-mundo-tve-roce-acusaciones_4250838\/\" target=\"_self\" rel=\"nofollow noopener\">Cristina Cifuentes<\/a>. <\/p>\n<p> \u00abMe puse mal\u00edsima, empec\u00e9 a vomitar\u2026 Me revolvi\u00f3 mucho. No estoy de acuerdo con la edici\u00f3n, no representa el viaje que he hecho\u00bb, se\u00f1al\u00f3 Carrillo en sus redes sociales, mostrando su malestar tras el estreno del programa. <strong>\u00abNo me he visto representada.<\/strong> Se han centrado much\u00edsimo en los conflictos de Cristina y m\u00edos, que han sido conflictos sobre la gesti\u00f3n del programa. Si t\u00fa quieres sacar solo los conflictos, los puedes sacar\u00bb, sentenci\u00f3 v\u00eda Instagram. <\/p>\n<p> Una cr\u00edtica que suaviz\u00f3 d\u00edas despu\u00e9s, durante una promoci\u00f3n de Hasta el fin del mundo en Ma\u00f1aneros 360. En ella, Alba Carrillo se mostr\u00f3 contenta en el programa presentado por Javier Ruiz y Adela Gonz\u00e1lez, animando al p\u00fablico a no perd\u00e9rselo y afirmando que es <strong>\u00abde los mejores programas que se han hecho\u00bb.<\/strong> Un contraste que no pas\u00f3 desapercibido. <\/p>\n<p>               Roc\u00edo Carrasco y Anabel Due\u00f1as, en &#8216;Hasta el fin del mundo&#8217;. (TVE)             <\/p>\n<p> As\u00ed las cosas, tras recibir a J Kabello y Nia en su plat\u00f3 el d\u00eda anterior, <strong>D Coraz\u00f3n cont\u00f3 con la presencia de dos nuevas concursantes<\/strong> este domingo: Roc\u00edo Carrasco y Anabel Due\u00f1as. La pareja de amigas hizo un repaso con Anne Igartiburu y Javier de Hoyos sobre su experiencia en el programa, que arrancar\u00e1 sus pr\u00f3ximas rutas el pr\u00f3ximo mi\u00e9rcoles desde Ecuador. <\/p>\n<p>              <img decoding=\"async\" class=\"inTextNews__img\" alt=\"Foto: rocio-carrasco-hasta-el-fin-del-mundo-recuerdo-rocio-jurado\" src=\"https:\/\/www.europesays.com\/es\/wp-content\/uploads\/2025\/11\/f.elconfidencial.com\/original\/3d4\/add\/2c4\/3d4add2c418fcf5a24b86ef2b82c524d.jpg\"  \/>     <\/p>\n<p>TE PUEDE INTERESAR<\/p>\n<p>      <a class=\"inTextNews__title\" href=\"https:\/\/www.elconfidencial.com\/television\/programas-tv\/2025-11-20\/rocio-carrasco-hasta-el-fin-del-mundo-recuerdo-rocio-jurado_4250835\/\" onclick=\"window.ECCO.emit(&#039;amplitude&#039;, { dataEventName: &#039;click_related_article_module&#039;, data: { related_article_url: &#039;https:\/\/www.elconfidencial.com\/television\/programas-tv\/2025-11-20\/rocio-carrasco-hasta-el-fin-del-mundo-recuerdo-rocio-jurado_4250835\/&#039;, related_article_author: &#039;Paco Mart\u00edn-V\u00e1zquez Car\u00edas&#039;, related_article_section: &#039;programas-tv&#039; } })\" rel=\"nofollow noopener\" target=\"_blank\"> Roc\u00edo Carrasco (&#8216;Hasta el fin del mundo&#8217;) no contiene la emoci\u00f3n ante el inesperado recuerdo de Roc\u00edo Jurado <\/a>   <\/p>\n<p>    P. Mart\u00edn-V\u00e1zquez   <\/p>\n<p> \u00ab\u00bfQu\u00e9 tal ha sido esa evoluci\u00f3n, todo lo que hab\u00e9is aprendido? Tambi\u00e9n me contasteis que aqu\u00ed ha habido muchas cosas que no se saben de vosotras\u00bb, pregunt\u00f3 la presentadora a sus invitadas, momento en el que Roc\u00edo Carrasco aprovech\u00f3 para matizar las palabras de Carrillo. <strong>\u00abLo que dec\u00eda Alba en su d\u00eda, sobre la edici\u00f3n. Es superdif\u00edcil comprimir todo\u00bb,<\/strong> se\u00f1al\u00f3 la hija de Roc\u00edo Jurado. \u00abA todos los equipos nos han pasado 1.500 cosas que, por tiempo, no se pueden mostrar\u00bb, a\u00f1adi\u00f3, cebando que la pr\u00f3xima semana los espectadores ver\u00e1n m\u00e1s \u00abroces\u00bb entre los concursantes. <\/p>\n<p> Con tan solo dos programas de emisi\u00f3n, <a href=\"https:\/\/www.elconfidencial.com\/television\/programas-tv\/2025-11-12\/hasta-el-fin-del-mundo-tve-estreno-mecanica_4245884\/\" target=\"_self\" rel=\"nofollow noopener\">Hasta el fin del mundo<\/a> tiene todas las papeletas para convertirse en uno de los formatos revelaci\u00f3n de la temporada en <a href=\"https:\/\/www.elconfidencial.com\/television\/programas-tv\/2025-11-21\/andreu-buenafuente-tve-baja-medica-desaparece-campanadas_4252175\/\" target=\"_self\" rel=\"nofollow noopener\">Televisi\u00f3n Espa\u00f1ola<\/a>. As\u00ed lo corroboran, por el momento, sus datos de audiencia,<strong> que mejoraron hasta el 15,1% de cuota de pantalla y 991.000 espectadores<\/strong> el pasado mi\u00e9rcoles. <\/p>\n","protected":false},"excerpt":{"rendered":"Con tan solo dos programas de emisi\u00f3n, Hasta el fin del mundo tiene todas las papeletas para convertirse&hellip;\n","protected":false},"author":2,"featured_media":251668,"comment_status":"","ping_status":"","sticky":false,"template":"","format":"standard","meta":{"footnotes":""},"categories":[171],"tags":[146,147,25,24,23,214],"class_list":{"0":"post-251667","1":"post","2":"type-post","3":"status-publish","4":"format-standard","5":"has-post-thumbnail","7":"category-tv","8":"tag-entertainment","9":"tag-entretenimiento","10":"tag-es","11":"tag-espana","12":"tag-spain","13":"tag-tv"},"share_on_mastodon":{"url":"https:\/\/pubeurope.com\/@es\/115599924994597903","error":""},"_links":{"self":[{"href":"https:\/\/www.europesays.com\/es\/wp-json\/wp\/v2\/posts\/251667","targetHints":{"allow":["GET"]}}],"collection":[{"href":"https:\/\/www.europesays.com\/es\/wp-json\/wp\/v2\/posts"}],"about":[{"href":"https:\/\/www.europesays.com\/es\/wp-json\/wp\/v2\/types\/post"}],"author":[{"embeddable":true,"href":"https:\/\/www.europesays.com\/es\/wp-json\/wp\/v2\/users\/2"}],"replies":[{"embeddable":true,"href":"https:\/\/www.europesays.com\/es\/wp-json\/wp\/v2\/comments?post=251667"}],"version-history":[{"count":0,"href":"https:\/\/www.europesays.com\/es\/wp-json\/wp\/v2\/posts\/251667\/revisions"}],"wp:featuredmedia":[{"embeddable":true,"href":"https:\/\/www.europesays.com\/es\/wp-json\/wp\/v2\/media\/251668"}],"wp:attachment":[{"href":"https:\/\/www.europesays.com\/es\/wp-json\/wp\/v2\/media?parent=251667"}],"wp:term":[{"taxonomy":"category","embeddable":true,"href":"https:\/\/www.europesays.com\/es\/wp-json\/wp\/v2\/categories?post=251667"},{"taxonomy":"post_tag","embeddable":true,"href":"https:\/\/www.europesays.com\/es\/wp-json\/wp\/v2\/tags?post=251667"}],"curies":[{"name":"wp","href":"https:\/\/api.w.org\/{rel}","templated":true}]}}