{"id":251681,"date":"2025-11-23T16:28:16","date_gmt":"2025-11-23T16:28:16","guid":{"rendered":"https:\/\/www.europesays.com\/es\/251681\/"},"modified":"2025-11-23T16:28:16","modified_gmt":"2025-11-23T16:28:16","slug":"la-alternativa-no-tan-bonita-pero-barata-y-muy-buena-al-mercedes-glc","status":"publish","type":"post","link":"https:\/\/www.europesays.com\/es\/251681\/","title":{"rendered":"La alternativa no tan bonita, pero barata y muy buena, al Mercedes GLC"},"content":{"rendered":"\n<p>M\u00e1s noticias<\/p>\n<p><a class=\"info_masnoticias\" href=\"https:\/\/www.eldesmarque.com\/coches-y-motos\/\" rel=\"nofollow noopener\" target=\"_blank\"><br \/>\nM\u00e1s de<br \/>\nM\u00e1s noticias de<br \/>\nCoches y motos<br \/>\n<\/a><\/p>\n<p>El mercado de los SUV premium est\u00e1 lleno de opciones atractivas, pero pocas generan un contraste tan claro como el que existe entre el <strong>Mercedes GLC<\/strong> y el <a href=\"https:\/\/www.eldesmarque.com\/coches-y-motos\/20251020\/volvo-aplica-descuento-12-822-euros-xc60-d1s23_300785360.html\" rel=\"nofollow noopener\" target=\"_blank\">Volvo XC60<\/a>. Dos modelos maduros, consolidados y con propuestas diferentes.<\/p>\n<p><strong>Mercedes GLC<\/strong><\/p>\n<p>El <a href=\"https:\/\/www.eldesmarque.com\/coches-y-motos\/20251030\/alternativa-barata-mercedes-glc-quieren-conducir-sin-pagar-marca-d1s23_300794593.html\" rel=\"nofollow noopener\" target=\"_blank\">Mercedes GLC es uno de los SUV premium<\/a> m\u00e1s reconocibles del mercado. Aunque la marca ya ha presentado una nueva generaci\u00f3n 100% el\u00e9ctrica, la versi\u00f3n que sigue a la venta es la anterior, un modelo que todav\u00eda mantiene una imagen de <strong>prestigio<\/strong>, <strong>presencia<\/strong> y una arquitectura claramente Mercedes. Sus l\u00edneas, m\u00e1s musculosas y expresivas, siguen transmitiendo poder visual y una sensaci\u00f3n de coche s\u00f3lido. No es el m\u00e1s moderno, pero conserva ese aire distinguido que tantos compradores buscan en un SUV alem\u00e1n.<\/p>\n<p><img decoding=\"async\" src=\"https:\/\/www.europesays.com\/es\/wp-content\/uploads\/2025\/11\/mercedes_glc1jpg.jpg\" width=\"660\" height=\"370.79\" alt=\"Mercedes GLC\"\/><br \/>\nMercedes GLC<\/p>\n<p>En dimensiones, el GLC contin\u00faa siendo un coche equilibrado: <strong>4.716 mm<\/strong> de largo, <strong>1.890 mm<\/strong> de ancho y <strong>1.647 mm<\/strong> de alto. Su distancia entre ejes de <strong>2.888 mm<\/strong> le da buena estabilidad y un interior amplio. En el maletero ofrece <strong>470 litros<\/strong>, una cifra correcta, aunque no l\u00edder del segmento. Si se abaten los asientos, el volumen sube hasta <strong>1.530 litros<\/strong>, una de sus mejores bazas frente a muchos rivales.<\/p>\n<p>Donde el Mercedes marca diferencias es en su oferta mec\u00e1nica. La variedad es enorme. Desde el <strong>GLC 200 4MATIC<\/strong> de <strong>204 CV<\/strong> hasta los h\u00edbridos enchufables con tecnolog\u00eda <strong>EQ<\/strong>, pasando por di\u00e9sel eficientes y la espectacular dupla <strong>AMG<\/strong>. El GLC 300 e, por ejemplo, combina <strong>204 + 156 CV<\/strong> y ofrece <strong>127 km<\/strong> de autonom\u00eda el\u00e9ctrica. Y en lo alto de la gama est\u00e1 el <strong>AMG GLC 63 S E PERFORMANCE<\/strong>, con <strong>476 + 204 CV<\/strong>, capaz de hacer el 0\u2013100 km\/h en <strong>3,5 segundos<\/strong>. Es, simplemente, una de las gamas m\u00e1s completas del segmento.<\/p>\n<p><img decoding=\"async\" src=\"https:\/\/www.europesays.com\/es\/wp-content\/uploads\/2025\/11\/mercedes_glcjpg.jpg\" width=\"660\" height=\"370.79\" alt=\"Mercedes GLC\"\/><br \/>\nMercedes GLC<\/p>\n<p>El equipamiento del GLC tambi\u00e9n responde a lo esperado en un SUV premium. Desde la versi\u00f3n <strong>AVANTGARDE Advanced<\/strong>, el modelo incluye llantas de 18\u201d, faros <strong>LED High Performance<\/strong>, climatizaci\u00f3n autom\u00e1tica y el conocido sistema <strong>MBUX<\/strong>, con uno de los mejores entornos multimedia del mercado. Todo esto, eso s\u00ed, tiene un precio de entrada de <strong>59.437 euros<\/strong>, o <strong>63.547 euros<\/strong> si se elige la carrocer\u00eda Coup\u00e9.<\/p>\n<p><strong>Volvo XC60<\/strong><\/p>\n<p>Si giramos la vista hacia el <strong>Volvo XC60<\/strong>, encontramos una propuesta muy diferente. Un SUV menos llamativo, menos agresivo y menos interesado en impresionar a simple vista. Pero tambi\u00e9n un coche <strong>m\u00e1s racional<\/strong>, <strong>m\u00e1s equilibrado<\/strong> y, sobre todo, <strong>m\u00e1s econ\u00f3mico<\/strong>. Su dise\u00f1o minimalista ha envejecido mejor que el del Mercedes, con una est\u00e9tica limpia que sigue vigente pese a llevar a\u00f1os en el mercado.<\/p>\n<p><img decoding=\"async\" src=\"https:\/\/www.europesays.com\/es\/wp-content\/uploads\/2025\/11\/volvo_xc60_20252jpg.jpg\" width=\"660\" height=\"370.79\" alt=\"Volvo XC60 2025\"\/><br \/>\nVolvo XC60 2025<\/p>\n<p>En cuanto a dimensiones, el XC60 pr\u00e1cticamente calca las cifras del GLC, aunque destaca en el maletero con <strong>505 litros<\/strong>, m\u00e1s que su rival alem\u00e1n. Con los asientos abatidos se queda en <strong>1.432 litros<\/strong>, menos que el Mercedes, pero suficiente para un uso familiar. Bajo el cap\u00f3, Volvo ofrece un cat\u00e1logo mucho m\u00e1s simple. El acceso lo marca el <strong>B5<\/strong> de <strong>250 CV<\/strong>, y por encima est\u00e1n los h\u00edbridos enchufables <strong>T6<\/strong> (350 CV) y <strong>T8<\/strong> (455 CV), ambos con autonom\u00edas el\u00e9ctricas amplias y consumos muy bajos.<\/p>\n<p><img decoding=\"async\" src=\"https:\/\/www.europesays.com\/es\/wp-content\/uploads\/2025\/11\/volvo_xc60_2025jpg.jpg\" width=\"660\" height=\"370.79\" alt=\"Volvo XC60 2025\"\/><br \/>\nVolvo XC60 2025<\/p>\n<p>El precio es, finalmente, el punto que cambia la balanza. El <strong>Volvo XC60<\/strong> arranca en <strong>56.850 euros<\/strong>, claramente por debajo del GLC. No presume tanto, no atrae tantas miradas, pero ofrece una relaci\u00f3n <strong>precio-prestaciones-equipamiento<\/strong> que lo convierte en la alternativa ideal para quienes quieren un premium\u2026 sin pagar el extra por el logo.<\/p>\n","protected":false},"excerpt":{"rendered":"M\u00e1s noticias M\u00e1s de M\u00e1s noticias de Coches y motos El mercado de los SUV premium est\u00e1 lleno&hellip;\n","protected":false},"author":2,"featured_media":251682,"comment_status":"","ping_status":"","sticky":false,"template":"","format":"standard","meta":{"footnotes":""},"categories":[80],"tags":[82,95,94,25,24,23],"class_list":{"0":"post-251681","1":"post","2":"type-post","3":"status-publish","4":"format-standard","5":"has-post-thumbnail","7":"category-economia","8":"tag-business","9":"tag-economia","10":"tag-economy","11":"tag-es","12":"tag-espana","13":"tag-spain"},"share_on_mastodon":{"url":"https:\/\/pubeurope.com\/@es\/115599960964939284","error":""},"_links":{"self":[{"href":"https:\/\/www.europesays.com\/es\/wp-json\/wp\/v2\/posts\/251681","targetHints":{"allow":["GET"]}}],"collection":[{"href":"https:\/\/www.europesays.com\/es\/wp-json\/wp\/v2\/posts"}],"about":[{"href":"https:\/\/www.europesays.com\/es\/wp-json\/wp\/v2\/types\/post"}],"author":[{"embeddable":true,"href":"https:\/\/www.europesays.com\/es\/wp-json\/wp\/v2\/users\/2"}],"replies":[{"embeddable":true,"href":"https:\/\/www.europesays.com\/es\/wp-json\/wp\/v2\/comments?post=251681"}],"version-history":[{"count":0,"href":"https:\/\/www.europesays.com\/es\/wp-json\/wp\/v2\/posts\/251681\/revisions"}],"wp:featuredmedia":[{"embeddable":true,"href":"https:\/\/www.europesays.com\/es\/wp-json\/wp\/v2\/media\/251682"}],"wp:attachment":[{"href":"https:\/\/www.europesays.com\/es\/wp-json\/wp\/v2\/media?parent=251681"}],"wp:term":[{"taxonomy":"category","embeddable":true,"href":"https:\/\/www.europesays.com\/es\/wp-json\/wp\/v2\/categories?post=251681"},{"taxonomy":"post_tag","embeddable":true,"href":"https:\/\/www.europesays.com\/es\/wp-json\/wp\/v2\/tags?post=251681"}],"curies":[{"name":"wp","href":"https:\/\/api.w.org\/{rel}","templated":true}]}}