{"id":251696,"date":"2025-11-23T16:42:11","date_gmt":"2025-11-23T16:42:11","guid":{"rendered":"https:\/\/www.europesays.com\/es\/251696\/"},"modified":"2025-11-23T16:42:11","modified_gmt":"2025-11-23T16:42:11","slug":"anabel-pantoja-celebra-el-primer-cumpleanos-de-su-hija-alma-con-un-conmovedor-mensaje","status":"publish","type":"post","link":"https:\/\/www.europesays.com\/es\/251696\/","title":{"rendered":"Anabel Pantoja celebra el primer cumplea\u00f1os de su hija Alma con un conmovedor mensaje"},"content":{"rendered":"<p>Hoy hace un a\u00f1o, Anabel Pantoja y David Rodr\u00edguez anunciaban en sus redes sociales <a title=\"el nacimiento de su hija Alma\" href=\"https:\/\/www.larazon.es\/gente\/famosos\/anabel-luz-primera-hija_202411236741e39db2d0df0001d1c885.html\" target=\"_blank\" rel=\"nofollow noopener\">el nacimiento de su hija Alma<\/a> con una hermosa imagen, piel con piel, y un mensaje: <b>\u00abAcabas de tatuarte en nuestra piel para los restos\u00bb.<\/b><\/p>\n<p>Con la llegada de Alma, Anabel ve\u00eda cumplido su sue\u00f1o de maternidad. Cualquiera de los temores y molestias durante la etapa de gestaci\u00f3n se desvanec\u00eda con su criatura en brazos. <b>Ser madre primeriza implic\u00f3 un cambio radical en la vida de la pareja, <\/b>que escogi\u00f3 la localidad canaria de Arguinegu\u00edn, lejos de su Sevilla natal, para su crianza. \u00abAqu\u00ed est\u00e1 mi hogar, mi clima, todo. Es una gozada llevar el embarazo aqu\u00ed\u00bb, justific\u00f3.<\/p>\n<p><img decoding=\"async\" loading=\"lazy\" src=\"https:\/\/www.europesays.com\/es\/wp-content\/uploads\/2025\/11\/1763916131_638_58.jpg\" alt=\"Anabel Pantoja y David Rodr\u00edguez celebran los tres meses de vida de su hija Alma\" width=\"1920\" height=\"1440\"\/><b>Anabel Pantoja y David Rodr\u00edguez celebran los tres meses de vida de su hija Alma<\/b>Europa Press<\/p>\n<p>Le siguieron meses muy duros. <b>La menor fue ingresada en la UCI pedi\u00e1trica del Hospital Materno Infantil de Gran Canaria.<\/b> Las lesiones que presentaba activaron el protocolo de malos tratos y tanto Anabel como su pareja, David Rodr\u00edguez, <a title=\"fueron investigados por un presunto delito\" href=\"https:\/\/www.larazon.es\/gente\/investigan-anabel-pantoja-david-rodriguez-lesiones-hija-directo-ultima-hora-novedades-reacciones_2025020567a31e11e95c06000187765b.html\" target=\"_blank\" rel=\"nofollow noopener\">fueron investigados por un presunto delito<\/a>. La causa se archiv\u00f3 provisionalmente y, desde entonces, la pareja ha guardado silencio.<\/p>\n<p><img decoding=\"async\" loading=\"lazy\" src=\"https:\/\/www.europesays.com\/es\/wp-content\/uploads\/2025\/11\/anabel-pantoja-david-rodriguez-alma-hija-llegan-sevilla_58.jpg\" alt=\"Anabel Pantoja, David Rodr\u00edguez y Alma, su hija, llegan a Sevilla\" width=\"1920\" height=\"1282\"\/><b>Anabel Pantoja, David Rodr\u00edguez y Alma, su hija, llegan a Sevilla<\/b>Gtres<\/p>\n<p>Un a\u00f1os despu\u00e9s, Alma celebra su primer cumplea\u00f1os rodeada de amor y con el mejor de los regalos: un v\u00eddeo publicado por Anabel con una recopilaci\u00f3n de im\u00e1genes in\u00e9ditas: la ecograf\u00eda de Alma en el vientre materno, viajes, paseos, juegos y otras tiernas escenas. <b>\u00abHace 1 a\u00f1o, estabas dentro de m\u00ed, empezaste a formar todo tu cuerpecito ah\u00ed<\/b>, tu coraz\u00f3n lat\u00eda desde dentro, yo lo sent\u00eda y es tan alucinante \u2026 La vida. Feliz cumplea\u00f1os, princesa\u00bb, escribe.<\/p>\n<p>En el v\u00eddeo, lee una conmovedora carta: \u00abJusto dentro de m\u00ed, en mi barriga, hace un a\u00f1o. \u00a1Es que no me lo puedo creer! \u00a1C\u00f3mo pasa el tiempo! Te lo cuentan, pero hasta que no lo vives, no sabes lo que es. Pues s\u00ed, Alma, naciste al lado del mar. En una isla preciosa que es nuestro hogar y nuestra casa\u2026 Eso s\u00ed, <b>tienes sangre sevillana y sangre cordobesa y vas a vivir todo lo que hemos vivido papi y yo. <\/b>Nuestro Roc\u00edo, nuestras tradiciones&#8230; sobre todo, la Semana Santa en Sevilla y C\u00f3rdoba con papi, que le encanta\u00bb.<\/p>\n<p>Alma, seg\u00fan dice, est\u00e1 dando sus primeros pasos y le da igual la fatiga que ello supone o el inevitable lumbago. <b>\u00abEstamos deseando verte correr\u00bb. <\/b>La orgullosa madre concluye con un amoroso aviso: \u00abYo me quedo contigo para siempre. Te quiero much\u00edsimo, mi vida. Gracias por dejarme ser tan feliz a tu lado\u00bb.<\/p>\n","protected":false},"excerpt":{"rendered":"Hoy hace un a\u00f1o, Anabel Pantoja y David Rodr\u00edguez anunciaban en sus redes sociales el nacimiento de su&hellip;\n","protected":false},"author":2,"featured_media":251697,"comment_status":"","ping_status":"","sticky":false,"template":"","format":"standard","meta":{"footnotes":""},"categories":[174],"tags":[255,146,147,25,24,256,23],"class_list":{"0":"post-251696","1":"post","2":"type-post","3":"status-publish","4":"format-standard","5":"has-post-thumbnail","7":"category-famosos","8":"tag-celebrities","9":"tag-entertainment","10":"tag-entretenimiento","11":"tag-es","12":"tag-espana","13":"tag-famosos","14":"tag-spain"},"share_on_mastodon":{"url":"https:\/\/pubeurope.com\/@es\/115600015287379517","error":""},"_links":{"self":[{"href":"https:\/\/www.europesays.com\/es\/wp-json\/wp\/v2\/posts\/251696","targetHints":{"allow":["GET"]}}],"collection":[{"href":"https:\/\/www.europesays.com\/es\/wp-json\/wp\/v2\/posts"}],"about":[{"href":"https:\/\/www.europesays.com\/es\/wp-json\/wp\/v2\/types\/post"}],"author":[{"embeddable":true,"href":"https:\/\/www.europesays.com\/es\/wp-json\/wp\/v2\/users\/2"}],"replies":[{"embeddable":true,"href":"https:\/\/www.europesays.com\/es\/wp-json\/wp\/v2\/comments?post=251696"}],"version-history":[{"count":0,"href":"https:\/\/www.europesays.com\/es\/wp-json\/wp\/v2\/posts\/251696\/revisions"}],"wp:featuredmedia":[{"embeddable":true,"href":"https:\/\/www.europesays.com\/es\/wp-json\/wp\/v2\/media\/251697"}],"wp:attachment":[{"href":"https:\/\/www.europesays.com\/es\/wp-json\/wp\/v2\/media?parent=251696"}],"wp:term":[{"taxonomy":"category","embeddable":true,"href":"https:\/\/www.europesays.com\/es\/wp-json\/wp\/v2\/categories?post=251696"},{"taxonomy":"post_tag","embeddable":true,"href":"https:\/\/www.europesays.com\/es\/wp-json\/wp\/v2\/tags?post=251696"}],"curies":[{"name":"wp","href":"https:\/\/api.w.org\/{rel}","templated":true}]}}