{"id":251698,"date":"2025-11-23T16:45:15","date_gmt":"2025-11-23T16:45:15","guid":{"rendered":"https:\/\/www.europesays.com\/es\/251698\/"},"modified":"2025-11-23T16:45:15","modified_gmt":"2025-11-23T16:45:15","slug":"telecinco-toma-medidas-tras-sus-bajas-audiencias-en-el-fin-de-semana","status":"publish","type":"post","link":"https:\/\/www.europesays.com\/es\/251698\/","title":{"rendered":"Telecinco toma medidas tras sus bajas audiencias en el fin de semana"},"content":{"rendered":"<p data-gtm-element-container=\"modulo-texto-link\" class=\"paragraph\"><strong>Telecinco <\/strong>no pasa por su mejor momento en cuanto a audiencias. La cadena de Mediaset ha ca\u00eddo dr\u00e1sticamente en los \u00faltimos dos a\u00f1os y parece no mejorar a pesar de los esfuerzos. Adem\u00e1s del grave problema que atraviesa con<strong> &#8216;Gran Hermano<\/strong>&#8216;, otra de las grandes preocupaciones es lo que ocurre durante el fin de semana.<\/p>\n<p data-gtm-element-container=\"modulo-texto-link\" class=\"paragraph\">Tras la cancelaci\u00f3n de &#8216;<strong>Socialit\u00e9<\/strong>&#8216;, la cadena comenz\u00f3 a emitir reposiciones de otros programas, pero esto hundi\u00f3 dr\u00e1sticamente sus datos de audiencia y arrastr\u00f3 al informativo, que cay\u00f3 a cifras insostenibles y nada justas para el telediario de la cadena de Fuencarral. R\u00e1pidamente, se apresuraron a crear otro programa del coraz\u00f3n, esta vez bajo el nombre de &#8216;\u00a1<strong>Vaya Fama<\/strong>!&#8217;, con Fran Ram\u00edrez y Cristina Lasvignes.<\/p>\n<p>                <img loading=\"lazy\" decoding=\"async\" data-full-src=\"https:\/\/www.mundodeportivo.com\/uploads\/2025\/09\/06\/68bc202b90591.jpeg\" alt=\"Cristina Lasvignes y Fran Ram\u00edrez, en 'Vaya fama'.\" width=\"449\" height=\"253\" src=\"https:\/\/www.europesays.com\/es\/wp-content\/uploads\/2025\/11\/68bc202b90591.jpeg\" class=\"lazy\"\/><\/p>\n<p class=\"caption-title \">Cristina Lasvignes y Fran Ram\u00edrez, en &#8216;Vaya fama&#8217;.<\/p>\n<p>                    Telecinco<\/p>\n<p data-gtm-element-container=\"modulo-texto-link\" class=\"paragraph\">Este espacio, a diferencia de &#8216;Socialit\u00e9&#8217;, ha contado hasta este domingo con una mesa formada por los dos presentadores y varios tertulianos para comentar las distintas noticias del mundo del coraz\u00f3n. Sin embargo, los datos de audiencia eran m\u00e1s que alarmantes. De hecho, e<strong>ste pasado s\u00e1bado marc\u00f3 su tercer mejor dato hist\u00f3rico y ni siquiera alcanz\u00f3 el 8%<\/strong> de cuota de pantalla. Ahora, seg\u00fan avanza &#8216;Poco Pasa TV&#8217;, una de las medidas que se han tomado es prescindir de los tertulianos y reformular el formato para dejar solo a los presentadores al frente.<\/p>\n<p>                <img loading=\"lazy\" decoding=\"async\" data-full-src=\"https:\/\/www.mundodeportivo.com\/uploads\/2025\/06\/29\/68616c175bcbd.png\" alt=\"Emma Garc\u00eda, en 'Fiesta'\" width=\"449\" height=\"253\" src=\"https:\/\/www.europesays.com\/es\/wp-content\/uploads\/2025\/11\/68616c175bcbd.png\" class=\"lazy\"\/><\/p>\n<p class=\"caption-title \">Emma Garc\u00eda, en &#8216;Fiesta&#8217;<\/p>\n<p>                    Captura de Telecinco<\/p>\n<p>    Lee tambi\u00e9n<\/p>\n<p data-gtm-element-container=\"modulo-texto-link\" class=\"paragraph\">No es la \u00fanica decisi\u00f3n tomada respecto a los espacios del fin de semana, seg\u00fan ha revelado en exclusiva &#8216;Poco Pasa TV&#8217;. Por el momento, Telecinco conf\u00eda en que &#8216;\u00a1Vaya Fama!&#8217; logre mejorar sus cifras y, de paso, impulsar el informativo. Por la tarde, &#8216;<strong>Fiesta&#8217;<\/strong>, que tampoco destaca, pasar\u00e1 a emitirse desde ahora hasta las 21:00 horas, eliminando as\u00ed &#8216;<strong>Ag\u00e1rrate al sill\u00f3n&#8217;<\/strong>, que durante unas semanas se ha emitido tambi\u00e9n en fin de semana para captar nuevos espectadores para su edici\u00f3n diaria de lunes a viernes. El concurso desaparece <strong>y &#8216;Fiesta&#8217; recupera su horario original,<\/strong> ocupando de nuevo una franja con la que podr\u00eda mejorar el dato global de la tarde.<\/p>\n","protected":false},"excerpt":{"rendered":"Telecinco no pasa por su mejor momento en cuanto a audiencias. La cadena de Mediaset ha ca\u00eddo dr\u00e1sticamente&hellip;\n","protected":false},"author":2,"featured_media":251699,"comment_status":"","ping_status":"","sticky":false,"template":"","format":"standard","meta":{"footnotes":""},"categories":[171],"tags":[146,147,25,24,23,214],"class_list":{"0":"post-251698","1":"post","2":"type-post","3":"status-publish","4":"format-standard","5":"has-post-thumbnail","7":"category-tv","8":"tag-entertainment","9":"tag-entretenimiento","10":"tag-es","11":"tag-espana","12":"tag-spain","13":"tag-tv"},"share_on_mastodon":{"url":"https:\/\/pubeurope.com\/@es\/115600027441492955","error":""},"_links":{"self":[{"href":"https:\/\/www.europesays.com\/es\/wp-json\/wp\/v2\/posts\/251698","targetHints":{"allow":["GET"]}}],"collection":[{"href":"https:\/\/www.europesays.com\/es\/wp-json\/wp\/v2\/posts"}],"about":[{"href":"https:\/\/www.europesays.com\/es\/wp-json\/wp\/v2\/types\/post"}],"author":[{"embeddable":true,"href":"https:\/\/www.europesays.com\/es\/wp-json\/wp\/v2\/users\/2"}],"replies":[{"embeddable":true,"href":"https:\/\/www.europesays.com\/es\/wp-json\/wp\/v2\/comments?post=251698"}],"version-history":[{"count":0,"href":"https:\/\/www.europesays.com\/es\/wp-json\/wp\/v2\/posts\/251698\/revisions"}],"wp:featuredmedia":[{"embeddable":true,"href":"https:\/\/www.europesays.com\/es\/wp-json\/wp\/v2\/media\/251699"}],"wp:attachment":[{"href":"https:\/\/www.europesays.com\/es\/wp-json\/wp\/v2\/media?parent=251698"}],"wp:term":[{"taxonomy":"category","embeddable":true,"href":"https:\/\/www.europesays.com\/es\/wp-json\/wp\/v2\/categories?post=251698"},{"taxonomy":"post_tag","embeddable":true,"href":"https:\/\/www.europesays.com\/es\/wp-json\/wp\/v2\/tags?post=251698"}],"curies":[{"name":"wp","href":"https:\/\/api.w.org\/{rel}","templated":true}]}}