{"id":251703,"date":"2025-11-23T16:48:15","date_gmt":"2025-11-23T16:48:15","guid":{"rendered":"https:\/\/www.europesays.com\/es\/251703\/"},"modified":"2025-11-23T16:48:15","modified_gmt":"2025-11-23T16:48:15","slug":"hamilton-nunca-estuvo-tan-hundido-este-fue-el-lamento-de-lewis-en-el-peor-ano-de-su-vida-lasexta","status":"publish","type":"post","link":"https:\/\/www.europesays.com\/es\/251703\/","title":{"rendered":"Hamilton nunca estuvo tan hundido: este fue el lamento de Lewis en el &quot;peor a\u00f1o de su vida&quot; &#8211; LaSexta"},"content":{"rendered":"<ol>\n<li><a href=\"https:\/\/news.google.com\/rss\/articles\/CBMi7AFBVV95cUxOUG9EWDJjM2xTUzN3eFFhN1p3a0t5TEdXbHpkLU95TnJxaFM2X1ZOUGtFSnBBaVotSlY3YzJPT3g3Z19naGxCNjdNNjV2VlJBQ2pwQWxPWjI4UTk0eVZKVWc2d2JHTmFwcmFpbElDX1dCMmp2Wmp5RWszX3hZMURua1pLNUYwdV9zQWljZXJZMFNuSTY2eHBrRVN4azRBRWZXQS1UZnIwM2R3R1U2MXlpcjVlODFWMGVvV2I1QTAtZEVVSjNFZENLRndPSlZadDR1NVI3aWJndHA4MVBONGl1ZGdLMmUwUTFPdnR2MtIB7AFBVV95cUxPeFRRWTBfLTNsOVV6YTlCcFp0a193QVhuV3JQTkxwc21rUFVDaGY4ZEhNSDkzb0xfQVpCQUZmb1BnalZfOEE5RUx2ZUZIMlVHSDJTLXc0YzhXSVFpX3p4dm1Nb3gycDNvVzhFUHVNT2Y0cWxFSHoxc3RVQ0xqN3hlUmU4ZmxkRkl2NkNTbUY3cXNQV1VacEZKRkczTWEtNTFOWkFDMnp5aVVnRXYwRTlycFY5ek5xOVFDZkl5eGJyMVdOY0hyMURPeEFIck1BQ3Q5NHVjbm5fT1hCbHdZdVk5T1otUU15M0lDUEUwSg?oc=5\" target=\"_blank\" rel=\"nofollow noopener\">Hamilton nunca estuvo tan hundido: este fue el lamento de Lewis en el \u00abpeor a\u00f1o de su vida\u00bb<\/a>&nbsp;&nbsp;LaSexta<\/li>\n<li><a href=\"https:\/\/news.google.com\/rss\/articles\/CBMingFBVV95cUxOcF9vQ09ZbVZ1bm40YjVpYUVHLUVOSkNybGhZanRCdk1HT0Q1LWZBSGYydlVpV3VhRjBCSXNGdnFaM19OcHNjNUV6cnliZnRiTXJGQmRRdDBhNWY1RUhEbDUyQVViUlYwTGM1NmhkWGF3SldXYlJFYmFXc2dZMUhFSzNOUXhmRWh2dkp1WHduRDVDQ1hwVzR0aGVMQzloQdIBngFBVV95cUxNUFB5THdCcVFMN3EtclNIQkZ1a0puZVlFUFAwbEJfMDFjVkNhSlNpZWx3a196cUNpellkQ0RVaTEzUFNEU0hORHpwYmxzNS1EYjdRaDl2cDJCU29pNnBpSFZ0RFBjeFJQc0ZMamo2MWdpMXdrT3pHd3A4d0MtOXFvcTF1c2VzOHl0eUFiaENRdGUzdWF4dTIyUkllOFA1UQ?oc=5\" target=\"_blank\" rel=\"nofollow noopener\">Leclerc, hundido: \u00abEsto es vergonzoso\u00bb<\/a>&nbsp;&nbsp;MARCA<\/li>\n<li><a href=\"https:\/\/news.google.com\/rss\/articles\/CBMi0AJBVV95cUxOTnBVQmRaeTRVUFJxaGtiMFNGYUs4ZG9PYW40Rjl4dmlwajg3aE9ncVJmRWJUN0FMNFJKZmxOejdjQVdjTWtTeUdiOE9SazlGV2ExazUtQ20xX3ZJbUpaRzR4NjFrREFzWXdOYlgtLVJjQjU2NTdYbmZqck9PeWx2SzdTNkRrYlBsUjhUTTQ0UEgweHRxd0FRcFFxNTM4RTk5WWVuUXVaTlNXdVNsYi14ZGJsRXJYekFSSm1ZUmFndExPUG9XbEROc093dGdtR2FjTnRBd1RZQTRTMTJOcWFzVmxhbUZyZkR4WGt0dXBYZTlEYkplbVNRLWRka0o4enVBV0cwSFJEMFJqNHpyZ3FYVnBYcHljOWU1dmY4bE05WFE3eXdKbE43ak10T2JOZ1A1Qks3R3VXVkdPRERTOVhBNjBLb016c19fMGlra3dYeHk?oc=5\" target=\"_blank\" rel=\"nofollow noopener\">Antonio Lobato y su recado a Lewis Hamilton tras su actitud despu\u00e9s de quedar \u00faltimo en clasificaci\u00f3n: \u00abLa historia de tu vida es que llevas siete t\u00edtulos mundiales y el que m\u00e1s victorias y poles lleva\u00bb<\/a>&nbsp;&nbsp;DAZN<\/li>\n<li><a href=\"https:\/\/news.google.com\/rss\/articles\/CBMivgFBVV95cUxNeTUtNk90c2FHQVU0UjlqYUFsejVSY0hKNVQ2OXdXTVJOQy1zeUJCSHAtT25HZDFtakJNQy1WSm5VcEkwVWN4M1hIb2ZNWFE5bGVPVWhzcXlIWV9sYU5falMzR2c4azU3cmdXTEJPeVNySnJyWlY5WENsMnR4N1F5dkhFN29Pdi1GY0g4aS1JclhiaVhkbkNJb0kwd3UzYzhXNXR6OE5CQWJSZGxsX0h1SUxUVmJRMURhQmYzeU93?oc=5\" target=\"_blank\" rel=\"nofollow noopener\">Lewis Hamilton y el duro mensaje a Ferrari F1 tras su declive en el GP de Las Vegas: \u00abLa historia de mi vida\u00bb<\/a>&nbsp;&nbsp;Car and Driver<\/li>\n<li><a href=\"https:\/\/news.google.com\/rss\/articles\/CBMifEFVX3lxTE4ycE1nVlBNUnYtUkJOVHVGMDZycWZLaTd6aDNQbEU3RnJXOXhRVVR6SUtSVWhsalZoa2xhUFl0dUpLaUt2QWFrZlBaS0xPb2ZqLXRGRnE5Q0MzN054Zlh4RV9LX3BpMUw3UkJjeWpHdXZtX1N1bEpYUjdMamzSAZABQVVfeXFMTzFLNjhkU0xtazJsRTg2ZXl6WkY4TXlVWmNHS3hzNzE4RWlSdXBxSV9YMC03a3JWX1pfNHgtbDA4WHlOcVZsVzlPVU90UEd0bW03UFpDLUtRYUxDOWxSNkZvSm54bThZajkxMXVRMGRRTjEwOFZrckVTSkRIQTduR2pqbFROVEE3LWpKdWRaVzgx?oc=5\" target=\"_blank\" rel=\"nofollow noopener\">Desastre may\u00fasculo de Hamilton<\/a>&nbsp;&nbsp;Diario AS<\/li>\n<\/ol>\n","protected":false},"excerpt":{"rendered":"Hamilton nunca estuvo tan hundido: este fue el lamento de Lewis en el \u00abpeor a\u00f1o de su vida\u00bb&nbsp;&nbsp;LaSexta&hellip;\n","protected":false},"author":2,"featured_media":248356,"comment_status":"","ping_status":"","sticky":false,"template":"","format":"standard","meta":{"footnotes":""},"categories":[93],"tags":[168,25,24,23,167],"class_list":{"0":"post-251703","1":"post","2":"type-post","3":"status-publish","4":"format-standard","5":"has-post-thumbnail","7":"category-deportes","8":"tag-deportes","9":"tag-es","10":"tag-espana","11":"tag-spain","12":"tag-sports"},"share_on_mastodon":{"url":"https:\/\/pubeurope.com\/@es\/115600039199850442","error":""},"_links":{"self":[{"href":"https:\/\/www.europesays.com\/es\/wp-json\/wp\/v2\/posts\/251703","targetHints":{"allow":["GET"]}}],"collection":[{"href":"https:\/\/www.europesays.com\/es\/wp-json\/wp\/v2\/posts"}],"about":[{"href":"https:\/\/www.europesays.com\/es\/wp-json\/wp\/v2\/types\/post"}],"author":[{"embeddable":true,"href":"https:\/\/www.europesays.com\/es\/wp-json\/wp\/v2\/users\/2"}],"replies":[{"embeddable":true,"href":"https:\/\/www.europesays.com\/es\/wp-json\/wp\/v2\/comments?post=251703"}],"version-history":[{"count":0,"href":"https:\/\/www.europesays.com\/es\/wp-json\/wp\/v2\/posts\/251703\/revisions"}],"wp:featuredmedia":[{"embeddable":true,"href":"https:\/\/www.europesays.com\/es\/wp-json\/wp\/v2\/media\/248356"}],"wp:attachment":[{"href":"https:\/\/www.europesays.com\/es\/wp-json\/wp\/v2\/media?parent=251703"}],"wp:term":[{"taxonomy":"category","embeddable":true,"href":"https:\/\/www.europesays.com\/es\/wp-json\/wp\/v2\/categories?post=251703"},{"taxonomy":"post_tag","embeddable":true,"href":"https:\/\/www.europesays.com\/es\/wp-json\/wp\/v2\/tags?post=251703"}],"curies":[{"name":"wp","href":"https:\/\/api.w.org\/{rel}","templated":true}]}}