{"id":251708,"date":"2025-11-23T16:51:09","date_gmt":"2025-11-23T16:51:09","guid":{"rendered":"https:\/\/www.europesays.com\/es\/251708\/"},"modified":"2025-11-23T16:51:09","modified_gmt":"2025-11-23T16:51:09","slug":"gemini3-imagen-nano-banana-adobe-firefly-photoshop-revista-byte-ti","status":"publish","type":"post","link":"https:\/\/www.europesays.com\/es\/251708\/","title":{"rendered":"Gemini3-imagen-nano-banana-Adobe-firefly-photoshop &#8211; Revista Byte TI"},"content":{"rendered":"<ol>\n<li><a href=\"https:\/\/news.google.com\/rss\/articles\/CBMidEFVX3lxTE5nNU82dTRqX1JUdmlGTUZPcElUY1duUDlTU3lDSFpMYmhNVmIyR2hwSkpZTUc0VXJKZzRIYnBlWml1aml2eHFYc2V0SFNLSVhvcTFUWDJyaXZNSHQtemx2QkN0aEppQ0JvNFlTUl9Bd2lLODZt?oc=5\" target=\"_blank\" rel=\"nofollow noopener\">Gemini3-imagen-nano-banana-Adobe-firefly-photoshop<\/a>&nbsp;&nbsp;Revista Byte TI<\/li>\n<li><a href=\"https:\/\/news.google.com\/rss\/articles\/CBMizwFBVV95cUxOOW5nZVlxX091a09JN0JsYkoycUk1OE5vZEo4Vks4Uk5wdzhzMWNPTFUxX1F0LUdGUlFlSjd4d1IzRmV3aGF0LWlOekR1RlBCWHF1TmY1YzluU0V5VDR4bHpudEdlOGFlR3RaNjRQb1JseE1jSEtqR1VWNjBMTk1KMjBJLWM5S1FpNHF4Z1JfcTRiVktucWNhakh1M0toRzZLNTBJNzZsVlF6WFlpbl9Vc0NKeXVtckNyZDFudmtUZFRURVZQTW9EMzdnay0wNlE?oc=5\" target=\"_blank\" rel=\"nofollow noopener\">\u00bfHa tocado techo la IA? Google dice \u2018no\u2019 con Gemini 3 y Nano Banana<\/a>&nbsp;&nbsp;EL PA\u00cdS<\/li>\n<li><a href=\"https:\/\/news.google.com\/rss\/articles\/CBMiygFBVV95cUxQaVptYkxCNlJfQkVfODBxOUFkQUs2OGcwN1V0MnRKeXYxX3p3ampndVh4VzgyZVdGQU93bDhrbWNVellINkg1dDd0M1NmYnZzTncySU5CZ3hHbVktUWpTbGtxQW1oVW1UaDRlN1daMXFYYmJucUEyNFdFQTdPMm01UVpRVlVCVVRQVzFMOUtWXzhkRVNLSkFzd0djNklFTHh3a2ZFdjFaSi1mbnAxZTJJQTl4SmZrdmxRcDRCU3VpbTRmSmxRZ2JFZ2hB?oc=5\" target=\"_blank\" rel=\"nofollow noopener\">Prob\u00e9 la actualizaci\u00f3n de Nano Banana Pro, el generador de im\u00e1genes de Google, y ahora es mucho mejor<\/a>&nbsp;&nbsp;WIRED<\/li>\n<li><a href=\"https:\/\/news.google.com\/rss\/articles\/CBMiqwJBVV95cUxOUTFaTFZPNUN4MkYyczNRdzduWlRlOUhYY1FMVzIxNDlLTEhsc2JocjZTZnJLUmNYNUp1blhTV0thYlBzSGpqSHlUblNGYTBibTZtTnh2bUd5NDBTVk5OeURobWlqTnNJanhtV2l4REtxUGJmMjZNMUQ3azh5dTV2TlplMHAtLUJ1VHlweTJRYVhmUllNY25aaWQ5Z0VGdDZibUptV21NU0IzaFNuZzVqaF91d1VnRW5XMzlVVlppSU45Q19YTlJjN0dSdktTQWktRzh5djFudE5aTnpXQS1uLXkzWFp1Z0pXVGVKUk5RZzFTak1CM0FaTkJMeWMySU9OX1lHcjRoTWU4TjRaYzZxcmhjanQ2eW1IUmItcTF4a3BlYzMtTzd6TUZTd9IBvwJBVV95cUxPajlUd2YwdVUtcFRjcTVDc2JoM3M2cGoyQmR3cDBvQTVOaU95VC15dEhhWG14c0RhTzl1VlZsV1I1T0paWVlRREZmTl9XTHNhODVFQktYb3VkMGxNWG9WQUVOU0hGb3VYSnRWdVNiZDZOWGstS1RFMjRlVVpuWTBOMEJFRmRha1ZuRUFrbENuSHp1V0Y4STB6Y0diWUNxaERWZXpySHFId18wU2lqcVVRMG9KcVhhTzBoYUNrSmVfcjVWVUh3TDJUYVROZE1xdGJQZmhVMWRKbmZVaGdyZUttSFo3VjlyQ3NHR2llODdnU0JpREpBZ0pZbFU5bnN5Q1ZJMjF5bEl3VGxJSzc1WGctNmhSSXlnUUFjYzFlcTlJbUs2a3pTQ05zdTU4UG9MaXk3RmFqOG1mMHdFYVo1WlpJ?oc=5\" target=\"_blank\" rel=\"nofollow noopener\">Demis Hassabis, CEO de Google DeepMind, se rinde ante su propia creaci\u00f3n: \u00abEs un modelo absolutamente<\/a>&nbsp;&nbsp;La Raz\u00f3n<\/li>\n<li><a href=\"https:\/\/news.google.com\/rss\/articles\/CBMiUkFVX3lxTE5IVVBBc1hpQTdWWWZNTGJlR1p3V0lMSG13Uzh5NFhUaHJDUDlsWnM2Z1RudUJRdmNab0pOSmdUZDJ6UWVGOVRfOFJ4d0Vtb0JkY0E?oc=5\" target=\"_blank\" rel=\"nofollow noopener\">Una nueva era con Gemini 3<\/a>&nbsp;&nbsp;The Keyword<\/li>\n<\/ol>\n","protected":false},"excerpt":{"rendered":"Gemini3-imagen-nano-banana-Adobe-firefly-photoshop&nbsp;&nbsp;Revista Byte TI \u00bfHa tocado techo la IA? Google dice \u2018no\u2019 con Gemini 3 y Nano Banana&nbsp;&nbsp;EL PA\u00cdS&hellip;\n","protected":false},"author":2,"featured_media":251709,"comment_status":"","ping_status":"","sticky":false,"template":"","format":"standard","meta":{"footnotes":""},"categories":[81],"tags":[119,123,124,25,24,117,121,122,23,118,120],"class_list":{"0":"post-251708","1":"post","2":"type-post","3":"status-publish","4":"format-standard","5":"has-post-thumbnail","7":"category-ciencia-y-tecnologia","8":"tag-ciencia","9":"tag-ciencia-y-tecnologia","10":"tag-cienciaytecnologia","11":"tag-es","12":"tag-espana","13":"tag-science","14":"tag-science-and-technology","15":"tag-scienceandtechnology","16":"tag-spain","17":"tag-technology","18":"tag-tecnologia"},"share_on_mastodon":{"url":"https:\/\/pubeurope.com\/@es\/115600050695901710","error":""},"_links":{"self":[{"href":"https:\/\/www.europesays.com\/es\/wp-json\/wp\/v2\/posts\/251708","targetHints":{"allow":["GET"]}}],"collection":[{"href":"https:\/\/www.europesays.com\/es\/wp-json\/wp\/v2\/posts"}],"about":[{"href":"https:\/\/www.europesays.com\/es\/wp-json\/wp\/v2\/types\/post"}],"author":[{"embeddable":true,"href":"https:\/\/www.europesays.com\/es\/wp-json\/wp\/v2\/users\/2"}],"replies":[{"embeddable":true,"href":"https:\/\/www.europesays.com\/es\/wp-json\/wp\/v2\/comments?post=251708"}],"version-history":[{"count":0,"href":"https:\/\/www.europesays.com\/es\/wp-json\/wp\/v2\/posts\/251708\/revisions"}],"wp:featuredmedia":[{"embeddable":true,"href":"https:\/\/www.europesays.com\/es\/wp-json\/wp\/v2\/media\/251709"}],"wp:attachment":[{"href":"https:\/\/www.europesays.com\/es\/wp-json\/wp\/v2\/media?parent=251708"}],"wp:term":[{"taxonomy":"category","embeddable":true,"href":"https:\/\/www.europesays.com\/es\/wp-json\/wp\/v2\/categories?post=251708"},{"taxonomy":"post_tag","embeddable":true,"href":"https:\/\/www.europesays.com\/es\/wp-json\/wp\/v2\/tags?post=251708"}],"curies":[{"name":"wp","href":"https:\/\/api.w.org\/{rel}","templated":true}]}}