{"id":251710,"date":"2025-11-23T16:52:10","date_gmt":"2025-11-23T16:52:10","guid":{"rendered":"https:\/\/www.europesays.com\/es\/251710\/"},"modified":"2025-11-23T16:52:10","modified_gmt":"2025-11-23T16:52:10","slug":"sigifredo-ledesma-empresario-yo-pensaba-que-con-mil-olivos-podia-vivir-y-no-se-puede-ni-con-2-000-ni-con-3-000","status":"publish","type":"post","link":"https:\/\/www.europesays.com\/es\/251710\/","title":{"rendered":"Sigifredo Ledesma, empresario: \u201cYo pensaba que con mil olivos pod\u00eda vivir, y no se puede ni con 2.000 ni con 3.000\u201d"},"content":{"rendered":"<p class=\"\">Sigifredo Ledesma, empresario, en un podcast de <a href=\"https:\/\/www.tiktok.com\/@elhombredescalzo\" target=\"_self\" rel=\"nofollow noopener\" title=\"https:\/\/www.tiktok.com\/@elhombredescalzo\">elhombredescalzo<\/a>, comenta que \u201cpensaba que con mil olivos pod\u00eda vivir, y no se puede ni con dos mil ni con tres mil\u201d. Esto es debido a que el <b>precio de la aceituna es muy variante seg\u00fan el a\u00f1o<\/b>.<\/p>\n<p class=\"\">\u201c<b>La aceituna un a\u00f1o vale 60 c\u00e9ntimos y otro 1,50 euros<\/b>\u201d, comenta Ledesma. El a\u00f1o en que su precio es m\u00e1s caro todos compran coches, casas y se van de viaje, pero este empresario cuenta que, cuando baja la rentabilidad, todo cambia: \u201c<b>La aceituna tradicional, si le quitas coste, no sacamos nada. Si t\u00fa le quitas el precio de lo que vale el abono, le metes mano de obra de corte, horas de tractor, le metes la cogida, t\u00fa no ganas una perra a eso<\/b>\u201d, reflexiona.<\/p>\n<p>Los n\u00fameros parec\u00edan favorables<\/p>\n<p class=\"\">Ledesma hace esa reflexi\u00f3n debido a su experiencia, dado que \u00e9l, cuando plante\u00f3 abrir un negocio, la aceituna se encontraba en <b>0,80 c\u00e9ntimos<\/b>. Entonces, cuando realiz\u00f3 los c\u00e1lculos, estos eran bastante positivos sobre cu\u00e1nto ganar\u00eda si empezaba a invertir en este sector, dado que obtendr\u00eda un <b>20% de rentabilidad todos los a\u00f1os de por vida<\/b>, dado \u201cque el olivo no se muere\u201d.<\/p>\n<p class=\"\">Cuando realiz\u00f3 todas las inversiones necesarias para poner este negocio en marcha, se dio cuenta de que la aceituna se encontraba a <b>40 c\u00e9ntimos, la mitad de lo que pensaba<\/b>: <b>\u201cMe encontr\u00e9 con mil olivos ruinosos, porque no me daba para vivir. Acostumbrado a lo que yo ganaba con el coche. Por eso te digo que fue una inversi\u00f3n que, si llega a ser ahora, no me gasto ese dinero\u201d<\/b>, comenta.<\/p>\n<p>Noticias relacionadas<a href=\"https:\/\/as.com\/actualidad\/economia\/jose-elias-empresario-comprar-es-mejor-para-jornaleros-y-alquilar-para-quienes-no-tienen-problemas-de-dinero-f202511-n\/\" class=\"s_m_w _rt-16x9\" title=\"El millonario analiza si es mejor comprar o alquilar vivienda en Espa\u00f1a. Sus consejos dependen del nivel de ingresos.\" data-tb-link=\"\" rel=\"nofollow noopener\" target=\"_blank\"><img decoding=\"async\" src=\"https:\/\/www.europesays.com\/es\/wp-content\/uploads\/2025\/11\/7RQWQBINGBC6XJBZQYHCQKDVTI.jpg\" alt=\"Jos\u00e9 El\u00edas, empresario: \u201cComprar es mejor para jornaleros y alquilar para quienes no tienen problemas de dinero\u201d\" class=\"\" height=\"9\" width=\"16\"   loading=\"lazy\" data-tb-thumbnail=\"\"\/><\/a><a href=\"https:\/\/as.com\/actualidad\/sociedad\/angel-gaitan-empresario-he-despedido-a-un-trabajador-que-llevaba-conmigo-un-par-de-anos-porque-hoy-ha-bebido-f202511-n\/\" class=\"s_m_w _rt-16x9\" title=\"El popular mec\u00e1nico cuenta lo ocurrido con uno de sus empleados en el puesto de trabajo.\" data-tb-link=\"\" rel=\"nofollow noopener\" target=\"_blank\"><img decoding=\"async\" src=\"https:\/\/www.europesays.com\/es\/wp-content\/uploads\/2025\/11\/LCWUQ4JXBNEXTM5XNMMGUAJ2AE.png\" alt=\"\u00c1ngel Gait\u00e1n, empresario: \u201cHe despedido a un trabajador que llevaba conmigo un par de a\u00f1os porque hoy ha bebido\u201d\" class=\"\" height=\"9\" width=\"16\"   loading=\"lazy\" data-tb-thumbnail=\"\"\/><\/a><\/p>\n<p class=\"\"><b>\u201cAhora tengo casi tres mil olivos, pero lo he hecho porque esto es un ingreso m\u00e1s en mi actividad; no me dedico solo a los olivos. Si me dedicase solo a los olivos, andar\u00eda de cabeza\u201d<\/b>, reflexiona este empresario.<\/p>\n<p class=\"\"><b>\u00a1Tus opiniones importan!<\/b> Comenta en los art\u00edculos y suscr\u00edbete gratis a nuestra <a href=\"https:\/\/asfan.as.com\/newsletters\/\" target=\"_blank\" rel=\"nofollow noopener\" title=\"https:\/\/asfan.as.com\/newsletters\/\">newsletter<\/a> y a las alertas informativas en la <a href=\"https:\/\/as.com\/aplicacion-de-as-n\/\" target=\"_blank\" rel=\"nofollow noopener\" title=\"https:\/\/as.com\/aplicacion-de-as-n\/\">App<\/a> o el canal de <a href=\"https:\/\/www.whatsapp.com\/channel\/0029VaAasdA7j6g745nz9M10\" target=\"_blank\" rel=\"nofollow noopener\" title=\"https:\/\/www.whatsapp.com\/channel\/0029VaAasdA7j6g745nz9M10\">WhatsApp<\/a>. \u00bfBuscas licenciar contenido? Haz clic <a href=\"https:\/\/profesional.elpais.com\/soluciones-sindicacion?utm_medium=interno&amp;utm_source=crosslinking&amp;utm_campaign=sindicacion_as_pie_articulos\" target=\"_blank\" rel=\"nofollow noopener\" title=\"https:\/\/profesional.elpais.com\/soluciones-sindicacion?utm_medium=interno&amp;utm_source=crosslinking&amp;utm_campaign=sindicacion_as_pie_articulos\">aqu\u00ed<\/a><\/p>\n<p><script async src=\"\/\/www.tiktok.com\/embed.js\"><\/script><\/p>\n","protected":false},"excerpt":{"rendered":"Sigifredo Ledesma, empresario, en un podcast de elhombredescalzo, comenta que \u201cpensaba que con mil olivos pod\u00eda vivir, y&hellip;\n","protected":false},"author":2,"featured_media":251711,"comment_status":"","ping_status":"","sticky":false,"template":"","format":"standard","meta":{"footnotes":""},"categories":[80],"tags":[82,95,94,25,24,23],"class_list":{"0":"post-251710","1":"post","2":"type-post","3":"status-publish","4":"format-standard","5":"has-post-thumbnail","7":"category-economia","8":"tag-business","9":"tag-economia","10":"tag-economy","11":"tag-es","12":"tag-espana","13":"tag-spain"},"share_on_mastodon":{"url":"https:\/\/pubeurope.com\/@es\/115600055182290834","error":""},"_links":{"self":[{"href":"https:\/\/www.europesays.com\/es\/wp-json\/wp\/v2\/posts\/251710","targetHints":{"allow":["GET"]}}],"collection":[{"href":"https:\/\/www.europesays.com\/es\/wp-json\/wp\/v2\/posts"}],"about":[{"href":"https:\/\/www.europesays.com\/es\/wp-json\/wp\/v2\/types\/post"}],"author":[{"embeddable":true,"href":"https:\/\/www.europesays.com\/es\/wp-json\/wp\/v2\/users\/2"}],"replies":[{"embeddable":true,"href":"https:\/\/www.europesays.com\/es\/wp-json\/wp\/v2\/comments?post=251710"}],"version-history":[{"count":0,"href":"https:\/\/www.europesays.com\/es\/wp-json\/wp\/v2\/posts\/251710\/revisions"}],"wp:featuredmedia":[{"embeddable":true,"href":"https:\/\/www.europesays.com\/es\/wp-json\/wp\/v2\/media\/251711"}],"wp:attachment":[{"href":"https:\/\/www.europesays.com\/es\/wp-json\/wp\/v2\/media?parent=251710"}],"wp:term":[{"taxonomy":"category","embeddable":true,"href":"https:\/\/www.europesays.com\/es\/wp-json\/wp\/v2\/categories?post=251710"},{"taxonomy":"post_tag","embeddable":true,"href":"https:\/\/www.europesays.com\/es\/wp-json\/wp\/v2\/tags?post=251710"}],"curies":[{"name":"wp","href":"https:\/\/api.w.org\/{rel}","templated":true}]}}