{"id":251712,"date":"2025-11-23T16:53:14","date_gmt":"2025-11-23T16:53:14","guid":{"rendered":"https:\/\/www.europesays.com\/es\/251712\/"},"modified":"2025-11-23T16:53:14","modified_gmt":"2025-11-23T16:53:14","slug":"al-menos-un-muerto-y-21-heridos-en-el-ataque-israeli-contra-suburbios-del-sur-de-beirut","status":"publish","type":"post","link":"https:\/\/www.europesays.com\/es\/251712\/","title":{"rendered":"Al menos un muerto y 21 heridos en el ataque israel\u00ed contra suburbios del sur de Beirut"},"content":{"rendered":"\n<p> Al menos una persona muri\u00f3 este domingo y 21 resultaron heridas en un ataque lanzado por Israel contra los suburbios meridionales de Beirut, conocidos como Dahye, en la primera acci\u00f3n en meses contra esta zona del sur de la capital libanesa, informaron fuentes oficiales.<strong> El Centro de Operaciones de Emergencia de Salud P\u00fablica<\/strong> del Ministerio de Salud P\u00fablica liban\u00e9s afirm\u00f3 en un escueto comunicado que \u00abel ataque a\u00e9reo israel\u00ed contra los suburbios del sur de Beirut esta tarde se sald\u00f3, seg\u00fan un balance inicial, con una persona muerta y veintiuna heridas\u00bb, sin identificar al fallecido. <\/p>\n<p> De acuerdo con la oficina del primer ministro israel\u00ed, Benjam\u00edn Netanyahu, el Ej\u00e9rcito israel\u00ed atac\u00f3 al jefe del Estado Mayor de Hizbul\u00e1, quien supuestamente lideraba \u00abel fortalecimiento y el suministro de armas\u00bb a la organizaci\u00f3n, sin confirmar si lo han asesinado. Hasta el momento, <strong>Hizbul\u00e1 no se ha pronunciado ante esta informaci\u00f3n.<\/strong> El ataque a\u00e9reo tuvo como objetivo un edificio de apartamentos en la zona de Haret Hreik, en el Dahye, que provoc\u00f3 tambi\u00e9n \u00abda\u00f1os considerables a autom\u00f3viles y edificios\u00bb, inform\u00f3 la Agencia Nacional de Noticias (ANN) libanesa. <\/p>\n<p> La agencia indic\u00f3 que dos proyectiles impactaron contra ese inmueble, situado en una avenida principal de Haret Hreik, e indic\u00f3 que las ambulancias ya han comenzado a trasladar a los heridos. El \u00faltimo bombardeo contra Dahye tuvo lugar el pasado 5 de junio, cuan<strong>do el Ej\u00e9rcito israel\u00ed atac\u00f3 supuestas \u00abf\u00e1bricas de drones<\/strong>\u00bb de Hizbul\u00e1. Israel sigue atacando con asiduidad y matando a presuntos miembros de Hizbul\u00e1 bajo el pretexto de que el grupo chi\u00ed busca rearmarse, lo que el gobierno israel\u00ed califica de una violaci\u00f3n de los t\u00e9rminos de la tregua. <\/p>\n<p>              <img decoding=\"async\" class=\"inTextNews__img\" alt=\"Foto: onu-resolucion-eeuu-plan-trump-gaza\" src=\"https:\/\/www.europesays.com\/es\/wp-content\/uploads\/2025\/11\/f.elconfidencial.com\/original\/32c\/bfd\/bfc\/32cbfdbfc271ecfd94ed8859c6a807bd.jpg\"  \/>     <\/p>\n<p>TE PUEDE INTERESAR<\/p>\n<p>      <a class=\"inTextNews__title\" href=\"https:\/\/www.elconfidencial.com\/mundo\/2025-11-17\/onu-resolucion-eeuu-plan-trump-gaza_4249351\/\" onclick=\"window.ECCO.emit(&#039;amplitude&#039;, { dataEventName: &#039;click_related_article_module&#039;, data: { related_article_url: &#039;https:\/\/www.elconfidencial.com\/mundo\/2025-11-17\/onu-resolucion-eeuu-plan-trump-gaza_4249351\/&#039;, related_article_author: &#039;Lucas Proto&#039;, related_article_section: &#039;mundo&#039; } })\" rel=\"nofollow noopener\" target=\"_blank\"> El Consejo de Seguridad de la ONU aprueba el plan de EEUU y el despliegue de una fuerza internacional en Gaza <\/a>   <\/p>\n<p>    L. P.   <\/p>\n<p> El <a href=\"https:\/\/www.elconfidencial.com\/mundo\/2025-06-20\/iaran-israel-ataque-trump_4155417\/\" target=\"_self\" rel=\"nofollow noopener\">ministro de Defensa de Israel, Israel Katz<\/a>, justific\u00f3 el ataque a\u00e9reo realizado por las <strong>fuerzas israel\u00edes<\/strong> en <strong>Beirut<\/strong> este domingo, advirtiendo que \u00ab<strong>quien atente contra Israel sufrir\u00e1 graves consecuencias<\/strong>\u00ab, seg\u00fan un comunicado emitido por su departamento. <\/p>\n<p> En la nota oficial, Katz subray\u00f3: \u00abContinuaremos actuando con firmeza para <strong>salvaguardar la seguridad de los habitantes del norte<\/strong> y del <strong>Estado de Israel<\/strong>. A quien se atreva a atacar a Israel, se le responder\u00e1 con contundencia\u00bb. <\/p>\n<p> Adem\u00e1s, el ministro a\u00f1adi\u00f3 que tanto \u00e9l como el primer ministro, <strong>Benjam\u00edn Netanyahu<\/strong>, mantienen su compromiso de aplicar una <a href=\"https:\/\/www.elconfidencial.com\/mundo\/2024-12-02\/herido-soldado-libano-israel-tregua-violacion_4015171\/\" target=\"_self\" rel=\"nofollow noopener\">pol\u00edtica de m\u00e1xima seguridad en L\u00edbano<\/a> y en cualquier otro territorio que lo requiera. <\/p>\n<p> El <a href=\"https:\/\/www.elconfidencial.com\/mundo\/2024-11-26\/israel-ataca-beirut-expectativas-alto-fuego-libano_4011522\/\" target=\"_self\" rel=\"nofollow noopener\">bombardeo israel\u00ed tuvo lugar en los suburbios de Dahye, al sur de Beirut<\/a>, donde dos misiles provocaron numerosos heridos y cuantiosos da\u00f1os materiales en veh\u00edculos y edificaciones, seg\u00fan inform\u00f3 la Agencia Nacional de Noticias (<strong>ANN<\/strong>) de <strong>L\u00edbano<\/strong>. <\/p>\n<p>                  <img decoding=\"async\" class=\"inTextNews__img\" alt=\"Foto: israel-sur-gaza-ataque-hamas-tropas\" src=\"https:\/\/www.europesays.com\/es\/wp-content\/uploads\/2025\/11\/f.elconfidencial.com\/original\/c43\/292\/ccc\/c43292ccc8e0efca9e30a8510094c7e4.jpg\"  \/>     <\/p>\n<p>TE PUEDE INTERESAR<\/p>\n<p>      <a class=\"inTextNews__title\" href=\"https:\/\/www.elconfidencial.com\/mundo\/2025-10-28\/israel-sur-gaza-ataque-hamas-tropas_4237073\/\" onclick=\"window.ECCO.emit(&#039;amplitude&#039;, { dataEventName: &#039;click_related_article_module&#039;, data: { related_article_url: &#039;https:\/\/www.elconfidencial.com\/mundo\/2025-10-28\/israel-sur-gaza-ataque-hamas-tropas_4237073\/&#039;, related_article_author: &#039;Alba Sanz&#039;, related_article_section: &#039;mundo&#039; } })\" rel=\"nofollow noopener\" target=\"_blank\"> Israel ataca Gaza por segunda vez en 24 horas, la mayor masacre desde el alto el fuego <\/a>   <\/p>\n<p>    A. Sanz   <\/p>\n<p> Por su parte, la oficina del primer ministro <strong>Netanyahu<\/strong> confirm\u00f3 que <strong>el ataque ten\u00eda como objetivo a Ali Tabatabai<\/strong>, jefe del Estado Mayor de <a href=\"https:\/\/www.elconfidencial.com\/mundo\/2025-03-22\/israel-libano-intercepta-cohetes-territorio_4092024\/\" target=\"_self\" rel=\"nofollow noopener\">Hizbul\u00e1<\/a>, quien estar\u00eda al frente de las operaciones de refuerzo y suministro de armamento a la milicia. <\/p>\n<p> El ataque se llev\u00f3 a cabo pese a la vigencia del <a href=\"https:\/\/www.elconfidencial.com\/mundo\/2024-11-26\/acuerdo-israel-libano_4011432\/\" target=\"_self\" rel=\"nofollow noopener\">alto el fuego instaurado el 27 de noviembre de 2024<\/a>. <\/p>\n<p>              <img decoding=\"async\" class=\"inTextNews__img\" alt=\"Foto: presion-eeuu-arabia-saudi\" src=\"https:\/\/www.europesays.com\/es\/wp-content\/uploads\/2025\/11\/f.elconfidencial.com\/original\/1fe\/943\/540\/1fe943540fa750f8e3a3d798918aff92.jpg\"  \/>     <\/p>\n<p>TE PUEDE INTERESAR<\/p>\n<p>      <a class=\"inTextNews__title\" href=\"https:\/\/www.elconfidencial.com\/mundo\/2025-11-20\/presion-eeuu-arabia-saudi_4249706\/\" onclick=\"window.ECCO.emit(&#039;amplitude&#039;, { dataEventName: &#039;click_related_article_module&#039;, data: { related_article_url: &#039;https:\/\/www.elconfidencial.com\/mundo\/2025-11-20\/presion-eeuu-arabia-saudi_4249706\/&#039;, related_article_author: &#039;Alba Sanz&#039;, related_article_section: &#039;mundo&#039; } })\" rel=\"nofollow noopener\" target=\"_blank\"> La otra pieza que se resiste a Trump en su magn\u00edfico plan para Oriente Medio es Arabia Saud\u00ed (pese a los F-35) <\/a>   <\/p>\n<p>    Alba Sanz   <\/p>\n<p> Desde esa fecha, la misi\u00f3n de la <strong>ONU<\/strong> en L\u00edbano (<strong>FINUL<\/strong>) ha registrado cerca de 10.000 violaciones del <strong>acuerdo entre ambas naciones<\/strong>, seg\u00fan un informe publicado el jueves. <\/p>\n<p> <strong>Ali Tabatabai<\/strong> fue incluido en <strong>2016<\/strong> por el <a href=\"https:\/\/www.elconfidencial.com\/mundo\/2025-06-13\/ataque-israel-iran-cupula-militar_4150486\/\" target=\"_self\" rel=\"nofollow noopener\">Departamento de Estado de Estados Unidos<\/a> en la lista de &#8216;<strong>Terroristas Globales Especialmente Designados<\/strong>&#8216;. <\/p>\n<p> El <strong>Gobierno estadounidense<\/strong> ofrece <strong>hasta 5 millones de d\u00f3lares por informaci\u00f3n<\/strong> que conduzca a la localizaci\u00f3n de Tabatabai, seg\u00fan la web Rewards for Justice. <\/p>\n<p>              <img decoding=\"async\" class=\"inTextNews__img\" alt=\"Foto: magnicidio-yitzhak-rabin-oslo-paz-1hms\" src=\"https:\/\/www.europesays.com\/es\/wp-content\/uploads\/2025\/11\/f.elconfidencial.com\/original\/0cd\/27e\/a77\/0cd27ea77c1514d4f9fc074630551bb6.jpg\"  \/>     <\/p>\n<p>TE PUEDE INTERESAR<\/p>\n<p>      <a class=\"inTextNews__title\" href=\"https:\/\/www.elconfidencial.com\/mundo\/2025-11-04\/magnicidio-yitzhak-rabin-oslo-paz-1hms_4240942\/\" onclick=\"window.ECCO.emit(&#039;amplitude&#039;, { dataEventName: &#039;click_related_article_module&#039;, data: { related_article_url: &#039;https:\/\/www.elconfidencial.com\/mundo\/2025-11-04\/magnicidio-yitzhak-rabin-oslo-paz-1hms_4240942\/&#039;, related_article_author: &#039;Corresponsales EC 2&#039;, related_article_section: &#039;mundo&#039; } })\" rel=\"nofollow noopener\" target=\"_blank\"> Treinta a\u00f1os despu\u00e9s del magnicidio de Rabin, el Gobierno israel\u00ed se parece m\u00e1s a su asesino que a \u00e9l <\/a>   <\/p>\n<p>    Maya Siminovich. Tel Aviv   <\/p>\n<p> Hasta ahora, <strong>Hizbul\u00e1 no ha emitido ning\u00fan comunicado<\/strong> tras el reciente ataque. <\/p>\n<p> El anterior bombardeo en esta \u00e1rea se produjo el 5 de junio, cuando <strong>el ej\u00e9rcito israel\u00ed atac\u00f3 presuntas instalaciones de fabricaci\u00f3n de drones<\/strong> pertenecientes a <strong>Hizbul\u00e1<\/strong>. <\/p>\n<p> En la ma\u00f1ana del domingo, <strong>las fuerzas israel\u00edes tambi\u00e9n mataron a una persona<\/strong> en un ataque contra un veh\u00edculo en <a href=\"https:\/\/www.elconfidencial.com\/mundo\/2024-12-03\/muertos-nuevos-ataques-israel-sur-libano_4015884\/\" target=\"_self\" rel=\"nofollow noopener\">Aita al Shaab, en el sur del L\u00edbano<\/a>, seg\u00fan la ANN, aunque Israel no ha realizado declaraciones sobre este incidente. <\/p>\n<p>              <img decoding=\"async\" class=\"inTextNews__img\" alt=\"Foto: eeuu-iran-embajadora-israel-mexico\" src=\"https:\/\/www.europesays.com\/es\/wp-content\/uploads\/2025\/11\/f.elconfidencial.com\/original\/9d2\/c2d\/a13\/9d2c2da13f90af2d932329c18571c849.jpg\"  \/>     <\/p>\n<p>TE PUEDE INTERESAR<\/p>\n<p>      <a class=\"inTextNews__title\" href=\"https:\/\/www.elconfidencial.com\/mundo\/2025-11-07\/eeuu-iran-embajadora-israel-mexico_4243933\/\" onclick=\"window.ECCO.emit(&#039;amplitude&#039;, { dataEventName: &#039;click_related_article_module&#039;, data: { related_article_url: &#039;https:\/\/www.elconfidencial.com\/mundo\/2025-11-07\/eeuu-iran-embajadora-israel-mexico_4243933\/&#039;, related_article_author: &#039;Marta Mart\u00ednez,Marta Mart\u00ednez&#039;, related_article_section: &#039;mundo&#039; } })\" rel=\"nofollow noopener\" target=\"_blank\"> EEUU revela que Ir\u00e1n intent\u00f3 asesinar a la embajadora de Israel en M\u00e9xico <\/a>   <\/p>\n<p>    M. M.     Agencias   <\/p>\n<p> El <strong>presidente liban\u00e9s<\/strong>, <strong>Joseph Aoun<\/strong>, manifest\u00f3 el viernes la disposici\u00f3n de su pa\u00eds a negociar cualquier acuerdo con Israel que permita poner fin a los ataques, subrayando la necesidad de respaldo internacional para fortalecer al ej\u00e9rcito liban\u00e9s. <\/p>\n<p> Al menos una persona muri\u00f3 este domingo y 21 resultaron heridas en un ataque lanzado por Israel contra los suburbios meridionales de Beirut, conocidos como Dahye, en la primera acci\u00f3n en meses contra esta zona del sur de la capital libanesa, informaron fuentes oficiales.<strong> El Centro de Operaciones de Emergencia de Salud P\u00fablica<\/strong> del Ministerio de Salud P\u00fablica liban\u00e9s afirm\u00f3 en un escueto comunicado que \u00abel ataque a\u00e9reo israel\u00ed contra los suburbios del sur de Beirut esta tarde se sald\u00f3, seg\u00fan un balance inicial, con una persona muerta y veintiuna heridas\u00bb, sin identificar al fallecido. <\/p>\n","protected":false},"excerpt":{"rendered":"Al menos una persona muri\u00f3 este domingo y 21 resultaron heridas en un ataque lanzado por Israel contra&hellip;\n","protected":false},"author":2,"featured_media":251713,"comment_status":"","ping_status":"","sticky":false,"template":"","format":"standard","meta":{"footnotes":""},"categories":[42],"tags":[17,18,13,14,11,61,62,63,64,19,20,9,10,15,16,12,21,22,65,66,67],"class_list":{"0":"post-251712","1":"post","2":"type-post","3":"status-publish","4":"format-standard","5":"has-post-thumbnail","7":"category-internacional","8":"tag-breaking-news","9":"tag-breakingnews","10":"tag-featured-news","11":"tag-featurednews","12":"tag-headlines","13":"tag-internacional","14":"tag-international","15":"tag-international-news","16":"tag-internationalnews","17":"tag-latest-news","18":"tag-latestnews","19":"tag-news","20":"tag-noticias","21":"tag-noticias-destacadas","22":"tag-noticiasdestacadas","23":"tag-titulares","24":"tag-ultimas-noticias","25":"tag-ultimasnoticias","26":"tag-world","27":"tag-world-news","28":"tag-worldnews"},"share_on_mastodon":{"url":"https:\/\/pubeurope.com\/@es\/115600058408226195","error":""},"_links":{"self":[{"href":"https:\/\/www.europesays.com\/es\/wp-json\/wp\/v2\/posts\/251712","targetHints":{"allow":["GET"]}}],"collection":[{"href":"https:\/\/www.europesays.com\/es\/wp-json\/wp\/v2\/posts"}],"about":[{"href":"https:\/\/www.europesays.com\/es\/wp-json\/wp\/v2\/types\/post"}],"author":[{"embeddable":true,"href":"https:\/\/www.europesays.com\/es\/wp-json\/wp\/v2\/users\/2"}],"replies":[{"embeddable":true,"href":"https:\/\/www.europesays.com\/es\/wp-json\/wp\/v2\/comments?post=251712"}],"version-history":[{"count":0,"href":"https:\/\/www.europesays.com\/es\/wp-json\/wp\/v2\/posts\/251712\/revisions"}],"wp:featuredmedia":[{"embeddable":true,"href":"https:\/\/www.europesays.com\/es\/wp-json\/wp\/v2\/media\/251713"}],"wp:attachment":[{"href":"https:\/\/www.europesays.com\/es\/wp-json\/wp\/v2\/media?parent=251712"}],"wp:term":[{"taxonomy":"category","embeddable":true,"href":"https:\/\/www.europesays.com\/es\/wp-json\/wp\/v2\/categories?post=251712"},{"taxonomy":"post_tag","embeddable":true,"href":"https:\/\/www.europesays.com\/es\/wp-json\/wp\/v2\/tags?post=251712"}],"curies":[{"name":"wp","href":"https:\/\/api.w.org\/{rel}","templated":true}]}}