{"id":251722,"date":"2025-11-23T17:01:37","date_gmt":"2025-11-23T17:01:37","guid":{"rendered":"https:\/\/www.europesays.com\/es\/251722\/"},"modified":"2025-11-23T17:01:37","modified_gmt":"2025-11-23T17:01:37","slug":"martin-rey-de-correr-con-el-emicoerbi-bembibre-al-peloton-profesional","status":"publish","type":"post","link":"https:\/\/www.europesays.com\/es\/251722\/","title":{"rendered":"Mart\u00edn Rey, de correr con el Emico&#038;Erbi Bembibre al pelot\u00f3n profesional"},"content":{"rendered":"<p class=\"paragraph\">El ciclista gallego Mart\u00edn Rey correr\u00e1 el pr\u00f3ximo a\u00f1o como profesional en las filas del Burgos Burpellet BH. Mart\u00edn Rey (Vilagarc\u00eda de Arousa), una de las grandes promesas del ciclismo espa\u00f1ol, dej\u00f3 huella en una de sus fases de formaci\u00f3n en la escuadra berciana Emico&amp;Erbi Bembibre a las \u00f3rdenes de Avelino D\u00edaz durante su etapa como j\u00fanior.\u00a0<\/p>\n","protected":false},"excerpt":{"rendered":"El ciclista gallego Mart\u00edn Rey correr\u00e1 el pr\u00f3ximo a\u00f1o como profesional en las filas del Burgos Burpellet BH.&hellip;\n","protected":false},"author":2,"featured_media":251723,"comment_status":"","ping_status":"","sticky":false,"template":"","format":"standard","meta":{"footnotes":""},"categories":[273],"tags":[313,312,168,25,24,23,167],"class_list":{"0":"post-251722","1":"post","2":"type-post","3":"status-publish","4":"format-standard","5":"has-post-thumbnail","7":"category-ciclismo","8":"tag-ciclismo","9":"tag-cycling","10":"tag-deportes","11":"tag-es","12":"tag-espana","13":"tag-spain","14":"tag-sports"},"share_on_mastodon":{"url":"https:\/\/pubeurope.com\/@es\/115600089651239942","error":""},"_links":{"self":[{"href":"https:\/\/www.europesays.com\/es\/wp-json\/wp\/v2\/posts\/251722","targetHints":{"allow":["GET"]}}],"collection":[{"href":"https:\/\/www.europesays.com\/es\/wp-json\/wp\/v2\/posts"}],"about":[{"href":"https:\/\/www.europesays.com\/es\/wp-json\/wp\/v2\/types\/post"}],"author":[{"embeddable":true,"href":"https:\/\/www.europesays.com\/es\/wp-json\/wp\/v2\/users\/2"}],"replies":[{"embeddable":true,"href":"https:\/\/www.europesays.com\/es\/wp-json\/wp\/v2\/comments?post=251722"}],"version-history":[{"count":0,"href":"https:\/\/www.europesays.com\/es\/wp-json\/wp\/v2\/posts\/251722\/revisions"}],"wp:featuredmedia":[{"embeddable":true,"href":"https:\/\/www.europesays.com\/es\/wp-json\/wp\/v2\/media\/251723"}],"wp:attachment":[{"href":"https:\/\/www.europesays.com\/es\/wp-json\/wp\/v2\/media?parent=251722"}],"wp:term":[{"taxonomy":"category","embeddable":true,"href":"https:\/\/www.europesays.com\/es\/wp-json\/wp\/v2\/categories?post=251722"},{"taxonomy":"post_tag","embeddable":true,"href":"https:\/\/www.europesays.com\/es\/wp-json\/wp\/v2\/tags?post=251722"}],"curies":[{"name":"wp","href":"https:\/\/api.w.org\/{rel}","templated":true}]}}