{"id":251724,"date":"2025-11-23T17:03:09","date_gmt":"2025-11-23T17:03:09","guid":{"rendered":"https:\/\/www.europesays.com\/es\/251724\/"},"modified":"2025-11-23T17:03:09","modified_gmt":"2025-11-23T17:03:09","slug":"un-final-reconocible-club-baloncesto-ciudad-de-valladolid","status":"publish","type":"post","link":"https:\/\/www.europesays.com\/es\/251724\/","title":{"rendered":"Un final reconocible | Club Baloncesto Ciudad de Valladolid"},"content":{"rendered":"<p><strong>Valoraci\u00f3n.<\/strong> \u201cPara nosotros era un partido muy importante porque durante este mes por causas ajenas a nosotros no hemos podido jugar ning\u00fan partido en casa. Hemos tenido que jugar partido suspendido tres consecutivos fuera de casa, sabiendo lo dif\u00edcil que es ganar fuera de casa en esta liga. Unido a problemas f\u00edsicos y lesiones, el poder ir al par\u00f3n de las ventanas, que nos viene muy bien para coger fuerzas con un balance 6-1, es para estar muy contentos. Venir aqu\u00ed, aparte de que siempre es un lujo venir a Logro\u00f1o, una ciudad de baloncesto, y al Palacio a nivel como entrenador y como jugador, jugar aqu\u00ed es un aut\u00e9ntico lujo. Sabemos que Clavijo es un equipo muy peligroso, tiene mucho talento, sabemos que viene una semana complicada con el cambio de entrenador, pero eso al final siempre acaba espoleando a los jugadores, como se ha visto. Y a nivel de energ\u00eda, sabemos que nos tenemos que poner a su nivel de energ\u00eda, que ambos equipos ven\u00edamos con una rotaci\u00f3n un poco m\u00e1s corta de lo que nos gustar\u00eda, pero era parte de esto. Que Clavijo nos iba a atacar el rebote ofensivo, es uno de los mejores equipos de la liga con el rebote ofensivo, y nosotros estamos sufriendo mucho por esas bajas interiores que comentamos. Con lo cual eso lo ten\u00edamos claro, pero ellos nos han hecho da\u00f1o, han tenido much\u00edsimo acierto sobre todo en la primera parte, much\u00edsimo acierto en el tiro exterior, destacar el partido y me gustar\u00eda tener un gui\u00f1o hacia nuestros exjugador, hacia I\u00f1igo Royo, que creo que ha hecho un partidazo con much\u00edsimo acierto, y en ese sentido reiterar que para nosotros es un partido muy importante por recuperar sensaciones, que ven\u00edamos de hacer un mal partido y llegar al par\u00f3n con un balance 6-1\u201d.<\/p>\n<p><strong>Hab\u00e9is corrido con un ritmo muy alto, luego ellos os han parado, \u00bfc\u00f3mo lo has visto en ese sentido?<\/strong> \u201cS\u00ed, nosotros intentamos jugar a un ritmo alto, cuando no jugamos a un ritmo alto estamos m\u00e1s inc\u00f3modos, yo creo que ah\u00ed s\u00ed que se nota alguna de las bajas que tenemos el estar recuperando a jugadores como han sido los primeros minutos de Pau Carre\u00f1o durante toda la temporada. Cosas que hacen que cuando jugamos a campo abierto, cuando jugamos situaciones de transici\u00f3n, estamos siendo los mejores ataques de la liga, pero en el medio campo estamos sufriendo un poquito m\u00e1s, y yo creo que eso Clavijo lo sab\u00eda. Las primeras rotaciones del partido, por nuestra parte, nos han condicionado porque hemos bajado el ritmo, como debe nuestro, y yo creo que ellos sab\u00edan, como coment\u00e1bamos, que ten\u00eda que atacarnos con todo el tema del rebote, el rebote ofensivo, que ya viene siendo Clavijo uno de los mejores equipos de la competici\u00f3n en rebote ofensivo, y creo que ellos han hecho de la necesidad virtud que esas dos bajas de jugadores, pues han hecho que vayan con estructuras todav\u00eda m\u00e1s grandes, o sea, al final ha habido momentos en los que ten\u00edan pr\u00e1cticamente 3-4 a la vez, jugando con Pardina y con Hugo de 2 y de 3, y nosotros hab\u00edamos sufrido mucho. Es cuando ellos han sido capaces de tener segundas opciones, y creo que nos han frenado el ritmo, sobre todo a trav\u00e9s del rebote ofensivo, que sab\u00edamos que era algo que ellos iban a hacer, pero no hemos salido a contrarrestarlo hasta ciertos momentos, y creo que el inicio del partido es muy fluido, creo que el final es reconocible, creo que no es brillante, pese a la victoria, pese a lo contentos que estamos, creo que no es brillante, pero s\u00ed que es ya un juego m\u00e1s reconocible, que es el que nosotros intentamos hacer, y ah\u00ed ha estado una de las claves, sin duda\u201d.<\/p>\n","protected":false},"excerpt":{"rendered":"Valoraci\u00f3n. \u201cPara nosotros era un partido muy importante porque durante este mes por causas ajenas a nosotros no&hellip;\n","protected":false},"author":2,"featured_media":251725,"comment_status":"","ping_status":"","sticky":false,"template":"","format":"standard","meta":{"footnotes":""},"categories":[269],"tags":[299,298,168,25,24,23,167],"class_list":{"0":"post-251724","1":"post","2":"type-post","3":"status-publish","4":"format-standard","5":"has-post-thumbnail","7":"category-baloncesto","8":"tag-baloncesto","9":"tag-basketball","10":"tag-deportes","11":"tag-es","12":"tag-espana","13":"tag-spain","14":"tag-sports"},"share_on_mastodon":{"url":"https:\/\/pubeurope.com\/@es\/115600097660593693","error":""},"_links":{"self":[{"href":"https:\/\/www.europesays.com\/es\/wp-json\/wp\/v2\/posts\/251724","targetHints":{"allow":["GET"]}}],"collection":[{"href":"https:\/\/www.europesays.com\/es\/wp-json\/wp\/v2\/posts"}],"about":[{"href":"https:\/\/www.europesays.com\/es\/wp-json\/wp\/v2\/types\/post"}],"author":[{"embeddable":true,"href":"https:\/\/www.europesays.com\/es\/wp-json\/wp\/v2\/users\/2"}],"replies":[{"embeddable":true,"href":"https:\/\/www.europesays.com\/es\/wp-json\/wp\/v2\/comments?post=251724"}],"version-history":[{"count":0,"href":"https:\/\/www.europesays.com\/es\/wp-json\/wp\/v2\/posts\/251724\/revisions"}],"wp:featuredmedia":[{"embeddable":true,"href":"https:\/\/www.europesays.com\/es\/wp-json\/wp\/v2\/media\/251725"}],"wp:attachment":[{"href":"https:\/\/www.europesays.com\/es\/wp-json\/wp\/v2\/media?parent=251724"}],"wp:term":[{"taxonomy":"category","embeddable":true,"href":"https:\/\/www.europesays.com\/es\/wp-json\/wp\/v2\/categories?post=251724"},{"taxonomy":"post_tag","embeddable":true,"href":"https:\/\/www.europesays.com\/es\/wp-json\/wp\/v2\/tags?post=251724"}],"curies":[{"name":"wp","href":"https:\/\/api.w.org\/{rel}","templated":true}]}}