{"id":251728,"date":"2025-11-23T17:05:09","date_gmt":"2025-11-23T17:05:09","guid":{"rendered":"https:\/\/www.europesays.com\/es\/251728\/"},"modified":"2025-11-23T17:05:09","modified_gmt":"2025-11-23T17:05:09","slug":"siempre-he-pensado-que-eras-muy-pedante","status":"publish","type":"post","link":"https:\/\/www.europesays.com\/es\/251728\/","title":{"rendered":"Siempre he pensado que eras muy pedante"},"content":{"rendered":"<p class=\"article-text\">\n        Tras siete a\u00f1os sin pisar los plat\u00f3s de Telecinco, <strong>Pedro Ruiz<\/strong> se reencuentra con la cadena de Mediaset. El presentador fue entrevistado en <strong>El tiempo justo<\/strong> el pasado mes de septiembre, y este s\u00e1bado reapareci\u00f3 en pantalla de la mano de <strong>Fiesta<\/strong>.\n    <\/p>\n<p>    <a href=\"https:\/\/www.eldiario.es\/vertele\/videos\/actualidad\/rufian-entrevista-la-sexta-xplica-vito-quiles-bertrand-ndongo_7_12790366.html\" data-mrf-recirculation=\"saber-mas\" data-dl-event=\"saber-mas\" rel=\"nofollow noopener\" target=\"_blank\"><\/p>\n<p class=\"know-more__title\">Rufi\u00e1n explica en laSexta c\u00f3mo se prepara para responder a los agitadores de extrema derecha<\/p>\n<p>            <img decoding=\"async\" class=\"lazy\" loading=\"lazy\" data-src=\"https:\/\/static.eldiario.es\/clip\/6bb0427c-2c12-419d-b8c8-776936979f68_16-9-aspect-ratio_default_0.jpg\" src=\"data:image\/svg+xml,%3Csvg xmlns=\" http:=\"\" viewbox=\"0 0 880 495\" alt=\"Rufi\u00e1n explica en laSexta c\u00f3mo se prepara para responder a los agitadores de extrema derecha\"\/><\/p>\n<p>                            <img decoding=\"async\" class=\"ni-multimedia\" src=\"https:\/\/www.eldiario.es\/assets\/img\/svg\/icons\/gallery-video.h-2e826467718e0ad0cb33a0bdb174f603.svg\" alt=\"Rufi\u00e1n explica en laSexta c\u00f3mo se prepara para responder a los agitadores de extrema derecha\"\/><br \/>\n                        <\/a><\/p>\n<p class=\"article-text\">\n        Despu\u00e9s de ser recibido por <strong>Emma Garc\u00eda<\/strong>, lo primero que hizo fue, precisamente, justificar su presencia en una cadena a la que tantas veces critic\u00f3 por sus programas de cr\u00f3nica rosa. <strong>\u201cOs agradezco que me hay\u00e1is tra\u00eddo, porque yo he sido siempre muy cr\u00edtico con esta casa. Pero esta casa no te elimina y otras, s\u00ed\u201d<\/strong>, indic\u00f3 el catal\u00e1n. \u201cMe alegra que lo digas porque, efectivamente, es as\u00ed\u201d, a\u00f1adi\u00f3 su anfitriona.\n    <\/p>\n<p class=\"article-text\">\n        Hace solo dos a\u00f1os, cuando estaba a punto de regresar a RTVE con un breve programa, Ruiz se refiri\u00f3 a la cancelaci\u00f3n de uno de esos magacines que tanto detestaba. <strong>\u201cCelebro el fin de <\/strong><strong>S\u00e1lvame <\/strong><strong>porque ha vivido de hacer c\u00e1ncer de la vida de los dem\u00e1s\u201d<\/strong>, lleg\u00f3 a decir en una entrevista que concedida a <a href=\"https:\/\/www.eldiario.es\/vertele\/entrevistas\/pedro-ruiz-vuelve-tve-nada-del-otro-mundo-celebro-fin-salvame-porque-ha-vivido-hacer-cancer-vida-demas_1_10746300.html\" target=\"_blank\" data-mrf-recirculation=\"links-noticia\" class=\"link\" rel=\"nofollow noopener\"><strong>verTele<\/strong><\/a> con motivo de aquel ef\u00edmero proyecto.\n    <\/p>\n<p>            <img decoding=\"async\" class=\"lazy\" loading=\"lazy\" data-src=\"https:\/\/static.eldiario.es\/clip\/00cfc43c-dc26-476a-8c09-5f7cc0e79bf1_16-9-discover-aspect-ratio_default_0.jpg\" src=\"data:image\/svg+xml,%3Csvg xmlns=\" http:=\"\" viewbox=\"0 0 1200 675\" alt=\"Pedro Ruiz en el estreno de 'Nada del otro mundo' (La 1)\"\/><\/p>\n<p class=\"article-text\">\n        A pesar de todo, Emma Garc\u00eda intent\u00f3 ayer sacarle alguna opini\u00f3n sobre las rencillas de la familia Pantoja, aunque \u00e9l no quiso entrar al trapo. \u201cEl territorio de la vida privada de la gente no lo toco. La discreci\u00f3n es una forma de educaci\u00f3n\u201d, contest\u00f3.\n    <\/p>\n<p class=\"article-text\">\n        Acto seguido, despu\u00e9s de que \u00e9l explicara c\u00f3mo lleva la fama, la presentadora de Fiesta quiso ser \u201csincera\u201d con su invitado. <strong>\u201cYo siempre he pensado que eras muy pedante, muy pedante\u201d<\/strong>, le espet\u00f3, a lo que \u00e9l, sin tomarse m\u00e1s de un segundo, le respondi\u00f3 con un chascarrillo: \u201c\u00bfPero pedante por detr\u00e1s o por delante?\u201d. La vasca se ech\u00f3 a re\u00edr y le aclar\u00f3 que ya no tiene esa impresi\u00f3n acerca de \u00e9l: \u201cCreo que tienes tal conocimiento de tantas cosas, que sin querer puedes dar esa imagen\u201d.\n    <\/p>\n<p>    <a href=\"https:\/\/www.eldiario.es\/vertele\/noticias\/bailando-estrellas-sorprendio-expulsion-inesperada-definir-grupo-finalistas_1_12790061.html\" data-mrf-recirculation=\"saber-mas-abajo\" data-dl-event=\"saber-mas-abajo\" rel=\"nofollow noopener\" target=\"_blank\"><\/p>\n<p class=\"know-more__title\">&#8216;Bailando con las estrellas&#8217; sorprendi\u00f3 con una expulsi\u00f3n inesperada para definir su grupo de finalistas<\/p>\n<p>            <img decoding=\"async\" class=\"lazy\" loading=\"lazy\" data-src=\"https:\/\/static.eldiario.es\/clip\/f6772eff-f396-45f6-89b3-43812a0025e0_16-9-aspect-ratio_default_0.jpg\" src=\"data:image\/svg+xml,%3Csvg xmlns=\" http:=\"\" viewbox=\"0 0 880 495\" alt=\"'Bailando con las estrellas' sorprendi\u00f3 con una expulsi\u00f3n inesperada para definir su grupo de finalistas\"\/><\/p>\n<p>                        <\/a><\/p>\n<p class=\"article-text\">\n        Ruiz reconoci\u00f3 que incluso \u00e9l mismo se ha percibido de tal manera porque cuando se est\u00e1 \u201ca la defensiva\u201d, se puede parecer pedante. Pero, en cualquier caso, pidi\u00f3 a la periodista un poco de comprensi\u00f3n: <strong>\u201cNo te f\u00edes de los pedantes, pero dame una oportunidad\u201d<\/strong>, le dijo para acabar. \u201cMe ha gustado mucho conocerte\u201d, a\u00f1adi\u00f3 ella.\n    <\/p>\n","protected":false},"excerpt":{"rendered":"Tras siete a\u00f1os sin pisar los plat\u00f3s de Telecinco, Pedro Ruiz se reencuentra con la cadena de Mediaset.&hellip;\n","protected":false},"author":2,"featured_media":251729,"comment_status":"","ping_status":"","sticky":false,"template":"","format":"standard","meta":{"footnotes":""},"categories":[174],"tags":[255,12525,146,147,25,24,5134,256,3142,19109,63708,1822,31114,5106,9474,23,692,9885],"class_list":{"0":"post-251728","1":"post","2":"type-post","3":"status-publish","4":"format-standard","5":"has-post-thumbnail","7":"category-famosos","8":"tag-celebrities","9":"tag-emma","10":"tag-entertainment","11":"tag-entretenimiento","12":"tag-es","13":"tag-espana","14":"tag-explica","15":"tag-famosos","16":"tag-garcia","17":"tag-he","18":"tag-pedante","19":"tag-pedro","20":"tag-pensado","21":"tag-ruiz","22":"tag-sincera","23":"tag-spain","24":"tag-telecinco","25":"tag-vuelto"},"share_on_mastodon":{"url":"https:\/\/pubeurope.com\/@es\/115600105479035998","error":""},"_links":{"self":[{"href":"https:\/\/www.europesays.com\/es\/wp-json\/wp\/v2\/posts\/251728","targetHints":{"allow":["GET"]}}],"collection":[{"href":"https:\/\/www.europesays.com\/es\/wp-json\/wp\/v2\/posts"}],"about":[{"href":"https:\/\/www.europesays.com\/es\/wp-json\/wp\/v2\/types\/post"}],"author":[{"embeddable":true,"href":"https:\/\/www.europesays.com\/es\/wp-json\/wp\/v2\/users\/2"}],"replies":[{"embeddable":true,"href":"https:\/\/www.europesays.com\/es\/wp-json\/wp\/v2\/comments?post=251728"}],"version-history":[{"count":0,"href":"https:\/\/www.europesays.com\/es\/wp-json\/wp\/v2\/posts\/251728\/revisions"}],"wp:featuredmedia":[{"embeddable":true,"href":"https:\/\/www.europesays.com\/es\/wp-json\/wp\/v2\/media\/251729"}],"wp:attachment":[{"href":"https:\/\/www.europesays.com\/es\/wp-json\/wp\/v2\/media?parent=251728"}],"wp:term":[{"taxonomy":"category","embeddable":true,"href":"https:\/\/www.europesays.com\/es\/wp-json\/wp\/v2\/categories?post=251728"},{"taxonomy":"post_tag","embeddable":true,"href":"https:\/\/www.europesays.com\/es\/wp-json\/wp\/v2\/tags?post=251728"}],"curies":[{"name":"wp","href":"https:\/\/api.w.org\/{rel}","templated":true}]}}