{"id":251741,"date":"2025-11-23T17:15:17","date_gmt":"2025-11-23T17:15:17","guid":{"rendered":"https:\/\/www.europesays.com\/es\/251741\/"},"modified":"2025-11-23T17:15:17","modified_gmt":"2025-11-23T17:15:17","slug":"esta-condenada-a-convivir-con-la-ia-no-son-competidoras","status":"publish","type":"post","link":"https:\/\/www.europesays.com\/es\/251741\/","title":{"rendered":"\u00abEst\u00e1 condenada a convivir con la IA, no son competidoras\u00bb"},"content":{"rendered":"<p class=\"paragraph\">Para encontrar las primeras referencias de la <b>computaci\u00f3n cu\u00e1ntica<\/b> tenemos que retroceder a los a\u00f1os 80, cuando <b>Richard Feynman <\/b>y <b>David Deutsch<\/b> plantearon la posibilidad de computadoras capaces de resolver problemas imposibles para las m\u00e1quinas cl\u00e1sicas. Con la llegada del nuevo siglo, empresas como <b>Google <\/b>e <b><a href=\"https:\/\/www.eldebate.com\/ciencia\/20251014\/pais-vasco-inaugura-mayor-hito-tecnologico-espana-superordenador-cuantico-precedentes_344309.html\" title=\"El Pa\u00eds Vasco inaugura el mayor hito tecnol\u00f3gico de Espa\u00f1a: un superordenador cu\u00e1ntico sin precedentes\" rel=\"nofollow noopener\" target=\"_blank\">IBM <\/a><\/b>pusieron en marcha sus respectivos procesadores cu\u00e1nticos y, desde 2016, estos sistemas est\u00e1n disponibles en la nube.<\/p>\n<p class=\"paragraph\">Sin embargo, a pesar de los avances significativos registrados en este campo, <b>su aplicaci\u00f3n a\u00fan es limitada<\/b> debido al ruido cu\u00e1ntico y la peque\u00f1a escala de los qubits actuales, pero avanza r\u00e1pidamente. A la otra cara de la moneda tenemos a la <b><a href=\"https:\/\/www.eldebate.com\/ciencia\/20251120\/ultimo-haran-aviso-experto-sobre-futuro-investigacion-estalla-burbuja-ia_357045.html\" title=\"\u00abLo \u00faltimo que har\u00e1n...\u00bb: el aviso de un experto sobre el futuro de la investigaci\u00f3n si estalla la burbuja de la IA\" rel=\"nofollow noopener\" target=\"_blank\">Inteligencia Artificial (IA)<\/a><\/b>, la cu\u00e1l se ha convertido en una herramienta pr\u00e1cticamente implantada en su totalidad en nuestra sociedad. En un contexto en el que la IA sigue avanzando a pasos agigantados y con una computaci\u00f3n cu\u00e1ntica en una fase intermedia, distintos expertos se preguntan c\u00f3mo podr\u00e1n complementarse ambas tecnolog\u00edas.<\/p>\n<p class=\"paragraph\">De hecho, investigaciones actuales apuntan a que los ordenadores cu\u00e1nticos podr\u00edan <b>resolver ciertos problemas de aprendizaje autom\u00e1tico<\/b> de forma m\u00e1s eficiente que los sistemas cl\u00e1sicos, especialmente en an\u00e1lisis de grandes espacios de datos, optimizaci\u00f3n y simulaciones complejas.<\/p>\n<p class=\"paragraph\">Para responder esta y m\u00e1s dudas sobre ambas tecnolog\u00edas, El Debate ha charlado con <b>Juan Ignacio Cirac<\/b>, considerado uno de los padres de la computaci\u00f3n cu\u00e1ntica y director del <b>Instituto Max Planck de \u00d3ptica Cu\u00e1ntica en Garching (Alemania)<\/b>.<\/p>\n<p class=\"paragraph\"><b>\u2013\u00bfQu\u00e9 investigaciones est\u00e1s realizando actualmente en Alemania?<\/b><\/p>\n<p class=\"paragraph\">\u2013Trabajamos en desarrollar software para ordenadores cu\u00e1nticos y tambi\u00e9n en c\u00f3mo superordenadores cl\u00e1sicos pueden realizar algunas tareas cu\u00e1nticas sin tener ordenadores cu\u00e1nticos. Lo aprendido en f\u00edsica cu\u00e1ntica nos permite acelerar y mejorar los ordenadores cl\u00e1sicos.<\/p>\n<p class=\"paragraph\"><b>\u2013Ahora mismo estamos en un contexto en el que la IA ha transformado industrias completas. \u00bfConsideras que la computaci\u00f3n cu\u00e1ntica tiene el potencial de igualar o superar a corto o medio plazo ese impacto?<\/b><\/p>\n<p class=\"paragraph\">\u2013Es muy dif\u00edcil de juzgar. La computaci\u00f3n cu\u00e1ntica todav\u00eda est\u00e1 \u00abaqu\u00ed\u00bb: es algo que estamos construyendo. Sabemos que los ordenadores cu\u00e1nticos pueden tener un impacto que no podemos cuantificar en estos momentos porque hay muchas cosas desconocidas.<\/p>\n<p class=\"c-detail__cite \" id=\"m76130-76129-76131\">\n<p>Con el tiempo esperamos que complementen a los superordenadores actuales para c\u00e1lculos que hoy son imposiblesJuan Ignacio CiracDirector del Instituto Max Planck de \u00d3ptica Cu\u00e1ntica en Alemania<\/p>\n<p class=\"paragraph\"><b>\u2013\u00bfEn qu\u00e9 \u00e1mbitos concretos la computaci\u00f3n cu\u00e1ntica puede llegar a ser la tecnolog\u00eda m\u00e1s puntera o disruptiva?<\/b><\/p>\n<p class=\"paragraph\">\u2013En ciencia b\u00e1sica para resolver problemas cient\u00edficos; en farmac\u00e9utica, en el desarrollo de f\u00e1rmacos y reacciones qu\u00edmicas; en el dise\u00f1o de materiales con propiedades espec\u00edficas, como conductividad a bajas temperaturas. Tambi\u00e9n puede tener impacto en la industria mediante problemas de optimizaci\u00f3n. Y, por \u00faltimo, existe la posibilidad de que ayude a la inteligencia artificial, aunque todav\u00eda no podemos probarlo porque esos ordenadores a\u00fan no existen.<\/p>\n<p class=\"paragraph\"><b>\u2013En los \u00faltimos a\u00f1os la IA ha avanzado de manera explosiva, mientras que la computaci\u00f3n cu\u00e1ntica todav\u00eda progresa de forma m\u00e1s t\u00e9cnica. \u00bfQu\u00e9 escenarios se prev\u00e9n cuando la computaci\u00f3n cu\u00e1ntica est\u00e9 m\u00e1s asentada?<\/b><\/p>\n<p class=\"paragraph\">\u2013Es un recorrido, no un d\u00eda de llegada. Se est\u00e1n construyendo ordenadores cu\u00e1nticos m\u00e1s potentes, aunque a\u00fan no pueden competir con los ordenadores cl\u00e1sicos. Con el tiempo esperamos que complementen a los superordenadores actuales para c\u00e1lculos que hoy son imposibles.<\/p>\n<p class=\"c-detail__media__subtitle composite_image\">\n<p>        Juan Ignacio Cirac, director del Instituto Max Planck de \u00d3ptica Cu\u00e1ntica en AlemaniaCSIC<\/p>\n<p class=\"paragraph\"><b>\u2013\u00bfQu\u00e9 pasos hay que dar para que la computaci\u00f3n cu\u00e1ntica alcance un nivel de madurez comparable al de la IA?<\/b><\/p>\n<p class=\"paragraph\">\u2013Tenemos prototipos peque\u00f1os que a\u00fan procesan poca informaci\u00f3n y con errores. Hay que corregir errores y hacerlos m\u00e1s grandes. Es un proceso lento porque trabajan en condiciones extremas: temperaturas muy bajas, aislamiento perfecto, etc.<\/p>\n<p class=\"paragraph\"><b>\u2013Has mencionado que la computaci\u00f3n cu\u00e1ntica puede potenciar la IA. \u00bfEntonces no ves a ambas tecnolog\u00edas como competidoras?<\/b><\/p>\n<p class=\"paragraph\">\u2013No son competidoras, ni mucho menos. La IA nos ayuda a desarrollar ordenadores cu\u00e1nticos m\u00e1s r\u00e1pido. Y esperamos que, en el futuro, los ordenadores cu\u00e1nticos ayuden a mejorar y acelerar la IA. Aunque no podemos demostrarlo todav\u00eda.<\/p>\n<p class=\"c-detail__cite \" id=\"m76146-76145-76147\">\n<p>Un hito ser\u00eda que un ordenador cu\u00e1ntico detecte mensajes que no pueden descifrarse con ordenadores cl\u00e1sicosJuan Ignacio CiracDirector del Instituto Max Planck de \u00d3ptica Cu\u00e1ntica en Alemania<\/p>\n<p class=\"paragraph\"><b>\u2013\u00bfAlg\u00fan \u00e1mbito concreto de la IA que pueda ser potenciado por la computaci\u00f3n cu\u00e1ntica?<\/b><\/p>\n<p class=\"paragraph\">\u2013Es dif\u00edcil decirlo. Cualquier \u00e1mbito donde haya que procesar muchos datos. En mi campo cient\u00edfico tambi\u00e9n se utiliza IA y sin duda los ordenadores cu\u00e1nticos la potenciar\u00e1n, pero en otros campos me cuesta especificar.<\/p>\n<p class=\"paragraph\"><b>\u2013La IA plantea desaf\u00edos \u00e9ticos y de seguridad. Cuando la computaci\u00f3n cu\u00e1ntica est\u00e9 m\u00e1s implantada, \u00bfexistir\u00e1n riesgos en un futuro cu\u00e1ntico?<\/b><\/p>\n<p class=\"paragraph\">\u2013Como toda tecnolog\u00eda. Igual que los ordenadores actuales sirven para medicina o para aplicaciones militares, los cu\u00e1nticos tambi\u00e9n. Se necesita regulaci\u00f3n. Tambi\u00e9n pueden romper la criptograf\u00eda actual, aunque las tecnolog\u00edas cu\u00e1nticas tambi\u00e9n ofrecen nuevas formas de asegurar comunicaciones. Hay una parte que nos gusta y otra que no. Es tarea de los pol\u00edticos potenciar la buena y minimizar la mala.<\/p>\n<p class=\"paragraph\"><b>\u2013Hace poco se anunci\u00f3 la apertura del nuevo superordenador cu\u00e1ntico de IBM en el Pa\u00eds Vasco. \u00bfQu\u00e9 regiones o instituciones crees que liderar\u00e1n la carrera cu\u00e1ntica?<\/b><\/p>\n<p class=\"paragraph\">\u2013Hay varios aspectos. En hardware, Estados Unidos, Europa y China. Cada uno con sus ventajas: industria, recursos econ\u00f3micos o desarrollo cient\u00edfico. Tambi\u00e9n est\u00e1 el software y las aplicaciones: ah\u00ed es importante tener ordenadores cu\u00e1nticos para aprender a utilizarlos, como est\u00e1 haciendo el Pa\u00eds Vasco.<\/p>\n<p class=\"c-detail__media__subtitle composite_image\">\n<p>        Ilustraci\u00f3n 3D de un ordenador cu\u00e1ntico en funcionamientoGetty Images \/ Adventtr<\/p>\n<p class=\"paragraph\"><b>\u2013La IA tiene riesgos y costes energ\u00e9ticos; la computaci\u00f3n cu\u00e1ntica, retos de hardware y estabilidad. \u00bfCu\u00e1l enfrentar\u00e1 mayores limitaciones f\u00edsicas en el largo plazo?<\/b><\/p>\n<p class=\"paragraph\">\u2013No me gusta dar certezas sin demostrarlas. Esperamos que los ordenadores cu\u00e1nticos reemplacen en ciertas tareas a los cl\u00e1sicos, bien por eficiencia o por menor coste energ\u00e9tico. Con el tiempo deber\u00edan mejorar y aportar ventajas.<\/p>\n<p class=\"paragraph\"><b>\u2013En IA el mercado est\u00e1 dominado por unos pocos actores. \u00bfPasar\u00e1 lo mismo en computaci\u00f3n cu\u00e1ntica?<\/b><\/p>\n<p class=\"paragraph\">\u2013Depende porque hay varias plataformas tecnol\u00f3gicas. Seg\u00fan qu\u00e9 tecnolog\u00eda gane, liderar\u00e1n unas empresas u otras. Pero a largo plazo, como en otros sectores, surgir\u00e1n grandes empresas tecnol\u00f3gicas que lideren esta industria.<\/p>\n<p class=\"paragraph\"><b>\u2013En el inicio de una posible era cu\u00e1ntica, \u00bfcu\u00e1l ser\u00eda la primera se\u00f1al para decir que estamos entrando en ella?<\/b><\/p>\n<p class=\"paragraph\">\u2013Un hito ser\u00eda que un ordenador cu\u00e1ntico detecte mensajes que no pueden descifrarse con ordenadores cl\u00e1sicos. Eso indicar\u00eda su madurez. Esperamos que ocurra en los pr\u00f3ximos cinco o diez a\u00f1os, quiz\u00e1 un poco m\u00e1s.<\/p>\n<p class=\"paragraph\"><b>\u2013Proyect\u00e1ndote diez o veinte a\u00f1os: \u00bfc\u00f3mo imaginas la relaci\u00f3n entre IA y computaci\u00f3n cu\u00e1ntica? \u00bfCu\u00e1l definir\u00e1 m\u00e1s la sociedad del siglo XXI?<\/b><\/p>\n<p class=\"paragraph\">\u2013Est\u00e1n condenadas a convivir y se ayudar\u00e1n mutuamente. La IA ya nos afecta y lo har\u00e1 m\u00e1s. La computaci\u00f3n cu\u00e1ntica la acelerar\u00e1 y tambi\u00e9n encontrar\u00e1 aplicaciones propias que hoy no podemos prever.<\/p>\n","protected":false},"excerpt":{"rendered":"Para encontrar las primeras referencias de la computaci\u00f3n cu\u00e1ntica tenemos que retroceder a los a\u00f1os 80, cuando Richard&hellip;\n","protected":false},"author":2,"featured_media":251742,"comment_status":"","ping_status":"","sticky":false,"template":"","format":"standard","meta":{"footnotes":""},"categories":[80],"tags":[82,95,94,25,24,23],"class_list":{"0":"post-251741","1":"post","2":"type-post","3":"status-publish","4":"format-standard","5":"has-post-thumbnail","7":"category-economia","8":"tag-business","9":"tag-economia","10":"tag-economy","11":"tag-es","12":"tag-espana","13":"tag-spain"},"share_on_mastodon":{"url":"https:\/\/pubeurope.com\/@es\/115600144882121325","error":""},"_links":{"self":[{"href":"https:\/\/www.europesays.com\/es\/wp-json\/wp\/v2\/posts\/251741","targetHints":{"allow":["GET"]}}],"collection":[{"href":"https:\/\/www.europesays.com\/es\/wp-json\/wp\/v2\/posts"}],"about":[{"href":"https:\/\/www.europesays.com\/es\/wp-json\/wp\/v2\/types\/post"}],"author":[{"embeddable":true,"href":"https:\/\/www.europesays.com\/es\/wp-json\/wp\/v2\/users\/2"}],"replies":[{"embeddable":true,"href":"https:\/\/www.europesays.com\/es\/wp-json\/wp\/v2\/comments?post=251741"}],"version-history":[{"count":0,"href":"https:\/\/www.europesays.com\/es\/wp-json\/wp\/v2\/posts\/251741\/revisions"}],"wp:featuredmedia":[{"embeddable":true,"href":"https:\/\/www.europesays.com\/es\/wp-json\/wp\/v2\/media\/251742"}],"wp:attachment":[{"href":"https:\/\/www.europesays.com\/es\/wp-json\/wp\/v2\/media?parent=251741"}],"wp:term":[{"taxonomy":"category","embeddable":true,"href":"https:\/\/www.europesays.com\/es\/wp-json\/wp\/v2\/categories?post=251741"},{"taxonomy":"post_tag","embeddable":true,"href":"https:\/\/www.europesays.com\/es\/wp-json\/wp\/v2\/tags?post=251741"}],"curies":[{"name":"wp","href":"https:\/\/api.w.org\/{rel}","templated":true}]}}