{"id":251743,"date":"2025-11-23T17:16:10","date_gmt":"2025-11-23T17:16:10","guid":{"rendered":"https:\/\/www.europesays.com\/es\/251743\/"},"modified":"2025-11-23T17:16:10","modified_gmt":"2025-11-23T17:16:10","slug":"trump-acusa-a-zelenski-de-desagradecido-ante-los-esfuerzos-de-ee-uu-en-la-guerra-de-ucrania-internacional","status":"publish","type":"post","link":"https:\/\/www.europesays.com\/es\/251743\/","title":{"rendered":"Trump acusa a Zelenski de \u201cdesagradecido\u201d ante \u201clos esfuerzos\u201d de EE UU en la guerra de Ucrania | Internacional"},"content":{"rendered":"<p class=\"\">El presidente de Estados Unidos, Donald Trump, ha tachado a su hom\u00f3logo ucranio, Volod\u00edmir Zelenski, y su Gobierno de \u201cdesagradecidos\u201d por los esfuerzos de Washington en lo relacionado con la <a href=\"https:\/\/elpais.com\/internacional\/2025-11-22\/ultima-hora-de-la-guerra-entre-rusia-y-ucrania-en-directo.html#?rel=lom\" target=\"_self\" rel=\"nofollow noopener\" title=\"https:\/\/elpais.com\/internacional\/2025-11-22\/ultima-hora-de-la-guerra-entre-rusia-y-ucrania-en-directo.html#?rel=lom\">guerra con Rusia<\/a>, mientras en Ginebra representantes de su Administraci\u00f3n se re\u00fanen con una delegaci\u00f3n de Kiev y <a href=\"https:\/\/elpais.com\/internacional\/2025-11-22\/el-plan-de-ee-uu-para-ucrania-irrumpe-en-un-g-20-sin-trump-putin-y-xi.html\" target=\"_self\" rel=\"nofollow noopener\" title=\"https:\/\/elpais.com\/internacional\/2025-11-22\/el-plan-de-ee-uu-para-ucrania-irrumpe-en-un-g-20-sin-trump-putin-y-xi.html\">altos cargos europeos<\/a> para tratar sobre el plan de paz de 28 puntos que Estados Unidos ha presentado para zanjar el conflicto.<\/p>\n<p class=\"\">En un largo mensaje en su red social, Truth, Trump lanza una retah\u00edla de quejas sobre el comportamiento de los socios de Estados Unidos en la guerra, de la que, como suele hacer en cada ocasi\u00f3n en la que la cita, recuerda que no comenz\u00f3 bajo su mandato. Adem\u00e1s de criticar al Gobierno de Ucrania, el presidente estadounidense tambi\u00e9n menciona \u2014como ha hecho en otras ocasiones\u2014 que pa\u00edses europeos contin\u00faan comprando petr\u00f3leo a Mosc\u00fa, que tiene en su sector energ\u00e9tico el gran motor de su econom\u00eda y de su industria de guerra. \u201cEl \u2018liderazgo\u2019 de Ucrania ha expresado cero gratitud por nuestros esfuerzos, y Europa sigue comprando crudo a Rusia\u201d, escribe, en may\u00fasculas.<\/p>\n<p class=\"\">Mientras tanto, \u201cEstados Unidos sigue vendiendo enormes cantidades de armas a la OTAN para distribuci\u00f3n en Ucrania\u201d, se\u00f1ala Trump, que <a href=\"https:\/\/elpais.com\/internacional\/2025-11-21\/trump-da-a-zelenski-una-semana-para-responder-sobre-el-plan-de-paz-para-ucrania.html\" target=\"_self\" rel=\"nofollow noopener\" title=\"https:\/\/elpais.com\/internacional\/2025-11-21\/trump-da-a-zelenski-una-semana-para-responder-sobre-el-plan-de-paz-para-ucrania.html\">ha dado a Kiev hasta el jueves para responder<\/a> a un plan de paz que recoge las principales exigencias rusas para poner fin a los combates: el control de la regi\u00f3n oriental de Donb\u00e1s -incluido territorio que hoy est\u00e1 en manos ucranias- y la reducci\u00f3n dr\u00e1stica de las Fuerzas Armadas del pa\u00eds invadido. Otro requisito es la renuncia a perpetuidad de Kiev a ingresar en la Alianza Atl\u00e1ntica. <\/p>\n<p class=\"\">En caso de que <a href=\"https:\/\/elpais.com\/internacional\/2025-11-23\/la-tormenta-perfecta-se-cierne-sobre-zelenski.html\" target=\"_self\" rel=\"nofollow noopener\" title=\"https:\/\/elpais.com\/internacional\/2025-11-23\/la-tormenta-perfecta-se-cierne-sobre-zelenski.html\">Zelenski<\/a> y su Gobierno no acepten el ultim\u00e1tum, Estados Unidos retirar\u00eda su apoyo militar, incluida la colaboraci\u00f3n de inteligencia que Ucrania necesita a toda costa para protegerse de los ataques rusos y planear su estrategia militar. Pese a las presiones, Trump puntualiz\u00f3 el s\u00e1bado en declaraciones a la prensa que el plan que est\u00e1 sobre la mesa no era su <a href=\"https:\/\/elpais.com\/internacional\/2025-11-22\/trump-sugiere-que-podria-aceptar-cambios-en-su-plan-para-ucrania-no-es-mi-oferta-definitiva.html\" target=\"_self\" rel=\"nofollow noopener\" title=\"https:\/\/elpais.com\/internacional\/2025-11-22\/trump-sugiere-que-podria-aceptar-cambios-en-su-plan-para-ucrania-no-es-mi-oferta-definitiva.html\">\u201cpropuesta definitiva<\/a>\u201d.<\/p>\n<p class=\"\">Despu\u00e9s de que el plan se filtrase a la prensa a mediados de esta semana, la Administraci\u00f3n estadounidense present\u00f3 el documento como una propuesta propia, elaborada por el enviado especial de la Casa Blanca para conflictos internacionales, Steve Witkoff. <\/p>\n<p class=\"\">Este s\u00e1bado, un grupo de senadores asegur\u00f3 que el secretario de Estado estadounidense, Marco Rubio, les hab\u00eda explicado que el texto era una \u201clista de deseos\u201d de Rusia. El Departamento de Estado ha negado esas afirmaciones. Rubio encabeza junto a Witkoff la representaci\u00f3n de EE UU en las negociaciones en Ginebra este domingo. <\/p>\n<p class=\"\">En declaraciones al programa Meet the Press de la cadena NBC, el secretario del Tesoro estadounidense, Scott Bessent, expres\u00f3 su opini\u00f3n de que las negociaciones de paz van a seguir adelante, pero puntualiz\u00f3 que depende de cu\u00e1l sea la respuesta de Kiev. \u201cAl final, va a ser una decisi\u00f3n de los ucranios\u201d, se\u00f1al\u00f3 el alto cargo.<\/p>\n<p class=\"\">Los l\u00edderes europeos que participaron en la cumbre del G-20 este fin de semana en Johannesburgo han considerado que la propuesta, tal y como est\u00e1, es insuficiente y necesita \u201cm\u00e1s trabajo\u201d.<\/p>\n<p class=\"\">El supuesto \u201cdesagradecimiento\u201d de Zelenski y su Gobierno es un leitmotiv en la lista de quejas que Trump mantiene en torno a la guerra en Ucrania. En la primera reuni\u00f3n cara a cara entre los dos en el segundo mandato del republicano, el pasado febrero en el Despacho Oval, el presidente estadounidense y su vicepresidente, J. D. Vance, humillaron al ucranio con una bronca ostensible en la que le reprocharon, entre otras cosas, que no hubiera mostrado gratitud por la ayuda que Estados Unidos le hab\u00eda entregado.<\/p>\n<p class=\"\"> \u201cUsted no tiene las cartas\u201d para ganar, le espet\u00f3 Trump entonces, en una frase que ha vuelto a recordar esta semana para instar a Ucrania a aceptar el plan de paz. <\/p>\n","protected":false},"excerpt":{"rendered":"El presidente de Estados Unidos, Donald Trump, ha tachado a su hom\u00f3logo ucranio, Volod\u00edmir Zelenski, y su Gobierno&hellip;\n","protected":false},"author":2,"featured_media":251744,"comment_status":"","ping_status":"","sticky":false,"template":"","format":"standard","meta":{"footnotes":""},"categories":[42],"tags":[8738,17,18,70,71,72,352,629,700,13,14,69,7082,11,61,62,63,64,19,20,9,10,15,16,1613,1614,12,7081,21,22,1617,14181,65,66,67],"class_list":{"0":"post-251743","1":"post","2":"type-post","3":"status-publish","4":"format-standard","5":"has-post-thumbnail","7":"category-internacional","8":"tag-ataques-militares","9":"tag-breaking-news","10":"tag-breakingnews","11":"tag-conflictos","12":"tag-conflictos-armados","13":"tag-conflictos-internacionales","14":"tag-donald-trump","15":"tag-estados-unidos","16":"tag-europa","17":"tag-featured-news","18":"tag-featurednews","19":"tag-guerra","20":"tag-guerra-de-rusia-en-ucrania","21":"tag-headlines","22":"tag-internacional","23":"tag-international","24":"tag-international-news","25":"tag-internationalnews","26":"tag-latest-news","27":"tag-latestnews","28":"tag-news","29":"tag-noticias","30":"tag-noticias-destacadas","31":"tag-noticiasdestacadas","32":"tag-otan","33":"tag-rusia","34":"tag-titulares","35":"tag-ucrania","36":"tag-ultimas-noticias","37":"tag-ultimasnoticias","38":"tag-union-europea","39":"tag-volodimir-zelenski","40":"tag-world","41":"tag-world-news","42":"tag-worldnews"},"share_on_mastodon":{"url":"","error":"Validation failed: Text character limit of 500 exceeded"},"_links":{"self":[{"href":"https:\/\/www.europesays.com\/es\/wp-json\/wp\/v2\/posts\/251743","targetHints":{"allow":["GET"]}}],"collection":[{"href":"https:\/\/www.europesays.com\/es\/wp-json\/wp\/v2\/posts"}],"about":[{"href":"https:\/\/www.europesays.com\/es\/wp-json\/wp\/v2\/types\/post"}],"author":[{"embeddable":true,"href":"https:\/\/www.europesays.com\/es\/wp-json\/wp\/v2\/users\/2"}],"replies":[{"embeddable":true,"href":"https:\/\/www.europesays.com\/es\/wp-json\/wp\/v2\/comments?post=251743"}],"version-history":[{"count":0,"href":"https:\/\/www.europesays.com\/es\/wp-json\/wp\/v2\/posts\/251743\/revisions"}],"wp:featuredmedia":[{"embeddable":true,"href":"https:\/\/www.europesays.com\/es\/wp-json\/wp\/v2\/media\/251744"}],"wp:attachment":[{"href":"https:\/\/www.europesays.com\/es\/wp-json\/wp\/v2\/media?parent=251743"}],"wp:term":[{"taxonomy":"category","embeddable":true,"href":"https:\/\/www.europesays.com\/es\/wp-json\/wp\/v2\/categories?post=251743"},{"taxonomy":"post_tag","embeddable":true,"href":"https:\/\/www.europesays.com\/es\/wp-json\/wp\/v2\/tags?post=251743"}],"curies":[{"name":"wp","href":"https:\/\/api.w.org\/{rel}","templated":true}]}}