{"id":251750,"date":"2025-11-23T17:26:14","date_gmt":"2025-11-23T17:26:14","guid":{"rendered":"https:\/\/www.europesays.com\/es\/251750\/"},"modified":"2025-11-23T17:26:14","modified_gmt":"2025-11-23T17:26:14","slug":"liga-endesa-valencia-basket-se-deshace-de-leganes-en-menos-de-veinte-minutos","status":"publish","type":"post","link":"https:\/\/www.europesays.com\/es\/251750\/","title":{"rendered":"LIGA ENDESA | Valencia Basket se deshace de Legan\u00e9s en menos de veinte minutos"},"content":{"rendered":"<p class=\"ft-text\"><a class=\"ft-link ft-link--decoration\" href=\"https:\/\/www.superdeporte.es\/valencia-basket\/2025\/11\/23\/directo-valencia-basktet-leganes-124027420.html\" rel=\"nofollow noopener\" target=\"_blank\">Sexta victoria conseciutiva en Liga para Valencia Basket<\/a>. Las chicas de Rub\u00e9n Burgos pasaron por encima de Innova-TSN Legan\u00e9s con una actuaci\u00f3n muy coral del equipo, mostrando el gran talento y profundidad de banquillo del que goza su plantilla. <strong>En menos de 20 minutos el conjunto &#8216;taronja&#8217; ya rozaba el m\u00e1s 30 en un partido que se llev\u00f3 completamente resuelto al descanso<\/strong>, teniendo que jugar una segunda mitad m\u00e1s pl\u00e1cida y con la posibilidad de dosificar esfuerzos. <strong>La exhibici\u00f3n de Awa Fam en la pintura y en t\u00e9rminos de anotaci\u00f3n fue de lo m\u00e1s destacado de una ma\u00f1ana en la que tambi\u00e9n sobresali\u00f3 Leo Fiebich. <\/strong><\/p>\n<p class=\"ft-text\"><strong>Valencia Basket arranc\u00f3 con el rodillo activado<\/strong>. Awa Fam en la pintura, Ara\u00fajo y Abdelkader desde la l\u00ednea de triples pon\u00edan un <strong>parcial de 8-0 para abrir boca<\/strong>. Apenas trataba de resistir Legan\u00e9s con una Andelova que hac\u00eda la guerra por su cuenta y que <strong>no frenaba el \u2018chorreo\u2019 con otra gran canasta de Awa Fam y un nuevo triple de Leti Romero que forzaba el primer tiempo muerto<\/strong>. Legan\u00e9s volvi\u00f3 encestando y el conjunto \u2018taronja\u2019 castigando m\u00e1s todav\u00eda, otro triple, esta vez de Fiebich y jugad\u00f3n colectivo rematado por Queralt Casas.<\/p>\n<p class=\"ft-text\">Se quiso meter en el partido con una contra r\u00e1pida y un triple de Sangar\u00e9 el cuadro madrile\u00f1o y Rub\u00e9n Burgos solicitaba el tiempo muerto para abortar la reacci\u00f3n visitante. El partido se sum\u00eda en el intercambio de golpes con un nivel alt\u00edsimo de Sangar\u00e9 y con Queralt manteniendo la ventaja para las valencianas. <strong>Fiebich y Alexander marcaban las diferencias para llevar el partido al final del primer cuarto con una s\u00f3lida ventaja para las suyas (29-16)<\/strong>.<\/p>\n<p>Ba\u00f1o en el segundo cuarto<\/p>\n<p class=\"ft-text\">El inicio del segundo cuarto dej\u00f3 patente la apabullante diferencia entre ambos equipos, con Legan\u00e9s atacando de forma precipitada y <strong>Valencia Basket articulando jugadas certeras para arrancar con un parcial de 6-0<\/strong>. Las de Rub\u00e9n Burgos pon\u00edan muy alto el list\u00f3n, penalizando sin parar a su rival y dejando en an\u00e9cdota sus t\u00edmidas canastas. <strong>En el ecuador del segundo cuarto la distancia ya era cercana al m\u00e1s 30 y a pesar de que Legan\u00e9s le quiso poner algo de maquillaje, el partido se fue resuelto al descanso (51-26).<\/strong><\/p>\n<p><img decoding=\"async\" src=\"https:\/\/www.europesays.com\/es\/wp-content\/uploads\/2025\/11\/bff62b78-50a4-462a-9c5a-17445a0e20d1_alta-libre-aspect-ratio_default_0.jpg\" width=\"1200\" height=\"829\" alt=\"Las jugadoras de Valencia Basket escuchando a su entrenador\" class=\"ft-helper-img-rd\" loading=\"lazy\"\/><\/p>\n<p class=\"ft-helper-fontColor-quaternary ft-helper-fontSize-body-S ft-helper-spacer-t-xxs\">Las jugadoras de Valencia Basket escuchando a su entrenador  \/ M.A. Montesinos<\/p>\n<p class=\"ft-text\">El tercer cuarto arranc\u00f3 con m\u00e1s igualdad que los dos anteriores, con un ritmo anotador m\u00e1s bajo y compartido por ambos equipos. <strong>Las imprecisiones se adue\u00f1aban del juego, con poca pausa y poca precisi\u00f3n en la toma de decisiones, dando pie incluso a largos periodos \u2018secos\u2019 de anotaci\u00f3n.<\/strong> De hecho el Legan\u00e9s acab\u00f3 mucho mejor, <strong>rebaj\u00f3 el +20 de Valencia Basket y empat\u00f3 el cuarto (18-18)<\/strong>. Insuficiente para llevar el partido con emoci\u00f3n al \u00faltimo periodo, pero <strong>ofreciendo un conato de rebeld\u00eda (69-44).<\/strong><\/p>\n<p class=\"ft-text\">El \u00faltimo cuarto tuvo tambi\u00e9n a un Valencia Basket enchufado al que solamente el estratosf\u00e9rico nivel de Sangar\u00e9 imped\u00eda que se convirtiera en un marcador realmente sonrojante para las suyas.<strong> El acierto de, entre otras, Fiebich, hac\u00eda que el marcador &#8216;taronja&#8217; creciese mucho m\u00e1s r\u00e1pido que el de su hom\u00f3logo<\/strong>. El equipo acab\u00f3 tomando velocidad de crucero, acelerando su ritmo anotador para ponerlo al nivel de los primeros cuartos y qued\u00e1ndose a un punto de los 90. (89-59).<\/p>\n","protected":false},"excerpt":{"rendered":"Sexta victoria conseciutiva en Liga para Valencia Basket. Las chicas de Rub\u00e9n Burgos pasaron por encima de Innova-TSN&hellip;\n","protected":false},"author":2,"featured_media":251751,"comment_status":"","ping_status":"","sticky":false,"template":"","format":"standard","meta":{"footnotes":""},"categories":[269],"tags":[299,1918,298,168,14604,25,24,7384,665,1264,17893,23,167,235,2916,24804],"class_list":{"0":"post-251750","1":"post","2":"type-post","3":"status-publish","4":"format-standard","5":"has-post-thumbnail","7":"category-baloncesto","8":"tag-baloncesto","9":"tag-basket","10":"tag-basketball","11":"tag-deportes","12":"tag-deshace","13":"tag-es","14":"tag-espana","15":"tag-leganes","16":"tag-liga-endesa","17":"tag-minutos","18":"tag-ruben-burgos","19":"tag-spain","20":"tag-sports","21":"tag-valencia","22":"tag-valencia-basket","23":"tag-veinte"},"share_on_mastodon":{"url":"https:\/\/pubeurope.com\/@es\/115600188414686513","error":""},"_links":{"self":[{"href":"https:\/\/www.europesays.com\/es\/wp-json\/wp\/v2\/posts\/251750","targetHints":{"allow":["GET"]}}],"collection":[{"href":"https:\/\/www.europesays.com\/es\/wp-json\/wp\/v2\/posts"}],"about":[{"href":"https:\/\/www.europesays.com\/es\/wp-json\/wp\/v2\/types\/post"}],"author":[{"embeddable":true,"href":"https:\/\/www.europesays.com\/es\/wp-json\/wp\/v2\/users\/2"}],"replies":[{"embeddable":true,"href":"https:\/\/www.europesays.com\/es\/wp-json\/wp\/v2\/comments?post=251750"}],"version-history":[{"count":0,"href":"https:\/\/www.europesays.com\/es\/wp-json\/wp\/v2\/posts\/251750\/revisions"}],"wp:featuredmedia":[{"embeddable":true,"href":"https:\/\/www.europesays.com\/es\/wp-json\/wp\/v2\/media\/251751"}],"wp:attachment":[{"href":"https:\/\/www.europesays.com\/es\/wp-json\/wp\/v2\/media?parent=251750"}],"wp:term":[{"taxonomy":"category","embeddable":true,"href":"https:\/\/www.europesays.com\/es\/wp-json\/wp\/v2\/categories?post=251750"},{"taxonomy":"post_tag","embeddable":true,"href":"https:\/\/www.europesays.com\/es\/wp-json\/wp\/v2\/tags?post=251750"}],"curies":[{"name":"wp","href":"https:\/\/api.w.org\/{rel}","templated":true}]}}