{"id":251754,"date":"2025-11-23T17:28:11","date_gmt":"2025-11-23T17:28:11","guid":{"rendered":"https:\/\/www.europesays.com\/es\/251754\/"},"modified":"2025-11-23T17:28:11","modified_gmt":"2025-11-23T17:28:11","slug":"los-looks-mas-caneros-en-el-gran-premio-de-las-vegas-de-formula-1","status":"publish","type":"post","link":"https:\/\/www.europesays.com\/es\/251754\/","title":{"rendered":"los &#8216;looks&#8217; m\u00e1s ca\u00f1eros en el Gran Premio de Las Vegas de F\u00f3rmula 1"},"content":{"rendered":"<p class=\"c-paragraph\">Nevada se convert\u00eda este fin de semana en uno de los escenarios m\u00e1s relevantes del mundo del deporte, acogiendo la \u00faltima edici\u00f3n del <b>Gran Premio de F\u00f3rmula 1 de Las Vegas<\/b>, que, aunque apuntaba que terminar\u00eda con la victoria de\u00a0Lando Norris, fue un error de este el que llev\u00f3 a su contrincante m\u00e1s directo,\u00a0Max Verstappen, a hacerse con la primera posici\u00f3n del podio. Representando a Espa\u00f1a y, mientras su padre presid\u00eda el alumbrado de Navidad de Madrid, <b>Carlos Sainz termin\u00f3 en la s\u00e9ptima posici\u00f3n<\/b>.<\/p>\n<p class=\"c-paragraph\">M\u00e1s all\u00e1 del deporte, si hay algunas invitadas que se convirtieron en el objetivo de todos los focos, esas fueron <b>Cynthia Erivo<\/b>, <b>Beyonc\u00e9<\/b>, <b>Naomi Campbell<\/b> y <b>Victoria Justice<\/b>, transformando el circuito en su propia alfombra roja con los &#8216;looks&#8217; m\u00e1s ca\u00f1eros de la velada. Te contamos cu\u00e1les fueron los mejores estilismos que eligieron las celebrities para celebrar la F\u00f3rmula 1.<\/p>\n<p>Los mejores &#8216;looks&#8217; de las celebrities en el Gran Premio de las Vegas de F\u00f3rmula 1<\/p>\n<p class=\"c-paragraph\"><b>Beyonc\u00e9<\/b> llegaba junto a su pareja, el rapero <b>Jay-Z<\/b>, convertida en toda una piloto. Mientras \u00e9l escog\u00eda un &#8216;total look&#8217; negro, con gafas de sol incluidas y botas marrones, ella se enfundaba en un mono de Louis Vuitton, ajustado y dise\u00f1ado con cierre de cremallera en el frente, que la artista aprovech\u00f3 para presumir de escote y dar un punto femenino al &#8216;outfit&#8217;, que remat\u00f3 con unas gafas de aviador.<\/p>\n<p class=\"c-paragraph\">En medio de la pol\u00e9mica de su relaci\u00f3n con Ariana Grande tras las premiers de &#8216;Wicked&#8217;, <b>Cynthia Erivo <\/b>apost\u00f3 por un estilismo de lo m\u00e1s ca\u00f1ero, con una biker negra y, sobre ella, otra oversize, con efecto lavado a tono con los vaqueros, con el bajo acampanado. Complet\u00f3 el &#8216;look&#8217; con unas botas marrones, un bolso negro y una impresionante manicura blanca, al estilo &#8216;mob wife&#8217;, que daba un toque muy potente a su imagen.<\/p>\n<p class=\"c-paragraph\"><b>Victoria Justice <\/b>apost\u00f3 por un estilismo m\u00e1s sencillo y juvenil, con vaqueros relajados y un top blanco, que elev\u00f3 con una biker de color gris con franjas granates, a tono con su gorra y, obviamente, con su lip combo.\u00a0<\/p>\n<p class=\"c-paragraph\">Como una aut\u00e9ntica diva, por \u00faltimo, llegaba <b>Naomi Campbell<\/b>. Lo hac\u00eda enfundada en un mono de cuero de color burdeos, con escote en pico, que combinaba con unas botas marrones y una gabardina con print de serpiente, que se convert\u00eda en la protagonista del &#8216;look&#8217;. Para darle un extra de misterio, lo remataba con unas gafas de sol.<\/p>\n<p class=\"c-paragraph\">Estos fueron los estilismos m\u00e1s potentes de las celebrities para celebrar este gran premio de motociclismo.<\/p>\n","protected":false},"excerpt":{"rendered":"Nevada se convert\u00eda este fin de semana en uno de los escenarios m\u00e1s relevantes del mundo del deporte,&hellip;\n","protected":false},"author":2,"featured_media":251755,"comment_status":"","ping_status":"","sticky":false,"template":"","format":"standard","meta":{"footnotes":""},"categories":[174],"tags":[6632,255,60977,146,147,60978,25,24,256,54123,4417,23],"class_list":{"0":"post-251754","1":"post","2":"type-post","3":"status-publish","4":"format-standard","5":"has-post-thumbnail","7":"category-famosos","8":"tag-beyonce","9":"tag-celebrities","10":"tag-cynthia","11":"tag-entertainment","12":"tag-entretenimiento","13":"tag-erivo","14":"tag-es","15":"tag-espana","16":"tag-famosos","17":"tag-looks","18":"tag-los","19":"tag-spain"},"share_on_mastodon":{"url":"https:\/\/pubeurope.com\/@es\/115600195823529498","error":""},"_links":{"self":[{"href":"https:\/\/www.europesays.com\/es\/wp-json\/wp\/v2\/posts\/251754","targetHints":{"allow":["GET"]}}],"collection":[{"href":"https:\/\/www.europesays.com\/es\/wp-json\/wp\/v2\/posts"}],"about":[{"href":"https:\/\/www.europesays.com\/es\/wp-json\/wp\/v2\/types\/post"}],"author":[{"embeddable":true,"href":"https:\/\/www.europesays.com\/es\/wp-json\/wp\/v2\/users\/2"}],"replies":[{"embeddable":true,"href":"https:\/\/www.europesays.com\/es\/wp-json\/wp\/v2\/comments?post=251754"}],"version-history":[{"count":0,"href":"https:\/\/www.europesays.com\/es\/wp-json\/wp\/v2\/posts\/251754\/revisions"}],"wp:featuredmedia":[{"embeddable":true,"href":"https:\/\/www.europesays.com\/es\/wp-json\/wp\/v2\/media\/251755"}],"wp:attachment":[{"href":"https:\/\/www.europesays.com\/es\/wp-json\/wp\/v2\/media?parent=251754"}],"wp:term":[{"taxonomy":"category","embeddable":true,"href":"https:\/\/www.europesays.com\/es\/wp-json\/wp\/v2\/categories?post=251754"},{"taxonomy":"post_tag","embeddable":true,"href":"https:\/\/www.europesays.com\/es\/wp-json\/wp\/v2\/tags?post=251754"}],"curies":[{"name":"wp","href":"https:\/\/api.w.org\/{rel}","templated":true}]}}