{"id":251756,"date":"2025-11-23T17:31:13","date_gmt":"2025-11-23T17:31:13","guid":{"rendered":"https:\/\/www.europesays.com\/es\/251756\/"},"modified":"2025-11-23T17:31:13","modified_gmt":"2025-11-23T17:31:13","slug":"avance-del-capitulo-722-de-la-promesa-que-se-puede-ver-este-lunes-en-rtve-tono-y-manuel-deciden-averiguar-si-enora-miente-mundo-deportivo","status":"publish","type":"post","link":"https:\/\/www.europesays.com\/es\/251756\/","title":{"rendered":"Avance del cap\u00edtulo 722 de &#039;La Promesa&#039; que se puede ver este lunes en RTVE: To\u00f1o y Manuel deciden averiguar si Enora miente &#8211; Mundo Deportivo"},"content":{"rendered":"<ol>\n<li><a href=\"https:\/\/news.google.com\/rss\/articles\/CBMi_AFBVV95cUxPV0w2WXdiQnRYTDZzWEJhU2kwczFVaUV6alRKYldIQlEzVDhIZmFiWW9wa19rcmpBTWVTbUVwMkVwY2dvOEU3Vm83cUlZS3E1dC1sQzZrTHZvVEM4NDJDZExlT1NscjFEVXM4aE1fQzlmcy1YSXZvMWctLTNxeWF0elRyYzRBU1ZMLUJEMGdraFYxQ1h1WVJWTjdMeEMwQlRCdGxMWDdPNFdnNjFCdlJZeE5xX1dJNHpJT2d3U0poc2pWYWdRakg4NXA4UmJSYVhuZ05yUWh6ZURCdVkzUHdGelJlSUZHeU1hRUxGWHc1MkFvR3NuQUp2aEQxcUTSAYoCQVVfeXFMTlYxTkdReGhQSEhmOF9oc2diVzg1WTZjdUFlUnNpenQ3QkxSYUVyci15QXplNXE2Y0doelhpdEVzYXVOdEdqd2RnQ3R6Y2xZbk91cXFfbjV5UmszNkxta3QtSldJb0NsaWc0WTRNYWRlc1lxUzhUVElqdHc4QmR2MkV1Y3JHaHA0NFhlbWpmUXhzelpENlBPNjduVXpQYnptWUhXRE82WlV3OXB0bUZVZnpFQ3RYUFV3UjZTTE9nYWhGQ2ZRa0w3a1l4UTVrNFN1M1BfeTM0cUotczJmSDVPRHFOU1ZTa0xGeXJRVFJVRjFUZi1GV0dYeTRZNzJEWlhuRzlDbUNZZ2k1N3c?oc=5\" target=\"_blank\" rel=\"nofollow noopener\">Avance del cap\u00edtulo 722 de &#8216;La Promesa&#8217; que se puede ver este lunes en RTVE: To\u00f1o y Manuel deciden averiguar si Enora miente<\/a>&nbsp;&nbsp;Mundo Deportivo<\/li>\n<li><a href=\"https:\/\/news.google.com\/rss\/articles\/CBMimAFBVV95cUxOa01vS0RlZEhsdS1TaC1TUjZSUWhreWpkYlZrWWVOLW5DN0o0RG5qOXc2Y3BKNXJiYWdvbEJmay15c1FwY0x1cHhDQlB2eGdtbkJTX2RjN3V2TlRYcVg2TUgtaUZ5SlllalhhcENzZjBUNHJwRW1vYnhURlI4WFJaM0pkdUJXaHgtSE5xQk40OVFYeEp1bFFxaA?oc=5\" target=\"_blank\" rel=\"nofollow noopener\">Avance semanal de &#8216;La Promesa&#8217; del 24 al 28 de noviembre: Curro y Lorenzo, la venganza m\u00e1s esperada<\/a>&nbsp;&nbsp;RTVE.es<\/li>\n<li><a href=\"https:\/\/news.google.com\/rss\/articles\/CBMiwAFBVV95cUxOWkRwMk5jWmFBRFpsbkdWTVQzZkRVSTcxRmFyd0ZNRHp3blQ2SHdPb2JVNGdITmpYZnR5Q3pMdWl0eDVHQmlDdDdHY3JhcjV3b3c5WFMtcnU5cm52dFV6QU1kcUViUmhDT2t4dVJTTnNFYllQM3lPWjBDb1lCeHM0SkF0T3drbEZ0MW16a3RsbjljNTZlaHZFWjRrRTVvY1JGcWNqbFN6UnB3NjE2OUpiM2ZtLTIzMXRXTzV0RGtKeUnSAcYBQVVfeXFMUHlKeEJIakdqd0p3RzVRSkt0TmxqMGFxOHZ1M2Rtb1N5N01Yc2lRRGVyM2djZmVYazVEemVCaURKWG1Dem9OYWQ5SHJ0X05HVDVMWk53Wk52QnhsRUZDM2FaMTA1aEJJcEJXU29XTzRfcjJsMllyTWtYVFc2Nk5RYUdvMzJNVDJOTHZaaWdkb1VMQmtUT1ExVHQxWS1NWXRZbXJOV2lWRDN4eE1uc0VYN1FIRkMyUnpQRDhZdW1tX1NJOUljU09R?oc=5\" target=\"_blank\" rel=\"nofollow noopener\">Avance del cap\u00edtulo 722 de &#8216;La Promesa&#8217;: \u00c1ngela, Lorenzo y una boda que no traer\u00e1 nada bueno<\/a>&nbsp;&nbsp;La Vanguardia<\/li>\n<li><a href=\"https:\/\/news.google.com\/rss\/articles\/CBMiuwFBVV95cUxPZ2QyRFVIbm1GdTZuNkRtOWpDbERLUkpPVkJ1NXZjNE5XUVZ0R3I4SUduYVpyTTkzYjVoa1VhaHlRZG8xY281U0U1X0Z5dFdKT1RwLUpZSkdLcTJkLWpCSVFSS3o2Q0V4RDcyN1E4blJsdXF0QnpGak1DZkxaSUYzYlQwa3RtRHhMN1BUY2tRX1A5Wl9PcERVc2hwYzRralQ1WnVGSmpZR0tBaUVFUTdMS2FpN21FaUdsSnd30gHAAUFVX3lxTE42cGlzNDFBRy1yWFpoV0d5RDYwQUNmdTY4b3dsbE5aM2NBbHBVcUtTWTdyQkZIdXRtMXU1QmxuVjBlYVo4NzZ0QzltOUtsNzI1SFFHNkp3U1c5dFFGa2tDNncyWEZXeU50MWZyZjg0eDRwdlVUeVdtdWc2QVBkbnJZVEtaRnJjaUJZakdHZUFnbURKdGNOQkVWWWloU29kOVFQNnNBYVc3VlZrMFRHX2xNOU5aZE45NWFFTDNFWnMxWQ?oc=5\" target=\"_blank\" rel=\"nofollow noopener\">Avance del cap\u00edtulo de \u2018La Promesa\u2019 de hoy: Martina anuncia su partida y Alonso no logra detene&#8230;<\/a>&nbsp;&nbsp;OkDiario<\/li>\n<li><a href=\"https:\/\/news.google.com\/rss\/articles\/CBMiiAFBVV95cUxOSGxKT0pyRk03QW14ZXpFdVp2VFE3allDV0ZkN1ZDYVVQei1ZU2NnSGJKenZ2NnA1ck40cnpQWUpQUWI3X3pvSnI1d1R5d2I4Y19TTzNVZDFScGxFN3BGOWoxT2tqUDMwSjFLQ29VU2JjOXpSYWFGZVNjSEhQN1k4cWlrLUlkOF820gGIAUFVX3lxTE95aU9YQTU1VXoyZnZudkJLRlVPUkZkOUxhQWhKM2VTYzhNLTBjQm5XVXhoSkdKRHQ2ZTdXcFdGdGZqWUVSR01FLXZfWG0zWnl6YUsweUt0d1BLZk1DTE9CY0FBU3hnVGpVaXZEcXJkNVdKa2FITERVWC1Zc3BxbFNGMHJNdFlBdEk?oc=5\" target=\"_blank\" rel=\"nofollow noopener\">&#8216;La Promesa&#8217;, avance del cap\u00edtulo de hoy, viernes 21 de noviembre: nadie puede retener a Martina<\/a>&nbsp;&nbsp;El Mundo<\/li>\n<\/ol>\n","protected":false},"excerpt":{"rendered":"Avance del cap\u00edtulo 722 de &#8216;La Promesa&#8217; que se puede ver este lunes en RTVE: To\u00f1o y Manuel&hellip;\n","protected":false},"author":2,"featured_media":248356,"comment_status":"","ping_status":"","sticky":false,"template":"","format":"standard","meta":{"footnotes":""},"categories":[171],"tags":[146,147,25,24,23,214],"class_list":{"0":"post-251756","1":"post","2":"type-post","3":"status-publish","4":"format-standard","5":"has-post-thumbnail","7":"category-tv","8":"tag-entertainment","9":"tag-entretenimiento","10":"tag-es","11":"tag-espana","12":"tag-spain","13":"tag-tv"},"share_on_mastodon":{"url":"https:\/\/pubeurope.com\/@es\/115600207644922378","error":""},"_links":{"self":[{"href":"https:\/\/www.europesays.com\/es\/wp-json\/wp\/v2\/posts\/251756","targetHints":{"allow":["GET"]}}],"collection":[{"href":"https:\/\/www.europesays.com\/es\/wp-json\/wp\/v2\/posts"}],"about":[{"href":"https:\/\/www.europesays.com\/es\/wp-json\/wp\/v2\/types\/post"}],"author":[{"embeddable":true,"href":"https:\/\/www.europesays.com\/es\/wp-json\/wp\/v2\/users\/2"}],"replies":[{"embeddable":true,"href":"https:\/\/www.europesays.com\/es\/wp-json\/wp\/v2\/comments?post=251756"}],"version-history":[{"count":0,"href":"https:\/\/www.europesays.com\/es\/wp-json\/wp\/v2\/posts\/251756\/revisions"}],"wp:featuredmedia":[{"embeddable":true,"href":"https:\/\/www.europesays.com\/es\/wp-json\/wp\/v2\/media\/248356"}],"wp:attachment":[{"href":"https:\/\/www.europesays.com\/es\/wp-json\/wp\/v2\/media?parent=251756"}],"wp:term":[{"taxonomy":"category","embeddable":true,"href":"https:\/\/www.europesays.com\/es\/wp-json\/wp\/v2\/categories?post=251756"},{"taxonomy":"post_tag","embeddable":true,"href":"https:\/\/www.europesays.com\/es\/wp-json\/wp\/v2\/tags?post=251756"}],"curies":[{"name":"wp","href":"https:\/\/api.w.org\/{rel}","templated":true}]}}