{"id":251757,"date":"2025-11-23T17:33:12","date_gmt":"2025-11-23T17:33:12","guid":{"rendered":"https:\/\/www.europesays.com\/es\/251757\/"},"modified":"2025-11-23T17:33:12","modified_gmt":"2025-11-23T17:33:12","slug":"todos-los-ninos-de-los-80-vieron-esta-pelicula-pero-36-anos-despues-casi-nadie-la-recuerda","status":"publish","type":"post","link":"https:\/\/www.europesays.com\/es\/251757\/","title":{"rendered":"Todos los ni\u00f1os de los 80 vieron esta pel\u00edcula, pero 36 a\u00f1os despu\u00e9s, casi nadie la recuerda"},"content":{"rendered":"<p>En su momento, <strong>Don Bluth era lo m\u00e1s parecido a la Pixar actual<\/strong>. El mundo miraba con ojos como platos cada vez que se presentaba uno de sus trailers. Considerado uno de los mayores maestros de la animaci\u00f3n, su historial incluye t\u00edtulos como:<\/p>\n<ul>\n<li>NIMH, el mundo secreto de la se\u00f1ora Brisby<\/li>\n<li>Fievel y el Nuevo Mundo<\/li>\n<li>Todos los perros van al cielo<\/li>\n<li><strong>Anastasia<\/strong><\/li>\n<li>Titan A.E.<\/li>\n<\/ul>\n<p>Adem\u00e1s, tambi\u00e9n fue el <strong>creador del c\u00e9lebre videojuego Dragon\u2019s Lair<\/strong>, el cual tiene en desarrollo una adaptaci\u00f3n cinematogr\u00e1fica en la que el propio Bluth participa como productor.<\/p>\n<p>Dinosaurios<\/p>\n<p>A finales de la d\u00e9cada de los 80, <strong>los dinosaurios estaban muy de moda<\/strong> en todo el mundo. En Espa\u00f1a, por ejemplo, era com\u00fan encontrar decenas de productos en las tiendas y en los quioscos. El coleccionable para construir tu propio dinosaurio, por ejemplo, fue un gran \u00e9xito.<\/p>\n<p>Todav\u00eda faltaban unos a\u00f1os para que, <strong>en 1993, se estrenara Parque Jur\u00e1sico<\/strong>, pero el mundo ya estaba totalmente prendado de los dinosaurios.<\/p>\n<p>Recaudaci\u00f3n millonaria<\/p>\n<p>La pel\u00edcula cost\u00f3 12,3 millones de d\u00f3lares y <strong>termin\u00f3 recaudando 84,5 millones<\/strong>. El \u00e9xito fue extremadamente alto, convirti\u00e9ndose en la segunda pel\u00edcula m\u00e1s taquillera de Bluth por detr\u00e1s de Anastasia.<\/p>\n<p><strong>A Steven Spielberg le gust\u00f3 tanto<\/strong> el proyecto de En busca del valle encantado que decidi\u00f3 fundar su propio estudio dedicado a la animaci\u00f3n para el cine. As\u00ed naci\u00f3 Amblimation, empresa que, no obstante, fracasar\u00eda en taquilla y cuyo personal terminar\u00eda siendo absorbido por DreamWorks Animation.<\/p>\n<p>\u00bfPor qu\u00e9 no nos acordamos de la pel\u00edcula?<\/p>\n<p>Cuando has le\u00eddo que hablamos de En busca del valle encantado, seguramente hayas <strong>pensado que s\u00ed te acuerdas de ella<\/strong>. Y lo cierto es que, el t\u00edtulo, seguro que te suena.<\/p>\n<p>\u00bfPero por qu\u00e9 <strong>no somos capaces de acordarnos de c\u00f3mo termina<\/strong>? Es frecuente que no tengamos grabado el fuego el recuerdo del final de la pel\u00edcula. Podr\u00eda haber una explicaci\u00f3n para ello.<\/p>\n<p><img decoding=\"async\" loading=\"lazy\" width=\"1280\" height=\"720\" src=\"https:\/\/www.europesays.com\/es\/wp-content\/uploads\/2025\/11\/Busca-valle-encantado-escena-animacion.png\" alt=\"La pel\u00edcula En busca del valle encantado\"\/><\/p>\n<p>Una escena de la pel\u00edcula de animaci\u00f3n En busca del valle encantado. \/ Imagen: Universal Pictures<br \/>\nLa historia<\/p>\n<p>En busca del valle encantado <strong>presenta a Piecito<\/strong>, un joven apatosaurus, un \u201ccuello-largo\u201d, que se encuentra viajando con su familia en busca del Gran Valle. La \u00e9poca no es precisa, puesto que hist\u00f3ricamente algunos dinosaurios de la pel\u00edcula no deber\u00edan estar en la Tierra en el mismo periodo de tiempo.<\/p>\n<p>No obstante, el espectador intuye que las cosas no van bien, puesto que los dinosaurios se tienen que <strong>desplazar debido a la escasez de comida<\/strong>. Durante el viaje, Piecito conoce a varios amigos y, juntos, rompen la \u201cregla\u201d de no relacionarse con los dinosaurios de otras especies.<\/p>\n<p>El drama<\/p>\n<p>Uno de los motivos por los que no recordamos En busca del valle encantado, o por el cual no queremos recordar la pel\u00edcula, es por <strong>el trauma que provoc\u00f3 a toda una generaci\u00f3n<\/strong>. Poco despu\u00e9s del inicio de la pel\u00edcula, hay un \u201cmomento Bambi\u201d que marca el desarrollo de la trama.<\/p>\n<p><strong>Es intenso, dram\u00e1tico y triste<\/strong>. Se trata de un nivel de drama que ser\u00eda impensable en la actualidad y que, en ese momento, dej\u00f3 huella entre los m\u00e1s peque\u00f1os. Eso ya provoca que, en nuestros recuerdos, haya un peque\u00f1o muro que a\u00edsla la pel\u00edcula para que no tenga una posici\u00f3n preferente en nuestra memoria.<\/p>\n<p><img decoding=\"async\" loading=\"lazy\" width=\"1280\" height=\"720\" src=\"https:\/\/www.europesays.com\/es\/wp-content\/uploads\/2025\/11\/Busca-valle-encantado-escena-pelicula.png\" alt=\"En busca del valle encantado es una de las pel\u00edculas de Don Bluth\"\/><\/p>\n<p>Don Bluth dirigi\u00f3 En busca del valle encantado, un \u00e9xito de la animaci\u00f3n. \/ Imagen: Universal Pictures<\/p>\n<p>Al mismo tiempo, el segundo problema de la cinta es el final. Si bien el cierre de la historia de En busca del valle encantado es agradable y optimista, <strong>deja un marco abierto a la fatalidad<\/strong>. Y el motivo de ello es que, como todos sabemos, todos los dinosaurios murieron y desaparecieron.<\/p>\n<p>En la \u00e9poca, ese conocimiento, el cual estaba arraigado en las j\u00f3venes mentes de todos los ni\u00f1os, no ayud\u00f3 a que el final de la pel\u00edcula resultara m\u00e1s satisfactorio. Los ni\u00f1os sab\u00edan que, por mucho que Piecito sonriera, <strong>el final de los dinosaurios estaba llamando<\/strong> a su puerta.<\/p>\n<p>\u00bfC\u00f3mo podemos ver En busca del valle encantado?<\/p>\n<p>Lamentablemente, hoy d\u00eda <strong>no est\u00e1 disponible en ninguna plataforma<\/strong> de streaming. La pel\u00edcula, estrenada el 9 de junio de 1989 en Espa\u00f1a, no se puede ver en ning\u00fan servicio.<\/p>\n<p>La \u00fanica opci\u00f3n es alquil\u00e1ndola en Amazon o Apple TV por 3,99 euros o recurriendo a la b\u00fasqueda de su Blu-ray, el cual tienes disponible en Amazon por 11,99 euros. La pregunta ser\u00eda si <strong>resultar\u00eda conveniente o no compartirla<\/strong> con los ni\u00f1os de hoy d\u00eda. Es una fant\u00e1stica pel\u00edcula, \u00bfpero la recordar\u00e1n cuando crezcan y el film ya haya celebrado su 70\u00ba aniversario?<\/p>\n<p>En calidad de Afiliado de Amazon y otros programas similares, esta web obtiene ingresos por las compras adscritas que cumplen los requisitos aplicables<\/p>\n","protected":false},"excerpt":{"rendered":"En su momento, Don Bluth era lo m\u00e1s parecido a la Pixar actual. El mundo miraba con ojos&hellip;\n","protected":false},"author":2,"featured_media":251758,"comment_status":"","ping_status":"","sticky":false,"template":"","format":"standard","meta":{"footnotes":""},"categories":[169],"tags":[177,146,147,25,24,176,175,23],"class_list":{"0":"post-251757","1":"post","2":"type-post","3":"status-publish","4":"format-standard","5":"has-post-thumbnail","7":"category-cine","8":"tag-cine","9":"tag-entertainment","10":"tag-entretenimiento","11":"tag-es","12":"tag-espana","13":"tag-film","14":"tag-movies","15":"tag-spain"},"share_on_mastodon":{"url":"https:\/\/pubeurope.com\/@es\/115600215926987925","error":""},"_links":{"self":[{"href":"https:\/\/www.europesays.com\/es\/wp-json\/wp\/v2\/posts\/251757","targetHints":{"allow":["GET"]}}],"collection":[{"href":"https:\/\/www.europesays.com\/es\/wp-json\/wp\/v2\/posts"}],"about":[{"href":"https:\/\/www.europesays.com\/es\/wp-json\/wp\/v2\/types\/post"}],"author":[{"embeddable":true,"href":"https:\/\/www.europesays.com\/es\/wp-json\/wp\/v2\/users\/2"}],"replies":[{"embeddable":true,"href":"https:\/\/www.europesays.com\/es\/wp-json\/wp\/v2\/comments?post=251757"}],"version-history":[{"count":0,"href":"https:\/\/www.europesays.com\/es\/wp-json\/wp\/v2\/posts\/251757\/revisions"}],"wp:featuredmedia":[{"embeddable":true,"href":"https:\/\/www.europesays.com\/es\/wp-json\/wp\/v2\/media\/251758"}],"wp:attachment":[{"href":"https:\/\/www.europesays.com\/es\/wp-json\/wp\/v2\/media?parent=251757"}],"wp:term":[{"taxonomy":"category","embeddable":true,"href":"https:\/\/www.europesays.com\/es\/wp-json\/wp\/v2\/categories?post=251757"},{"taxonomy":"post_tag","embeddable":true,"href":"https:\/\/www.europesays.com\/es\/wp-json\/wp\/v2\/tags?post=251757"}],"curies":[{"name":"wp","href":"https:\/\/api.w.org\/{rel}","templated":true}]}}