{"id":251759,"date":"2025-11-23T17:34:11","date_gmt":"2025-11-23T17:34:11","guid":{"rendered":"https:\/\/www.europesays.com\/es\/251759\/"},"modified":"2025-11-23T17:34:11","modified_gmt":"2025-11-23T17:34:11","slug":"florentino-perez-propone-crear-una-sociedad-filial-del-madrid-y-vender-un-5-a-un-inversor-futbol-deportes","status":"publish","type":"post","link":"https:\/\/www.europesays.com\/es\/251759\/","title":{"rendered":"Florentino P\u00e9rez propone crear una sociedad filial del Madrid y vender un 5% a un inversor | F\u00fatbol | Deportes"},"content":{"rendered":"<p class=\"\">El presidente del Real Madrid, Florentino P\u00e9rez, avanz\u00f3 este domingo en la asamblea general ordinaria de socios representantes las l\u00edneas generales del cambio societario que lleva meses sopesando para \u201cblindar el club de ataques internos y externos\u201d, dijo. Contempla la creaci\u00f3n de una sociedad filial propiedad de los socios en la que permitir\u00eda la entrada de uno o varios inversores comprometidos a muy largo plazo con \u201c<a href=\"https:\/\/elpais.com\/deportes\/futbol\/2025-11-16\/el-real-madrid-se-mantendra-como-club-despues-de-vender-hasta-un-10-a-un-inversor.html\" target=\"_self\" rel=\"nofollow noopener\" title=\"https:\/\/elpais.com\/deportes\/futbol\/2025-11-16\/el-real-madrid-se-mantendra-como-club-despues-de-vender-hasta-un-10-a-un-inversor.html\">una por ejemplo, del 5%<\/a>\u201d. En ning\u00fan caso contempla que sea m\u00e1s del 10%, seg\u00fan fuentes conocedoras del borrador. Este inversor \u201cser\u00eda un aliado estrat\u00e9gico y nunca un propietario\u201d. No podr\u00eda revender directamente su participaci\u00f3n a un tercero, sino que el club mantendr\u00eda un derecho de recompra preferente.<\/p>\n<p class=\"\">Al mismo tiempo, se conservar\u00eda la actual forma de entidad deportiva del Madrid, con sus mismos \u00f3rganos de gobierno y el mismo proceso de elecci\u00f3n de presidente, por ejemplo. P\u00e9rez llevar\u00e1 la modificaci\u00f3n estatutaria necesaria a una pr\u00f3xima asamblea extraordinaria a\u00fan sin fecha, en la que quiere que se convoque un refer\u00e9ndum para que los socios se pronuncien sobre el plan.<\/p>\n<p class=\"\">La entrada del inversor funcionar\u00eda adem\u00e1s como una especie de tasaci\u00f3n: \u201cEs la v\u00eda m\u00e1s clara y m\u00e1s contundente que tenemos para valorar el club\u201d, dijo. El precio que se pague por la parte determina el valor del todo. Otro de los objetivos de este cambio, seg\u00fan P\u00e9rez, es permitir que el patrimonio del club pase de manera efectiva a sus miembros: \u201cCreen que el di<\/p>\n<p class=\"\">nero es de los socios, pero ahora no es de nadie. Quiero pasarlo a los socios para que no nos lo puedan quitar\u201d, dijo. \u201cAhora el club es de los socios y cuando nos morimos, nos entierran y no dejamos nada a nadie\u201d. Su propuesta contempla la posibilidad de que las participaciones puedan comprarse y venderse entre socios; tambi\u00e9n heredarse. Habr\u00e1 un n\u00famero limitado, que se fijar\u00e1 con el n\u00famero de miembros existentes en el momento de la aprobaci\u00f3n. \u201cDebemos ser conscientes de que todos somos los due\u00f1os del Real Madrid. Y con esta reforma, lo seremos a\u00fan m\u00e1s\u201d, asegur\u00f3. \u201cEste paso supone garantizar que nuestra historia siga viva durante los pr\u00f3ximos cien a\u00f1os\u201d.<\/p>\n<p class=\"\">Florentino P\u00e9rez expuso estas ideas en una intervenci\u00f3n extra inusual en las asambleas, despu\u00e9s de haber completado la primera, la contemplada en el orden del d\u00eda, dedicada a repasar la actualidad del club. Tambi\u00e9n despu\u00e9s de que se se aprobaran casi por unanimidad las cuentas de la temporada 2024\/25, con ingresos r\u00e9cord de 1.185 millones de euros y los presupuestos para la 2025\/26, que prev\u00e9n una nueva subida hasta los 1.248 millones.<\/p>\n<p>El Florentino m\u00e1s duro<\/p>\n<p class=\"\">Esa primera intervenci\u00f3n, de m\u00e1s de hora y cuarto, dej\u00f3 ver la cara m\u00e1s dura del presidente del Real Madrid, con algunos de sus objetivos tradicionales (Javier Tebas, los \u00e1rbitros y la UEFA) y con un viraje notable en relaci\u00f3n al Barcelona. En la asamblea del a\u00f1o pasado se hab\u00eda mostrado conciliador ante la pregunta de un socio que le reclam\u00f3 m\u00e1s firmeza: \u201cNo me voy a enfadar con el Bar\u00e7a\u201d, dijo. \u201cSi nos abstraemos de los rifirrafes de todos los domingos de los forofos, el Bar\u00e7a y el Madrid se tienen que ayudar, lo digo con toda sinceridad\u201d. Aquel esp\u00edritu se ha evaporado. <\/p>\n<p class=\"\">P\u00e9rez se prodig\u00f3 en referencias al caso Negreira: \u201cNo es normal que el FC Barcelona haya pagado al vicepresidente de los \u00e1rbitros ocho millones de euros al menos durante 17 a\u00f1os\u201d, comenz\u00f3. \u201cCualquiera que sea el motivo. Y lo repito; cualquiera que sea el motivo. Que coincide, adem\u00e1s, casualmente, con los mejores resultados deportivos del Barcelona en nuestro pa\u00eds\u201d.<\/p>\n<p class=\"\">El presidente del Madrid recurri\u00f3 al saldo de expulsiones de ambos clubes para sugerir el efecto de los pagos al n\u00famero dos de los \u00e1rbitros espa\u00f1oles: \u201cEn el siglo XXI el Real Madrid acumula un saldo neto de -2 expulsiones\u201d. Es decir, en los partidos de la Liga han expulsado a dos jugadores m\u00e1s del Madrid que de los rivales. \u201cEn este mismo periodo el Barcelona tiene un saldo de +61 expulsiones\u201d, que es el n\u00famero de rojas de m\u00e1s que han visto los rivales en sus partidos contra los azulgranas. \u201cSin embargo, en el mismo periodo de tiempo, en competiciones europeas, el Real Madrid y el Barcelona disfrutan pr\u00e1cticamente del mismo saldo positivo, +12 y +13\u201d. Y remat\u00f3: \u201c\u00bfA alguien le puede parecer normal que haya jugadores del Madrid que tengan m\u00e1s Copas de Europa que t\u00edtulos de Liga?\u201d.<\/p>\n<p class=\"\">El cambio de tono con el Bar\u00e7a tiene que ver con el alejamiento del club que preside Joan Laporta de algunas de las batallas emprendidas por P\u00e9rez, como la Superliga o el combate contra Tebas y CVC, algo que enlaz\u00f3 en su intervenci\u00f3n: \u201cEl Barcelona se opuso judicialmente, al principio, a la operaci\u00f3n de CVC, junto al Athletic Club y junto a nosotros. Casualmente, el Barcelona abandon\u00f3 este pleito coincidiendo con la autorizaci\u00f3n por parte de LaLiga para poder inscribir a jugadores en el futuro\u201d.<\/p>\n<p class=\"\">Respecto a Tebas y a la colaboraci\u00f3n con CVC, P\u00e9rez critic\u00f3 este proyecto: \u201cNo es normal que el presidente de LaLiga promueva que un fondo de inversi\u00f3n como CVC hipoteque el futuro del f\u00fatbol espa\u00f1ol durante 50 a\u00f1os; es decir, durante medio siglo\u201d. Tambi\u00e9n el crecimiento de su sueldo, por encima, seg\u00fan \u00e9l, de los que reciben los directivos de la Premier League; y su proyecto fallido de llevar un partido a Miami. \u201cEl presidente de la liga ha abusado de su autoridad y tendr\u00e1 que rendir cuentas y asumir su responsabilidad\u201d.<\/p>\n<p class=\"\">Siguiendo la costumbre reciente de las asambleas, el aludido respondi\u00f3 a trav\u00e9s de su cuenta de X: \u201cHoy ha vuelto a cargar contra todas las instituciones, tambi\u00e9n contra LaLiga, en un tono claramente mesi\u00e1nico, sectario, supremacista, aut\u00e9ntico y \u00fanico poseedor de la verdad\u2026\u201d.<\/p>\n<p class=\"\">Tambi\u00e9n insisti\u00f3 en su defensa de la Superliga: \u201cNo hemos llegado aqu\u00ed para enmarcar sentencias judiciales, sino para ponerlas en pr\u00e1ctica\u201d. Asegur\u00f3 que ha recibido en privado el apoyo de multitud de clubes y se centr\u00f3 sobre todo en la defensa de la emisi\u00f3n del f\u00fatbol gratis y en abierto para todo el mundo, como sucedi\u00f3 el verano pasado durante el Mundial de Clubes. \u201cNo es normal que en pleno siglo XXI ver el f\u00fatbol por televisi\u00f3n sea cada vez m\u00e1s caro, un producto cada vez m\u00e1s caro solo aleja a los aficionados del f\u00fatbol\u201d.<\/p>\n","protected":false},"excerpt":{"rendered":"El presidente del Real Madrid, Florentino P\u00e9rez, avanz\u00f3 este domingo en la asamblea general ordinaria de socios representantes&hellip;\n","protected":false},"author":2,"featured_media":251760,"comment_status":"","ping_status":"","sticky":false,"template":"","format":"standard","meta":{"footnotes":""},"categories":[93],"tags":[1540,168,1539,25,24,15510,282,1538,3048,23,167],"class_list":{"0":"post-251759","1":"post","2":"type-post","3":"status-publish","4":"format-standard","5":"has-post-thumbnail","7":"category-deportes","8":"tag-competiciones","9":"tag-deportes","10":"tag-entrenadores","11":"tag-es","12":"tag-espana","13":"tag-florentino-perez","14":"tag-futbol","15":"tag-futbolistas","16":"tag-real-madrid","17":"tag-spain","18":"tag-sports"},"share_on_mastodon":{"url":"https:\/\/pubeurope.com\/@es\/115600219568886227","error":""},"_links":{"self":[{"href":"https:\/\/www.europesays.com\/es\/wp-json\/wp\/v2\/posts\/251759","targetHints":{"allow":["GET"]}}],"collection":[{"href":"https:\/\/www.europesays.com\/es\/wp-json\/wp\/v2\/posts"}],"about":[{"href":"https:\/\/www.europesays.com\/es\/wp-json\/wp\/v2\/types\/post"}],"author":[{"embeddable":true,"href":"https:\/\/www.europesays.com\/es\/wp-json\/wp\/v2\/users\/2"}],"replies":[{"embeddable":true,"href":"https:\/\/www.europesays.com\/es\/wp-json\/wp\/v2\/comments?post=251759"}],"version-history":[{"count":0,"href":"https:\/\/www.europesays.com\/es\/wp-json\/wp\/v2\/posts\/251759\/revisions"}],"wp:featuredmedia":[{"embeddable":true,"href":"https:\/\/www.europesays.com\/es\/wp-json\/wp\/v2\/media\/251760"}],"wp:attachment":[{"href":"https:\/\/www.europesays.com\/es\/wp-json\/wp\/v2\/media?parent=251759"}],"wp:term":[{"taxonomy":"category","embeddable":true,"href":"https:\/\/www.europesays.com\/es\/wp-json\/wp\/v2\/categories?post=251759"},{"taxonomy":"post_tag","embeddable":true,"href":"https:\/\/www.europesays.com\/es\/wp-json\/wp\/v2\/tags?post=251759"}],"curies":[{"name":"wp","href":"https:\/\/api.w.org\/{rel}","templated":true}]}}