{"id":251768,"date":"2025-11-23T17:39:12","date_gmt":"2025-11-23T17:39:12","guid":{"rendered":"https:\/\/www.europesays.com\/es\/251768\/"},"modified":"2025-11-23T17:39:12","modified_gmt":"2025-11-23T17:39:12","slug":"japon-desplego-nuevos-misiles-en-una-isla-cercana-a-taiwan-en-medio-de-las-tensiones-con-el-regimen-de-china","status":"publish","type":"post","link":"https:\/\/www.europesays.com\/es\/251768\/","title":{"rendered":"Jap\u00f3n despleg\u00f3 nuevos misiles en una isla cercana a Taiw\u00e1n en medio de las tensiones con el r\u00e9gimen de China"},"content":{"rendered":"<p><img alt=\"Jap\u00f3n despleg\u00f3 nuevos misiles en\" class=\"global-image\" decoding=\"async\" fetchpriority=\"high\" height=\"1280\" loading=\"eager\" src=\"https:\/\/www.europesays.com\/es\/wp-content\/uploads\/2025\/11\/EWOZOXN42FENJLAGNU7HG6KMA4.jpg\" width=\"1920\"\/>Jap\u00f3n despleg\u00f3 nuevos misiles en una isla cercana a Taiw\u00e1n (Europa Press)<\/p>\n<p class=\"paragraph\">El ministro de Defensa de Jap\u00f3n, Shinjiro Koizumi, anunci\u00f3 este domingo el despliegue de misiles tierra-aire en la <b>isla de Yonaguni<\/b>, en el sur del archipi\u00e9lago nip\u00f3n, en medio de las tensiones provocadas por las recientes declaraciones de la primera ministra japonesa,<b> Sanae Takaichi<\/b>, sobre su disposici\u00f3n a defender Taiw\u00e1n de una posible intervenci\u00f3n militar del r\u00e9gimen de China.<\/p>\n<p class=\"paragraph\"><b>\u201cLa unidad de misiles reducir\u00e1 la posibilidad de un ataque armado contra nuestro pa\u00eds. La afirmaci\u00f3n de que generar\u00e1 m\u00e1s tensi\u00f3n en la regi\u00f3n es infundada\u201d<\/b>, se\u00f1al\u00f3 Koizumi desde la base militar de Yonaguni en declaraciones recogidas por el diario japon\u00e9s \u2018Asahi Shimbun\u2019. <\/p>\n<p class=\"paragraph\">Los <b>misiles <\/b>ser\u00e1n de <b>medio alcance<\/b>, como los estadounidenses SAM, <b>preparados para interceptar aviones de combate y misiles de crucero.<\/b><\/p>\n<p class=\"paragraph\">La isla de Yonagumi se encuentra a unos 110 kil\u00f3metros de Taiw\u00e1n, en las islas Nansei, en la regi\u00f3n japonesa de Okinawa. Koizumi ha visitado la isla para \u201creforzar la defensa del suroeste\u201d. \u201cHe renovado mi compromiso de proteger las vidas y la paz de la gente, as\u00ed como el territorio, las aguas y el espacio a\u00e9reo de nuestro pa\u00eds\u201d, apunt\u00f3.<\/p>\n<p class=\"paragraph\">En los \u00faltimos diez a\u00f1os <b>Jap\u00f3n ha instalado nuevas bases militares en la zona<\/b>, como las de Yonaguni (2016), Amami Oshima y Miyakojima (2019) e Ishigaki (2023).<\/p>\n<p><img alt=\"La primera ministra de Jap\u00f3n,\" class=\"global-image\" decoding=\"async\" fetchpriority=\"low\" height=\"1170\" loading=\"lazy\" src=\"https:\/\/www.europesays.com\/es\/wp-content\/uploads\/2025\/11\/IDFDDGI4HBEOBIE22CNLY7QK6M.jpg\" width=\"1920\"\/>La primera ministra de Jap\u00f3n, Sanae Takaichi, y el l\u00edder de China, Xi Jinping, en la cumbre de la APEC 2025 en Gyeongju, Corea del Sur (SANAE TAKAICHI \/ X)<\/p>\n<p class=\"paragraph\">La primera ministra japonesa, en el cargo desde octubre, ha provocado malestar en China tras afirmar que un ataque de China contra Taiw\u00e1n podr\u00eda provocar una reacci\u00f3n militar por parte de Jap\u00f3n.<\/p>\n<p class=\"paragraph\">Taiw\u00e1n es independiente \u2018de facto\u2019 de China desde 1949, cuando se convirti\u00f3 en el \u00fanico territorio chino que no controlaba el Partido Comunista Chino de Mao Zedong tras la revoluci\u00f3n que lo llev\u00f3 al poder. <b>Pek\u00edn aspira a una reunificaci\u00f3n pac\u00edfica, pero no descarta una intervenci\u00f3n militar puesto que considera que la isla est\u00e1 bajo su soberan\u00eda formal.<\/b><\/p>\n<p class=\"paragraph\">En cuanto a la relaci\u00f3n entre Tokio y Taip\u00e9i, <b>Taiw\u00e1n<\/b> confirm\u00f3 el viernes pasado el levantamiento de las restricciones que, desde 2011, afectaban a las importaciones de alimentos originarios de <b>Fukushima (Jap\u00f3n)<\/b>. Las autoridades informaron que dejar\u00e1n de aplicar los requisitos de doble certificaci\u00f3n y la inspecci\u00f3n exhaustiva por lotes.<\/p>\n<p class=\"paragraph\">La medida surge poco despu\u00e9s de que el gobernador de Niigata, <b>Hideyo Hanazumi<\/b>, autorizara la reactivaci\u00f3n de la central nuclear de <b>Kashiwazaki-Kariwa<\/b> \u2014la mayor del mundo\u2014, que permanec\u00eda fuera de servicio desde el accidente nuclear ocurrido en <b>Fukushima Daiichi<\/b> en 2011 a ra\u00edz de un terremoto y posterior tsunami.<\/p>\n<p><img alt=\"Jap\u00f3n expres\u00f3 su respaldo a\" class=\"global-image\" decoding=\"async\" fetchpriority=\"low\" height=\"1365\" loading=\"lazy\" src=\"https:\/\/www.europesays.com\/es\/wp-content\/uploads\/2025\/11\/4TS525O7ENA6LOBXCMT5LQXUKY.JPG\" width=\"2048\"\/>Jap\u00f3n expres\u00f3 su respaldo a Taiw\u00e1n en medio de la creciente amenaza china en el Pac\u00edfico (REUTERS\/Ann Wang)<\/p>\n<p class=\"paragraph\">El anuncio del gobierno taiwan\u00e9s marca la normalizaci\u00f3n de criterios para la entrada de productos japoneses en la isla, en un contexto donde la energ\u00eda nuclear y la seguridad alimentaria siguen siendo ejes de debate en Jap\u00f3n.<\/p>\n<p class=\"paragraph\">La disputa regional se enmarca en d\u00e9cadas de sensibilidad diplom\u00e1tica. Desde que los lazos pol\u00edticos entre China y Taiw\u00e1n se cortaron en 1949 tras la guerra civil, solo se restablecieron en formatos no oficiales a partir de los a\u00f1os 80, mientras Tokio y Beijing mantienen diferencias hist\u00f3ricas sobre la soberan\u00eda y seguridad en la regi\u00f3n.<\/p>\n<p class=\"paragraph\">(con informaci\u00f3n de EP)<\/p>\n","protected":false},"excerpt":{"rendered":"Jap\u00f3n despleg\u00f3 nuevos misiles en una isla cercana a Taiw\u00e1n (Europa Press) El ministro de Defensa de Jap\u00f3n,&hellip;\n","protected":false},"author":2,"featured_media":251769,"comment_status":"","ping_status":"","sticky":false,"template":"","format":"standard","meta":{"footnotes":""},"categories":[42],"tags":[4820,17,18,13,14,11,61,62,63,64,19,20,9,10,15,16,12,57217,21,22,65,66,67],"class_list":{"0":"post-251768","1":"post","2":"type-post","3":"status-publish","4":"format-standard","5":"has-post-thumbnail","7":"category-internacional","8":"tag-asia-pacific","9":"tag-breaking-news","10":"tag-breakingnews","11":"tag-featured-news","12":"tag-featurednews","13":"tag-headlines","14":"tag-internacional","15":"tag-international","16":"tag-international-news","17":"tag-internationalnews","18":"tag-latest-news","19":"tag-latestnews","20":"tag-news","21":"tag-noticias","22":"tag-noticias-destacadas","23":"tag-noticiasdestacadas","24":"tag-titulares","25":"tag-tourism-travel","26":"tag-ultimas-noticias","27":"tag-ultimasnoticias","28":"tag-world","29":"tag-world-news","30":"tag-worldnews"},"share_on_mastodon":{"url":"https:\/\/pubeurope.com\/@es\/115600239471288370","error":""},"_links":{"self":[{"href":"https:\/\/www.europesays.com\/es\/wp-json\/wp\/v2\/posts\/251768","targetHints":{"allow":["GET"]}}],"collection":[{"href":"https:\/\/www.europesays.com\/es\/wp-json\/wp\/v2\/posts"}],"about":[{"href":"https:\/\/www.europesays.com\/es\/wp-json\/wp\/v2\/types\/post"}],"author":[{"embeddable":true,"href":"https:\/\/www.europesays.com\/es\/wp-json\/wp\/v2\/users\/2"}],"replies":[{"embeddable":true,"href":"https:\/\/www.europesays.com\/es\/wp-json\/wp\/v2\/comments?post=251768"}],"version-history":[{"count":0,"href":"https:\/\/www.europesays.com\/es\/wp-json\/wp\/v2\/posts\/251768\/revisions"}],"wp:featuredmedia":[{"embeddable":true,"href":"https:\/\/www.europesays.com\/es\/wp-json\/wp\/v2\/media\/251769"}],"wp:attachment":[{"href":"https:\/\/www.europesays.com\/es\/wp-json\/wp\/v2\/media?parent=251768"}],"wp:term":[{"taxonomy":"category","embeddable":true,"href":"https:\/\/www.europesays.com\/es\/wp-json\/wp\/v2\/categories?post=251768"},{"taxonomy":"post_tag","embeddable":true,"href":"https:\/\/www.europesays.com\/es\/wp-json\/wp\/v2\/tags?post=251768"}],"curies":[{"name":"wp","href":"https:\/\/api.w.org\/{rel}","templated":true}]}}