{"id":251770,"date":"2025-11-23T17:40:11","date_gmt":"2025-11-23T17:40:11","guid":{"rendered":"https:\/\/www.europesays.com\/es\/251770\/"},"modified":"2025-11-23T17:40:11","modified_gmt":"2025-11-23T17:40:11","slug":"intentan-apunalar-a-un-conductor-de-la-linea-3-de-aucorsa-tras-una-discusion-de-trafico-sociedad","status":"publish","type":"post","link":"https:\/\/www.europesays.com\/es\/251770\/","title":{"rendered":"Intentan apu\u00f1alar a un conductor de la L\u00ednea 3 de AUCORSA tras una discusi\u00f3n de tr\u00e1fico | Sociedad"},"content":{"rendered":"<p class=\"loc\">C\u00f3rdoba<\/p>\n<p>Un conductor de la empresa municipal de autobuses, AUCORSA, ha denunciado ante la Polic\u00eda Nacional el intento de agresi\u00f3n con un arma blanca que sufri\u00f3 en el turno de este pasado s\u00e1bado. Los hechos ocurrieron pasadas las 20:00 horas del 22 de noviembre en una parada del barrio de La Fuensanta, cuando a un veh\u00edculo de la L\u00ednea 3 subi\u00f3, junto al resto de pasajeros, un hombre con actitud especialmente agresiva y una navaja que intent\u00f3 introducir por la mampara del ch\u00f3fer en repetidas ocasiones, a fin de apu\u00f1alarle.<\/p>\n<p>Seg\u00fan la denuncia que ha dado pie a la investigaci\u00f3n, el presunto agresor incluso intent\u00f3 introducir el arma blanca por el hueco destinado a la m\u00e1quina para el cobro del billete. Fue entonces cuando el conductor, sin salida posible, consigui\u00f3 forcejear con el individuo para arrebatarle la navaja. <\/p>\n<p>El origen de la disputa podr\u00eda estar en una discusi\u00f3n de tr\u00e1fico producida en esa misma tarde, seg\u00fan la declaraci\u00f3n que realiz\u00f3 el empleado de AUCORSA en dependencias policiales. Tras la ri\u00f1a, el autob\u00fas sigui\u00f3 su camino pero el conductor del otro veh\u00edculo habr\u00eda esperado a que realizase el trayecto en la direcci\u00f3n contraria para agredir al ch\u00f3fer. <\/p>\n<p>Ante estos hechos, el Comit\u00e9 de Empresa de la empresa municipal ha remitido un comunicado a la plantilla y a la direcci\u00f3n. En el mismo, consultado por La SER, se advierte del \u00abgrave intento de agresi\u00f3n sufrido por un trabajador que se vio sometido a una tentativa de apu\u00f1alamiento\u00bb. Por este motivo, se \u00abinsta a la administraci\u00f3n competente la implantaci\u00f3n inmediata de la figura de agente de la autoridad para los conductores de autob\u00fas e inspectores por considerar indamisible que un trabajador y el pasaje pueda ver comprometida su vida\u00bb.<\/p>\n<p>Concentraci\u00f3n de protesta reclamando m\u00e1s seguridad<\/p>\n<p>Al respecto, en el comunicado tambi\u00e9n se solicita a la empresa la \u00abinstalaci\u00f3n de mamparas completamente cerradas en todos los autobuses con el fin de garantizar la seguridad de la plantilla\u00bb. Todo ello, alertan, en un contexto en que se \u00absuceden amenazas y agresiones verbales que vienen de a\u00f1os atr\u00e1s pero nunca hab\u00edan alcanzado el nivel de gravedad como el que vivi\u00f3 ayer este compa\u00f1ero\u00bb. <\/p>\n<p>Seg\u00fan ha podido saber Radio C\u00f3rdoba, el conductor afectado no ha sufrido da\u00f1os f\u00edsicos pero se encuentra recuper\u00e1ndose emocionalmente del violento episodio que sufri\u00f3 en la tarde de ayer. En su apoyo, el comit\u00e9 de empresa ha convocado una concentraci\u00f3n de protesta el mi\u00e9rcoles 26 de noviembre a las puertas de las instalaciones de AUCORSA. <\/p>\n","protected":false},"excerpt":{"rendered":"C\u00f3rdoba Un conductor de la empresa municipal de autobuses, AUCORSA, ha denunciado ante la Polic\u00eda Nacional el intento&hellip;\n","protected":false},"author":2,"featured_media":251771,"comment_status":"","ping_status":"","sticky":false,"template":"","format":"standard","meta":{"footnotes":""},"categories":[8],"tags":[17,18,25,24,13,14,11,19,20,9,10,15,16,23,12,21,22],"class_list":{"0":"post-251770","1":"post","2":"type-post","3":"status-publish","4":"format-standard","5":"has-post-thumbnail","7":"category-espana","8":"tag-breaking-news","9":"tag-breakingnews","10":"tag-es","11":"tag-espana","12":"tag-featured-news","13":"tag-featurednews","14":"tag-headlines","15":"tag-latest-news","16":"tag-latestnews","17":"tag-news","18":"tag-noticias","19":"tag-noticias-destacadas","20":"tag-noticiasdestacadas","21":"tag-spain","22":"tag-titulares","23":"tag-ultimas-noticias","24":"tag-ultimasnoticias"},"share_on_mastodon":{"url":"https:\/\/pubeurope.com\/@es\/115600243116485667","error":""},"_links":{"self":[{"href":"https:\/\/www.europesays.com\/es\/wp-json\/wp\/v2\/posts\/251770","targetHints":{"allow":["GET"]}}],"collection":[{"href":"https:\/\/www.europesays.com\/es\/wp-json\/wp\/v2\/posts"}],"about":[{"href":"https:\/\/www.europesays.com\/es\/wp-json\/wp\/v2\/types\/post"}],"author":[{"embeddable":true,"href":"https:\/\/www.europesays.com\/es\/wp-json\/wp\/v2\/users\/2"}],"replies":[{"embeddable":true,"href":"https:\/\/www.europesays.com\/es\/wp-json\/wp\/v2\/comments?post=251770"}],"version-history":[{"count":0,"href":"https:\/\/www.europesays.com\/es\/wp-json\/wp\/v2\/posts\/251770\/revisions"}],"wp:featuredmedia":[{"embeddable":true,"href":"https:\/\/www.europesays.com\/es\/wp-json\/wp\/v2\/media\/251771"}],"wp:attachment":[{"href":"https:\/\/www.europesays.com\/es\/wp-json\/wp\/v2\/media?parent=251770"}],"wp:term":[{"taxonomy":"category","embeddable":true,"href":"https:\/\/www.europesays.com\/es\/wp-json\/wp\/v2\/categories?post=251770"},{"taxonomy":"post_tag","embeddable":true,"href":"https:\/\/www.europesays.com\/es\/wp-json\/wp\/v2\/tags?post=251770"}],"curies":[{"name":"wp","href":"https:\/\/api.w.org\/{rel}","templated":true}]}}