{"id":251774,"date":"2025-11-23T17:47:16","date_gmt":"2025-11-23T17:47:16","guid":{"rendered":"https:\/\/www.europesays.com\/es\/251774\/"},"modified":"2025-11-23T17:47:16","modified_gmt":"2025-11-23T17:47:16","slug":"merhawi-kudus-se-proclama-campeon-de-africa-en-ruta-en-kenia","status":"publish","type":"post","link":"https:\/\/www.europesays.com\/es\/251774\/","title":{"rendered":"Merhawi Kudus se proclama campe\u00f3n de \u00c1frica en ruta en Kenia"},"content":{"rendered":"<p data-mrf-recirculation=\"Links P\u00e1rrafos\" class=\"ue-c-article__paragraph paragraph ue-c-article--first-letter-highlighted\">El <strong>Burgos Burpellet BH logr\u00f3 su primera victoria de la temporada 2026<\/strong> en el Campeonato de \u00c1frica disputado esta semana en Kwale (Kenia). Merkawi <strong>Kudus se impuso este domingo en la prueba en ruta<\/strong>, firmando un doblete para la selecci\u00f3n de Eritrea junto a su compatriota Awet Aman en la subida final. Un t\u00edtulo que llevaba a\u00f1os buscando y que extiende el dominio de su pa\u00eds en el m\u00e1ximo certamen africano. Su compatriota <strong>Alexandre Mayer tambi\u00e9n subi\u00f3 al podio en las pruebas contrarreloj<\/strong>, colg\u00e1ndose la medalla de bronce en la carrera individual y la de oro por equipos. Unos resultados que <strong>permiten al equipo morado comenzar la nueva temporada UCI -que oficialmente arranc\u00f3 el 20 de octubre- con casi 393 puntos UCI en su haber.<\/strong><\/p>\n<p><img decoding=\"async\" width=\"1731\" height=\"1215\" class=\"ue-c-article__image lazyload\" alt=\"Alex Mayer, con la medalla de bronce de la contrarreloj individual\" loading=\"lazy\" src=\"https:\/\/www.europesays.com\/es\/wp-content\/uploads\/2025\/11\/69233f9f5c2d5.jpeg\"\/><\/p>\n<p>Alex Mayer, con la medalla de bronce de la contrarreloj individualCAC Africa Cycling Championship<\/p>\n<p data-mrf-recirculation=\"Links P\u00e1rrafos\" class=\"ue-c-article__paragraph paragraph\">Los <strong>dos ciclistas africanos del Burgos Burpellet BH sab\u00edan de la importancia de estos Campeonatos de \u00c1frica<\/strong> y decidieron extender sus entrenamientos cuatro semanas m\u00e1s tras el final del calendario europeo de 2025. Un esfuerzo adicional que se vio recompensado con hasta tres medallas en la principal cita del continente, que deb\u00eda disputarse en septiembre, pero que finalmente se aplaz\u00f3 a finales de noviembre. Las contrarrelojes individuales dieron el banderazo de salida el pasado jueves en Diani Beach (Kenia) y Alexandre Mayer se colgaba la medalla de bronce en una prueba llana de apenas 14 kil\u00f3metros.<\/p>\n<p><img decoding=\"async\" width=\"2637\" height=\"2000\" class=\"ue-c-article__image lazyload\" alt=\"La selecci\u00f3n de Mauricio, en el podio tras ganar la contrarreloj por equipos\" loading=\"lazy\" src=\"https:\/\/www.europesays.com\/es\/wp-content\/uploads\/2025\/11\/69233fe899e30.jpeg\"\/><\/p>\n<p>La selecci\u00f3n de Mauricio, en el podio tras ganar la contrarreloj por equiposCAC Africa Cycling Championship<\/p>\n<p data-mrf-recirculation=\"Links P\u00e1rrafos\" class=\"ue-c-article__paragraph paragraph\">El <strong>premio ser\u00eda doble, puesto que, al d\u00eda siguiente, la selecci\u00f3n de Mauricio se hac\u00eda con la victoria en la contrarreloj por equipos mixta<\/strong>, por delante de Ruanda y Argelia. Eritrea acababa en cuarta posici\u00f3n, con un Merhawi Kudus que el d\u00eda previo hab\u00eda sido sexto en la carrera individual. Su terreno llegar\u00eda el domingo en la prueba en ruta, de 164 kil\u00f3metros de recorrido, que repet\u00eda este mismo circuito junto a la costa en hasta diez ocasiones, para luego adentrarse al interior de Kenia en busca de las monta\u00f1as. <strong>La selecci\u00f3n de Eritrea control\u00f3 la carrera en todo momento y endureci\u00f3 el ritmo en los dos ascensos finales.<\/strong><\/p>\n<p data-mrf-recirculation=\"Links P\u00e1rrafos\" class=\"ue-c-article__paragraph paragraph\">En la subida a Vuga (2,5 km al 7%), el ritmo marcado por los eritreos form\u00f3 un grupo delantero de apenas doce corredores, entre los que aparec\u00edan tanto Kudus como Mayer. La carrera se decidi\u00f3 en las rampas de Kwale (1,5 km al 8,5%), donde el veterano ciclista morado lanz\u00f3 su ataque decisivo y se acab\u00f3 marchando junto a un compa\u00f1ero de selecci\u00f3n. Ambos<strong> entraron juntos en meta, quedando la victoria en manos de Merhawi<\/strong>. Por su parte, <strong>Mayer acababa en una destaca 10\u00aa posici\u00f3n a pesar de no ser un escalador puro<\/strong>. De esta manera, Kudus logra uno de los mayores triunfos de su carrera deportiva, despu\u00e9s de haber sido en el pasado tres veces campe\u00f3n nacional de Eritrea.<\/p>\n<p><img decoding=\"async\" width=\"1196\" height=\"852\" class=\"ue-c-article__image lazyload\" alt=\"Merhawi Kudus y Alex Mayer, los dos ciclistas africanos del Burgos Burpellet BH.\" loading=\"lazy\" src=\"https:\/\/www.europesays.com\/es\/wp-content\/uploads\/2025\/11\/6923401b167b3.jpeg\"\/><\/p>\n<p>Merhawi Kudus y Alex Mayer, los dos ciclistas africanos del Burgos Burpellet BH.Burgos Burpellet BH<\/p>\n<p data-mrf-recirculation=\"Links P\u00e1rrafos\" class=\"ue-c-article__paragraph paragraph\"><strong>Merhawi Kudus<\/strong>: \u201c<strong>No puedo expresar la alegr\u00eda que siento<\/strong>. Hace a\u00f1os ya logr\u00e9 subir al podio, pero conseguir esta victoria es algo que me hacer sentir s\u00faper feliz y s\u00faper orgulloso de mi equipo. Hab\u00edamos preparado muy bien este objetivo. Las \u00faltimas cuatro semanas estuvimos en Eritrea trabajando para llegar en buena forma. No era f\u00e1cil defender el t\u00edtulo para mi pa\u00eds, pero hemos logrado la cuarta victoria consecutiva. Ten\u00eda mucha presi\u00f3n por ser uno de los corredores profesionales que compet\u00eda y quer\u00eda hacerlo bien por mi equipo y a mi pa\u00eds.<strong> Ha sido una carrera dura, pero, gracias a mis compa\u00f1eros lo hemos podido conseguir<\/strong>. Ahora tendr\u00e9 unos d\u00edas de descanso y pronto empezaremos a preparar la pr\u00f3xima temporada\u201d.<\/p>\n","protected":false},"excerpt":{"rendered":"El Burgos Burpellet BH logr\u00f3 su primera victoria de la temporada 2026 en el Campeonato de \u00c1frica disputado&hellip;\n","protected":false},"author":2,"featured_media":251775,"comment_status":"","ping_status":"","sticky":false,"template":"","format":"standard","meta":{"footnotes":""},"categories":[273],"tags":[313,312,168,25,24,23,167],"class_list":{"0":"post-251774","1":"post","2":"type-post","3":"status-publish","4":"format-standard","5":"has-post-thumbnail","7":"category-ciclismo","8":"tag-ciclismo","9":"tag-cycling","10":"tag-deportes","11":"tag-es","12":"tag-espana","13":"tag-spain","14":"tag-sports"},"share_on_mastodon":{"url":"https:\/\/pubeurope.com\/@es\/115600271158776461","error":""},"_links":{"self":[{"href":"https:\/\/www.europesays.com\/es\/wp-json\/wp\/v2\/posts\/251774","targetHints":{"allow":["GET"]}}],"collection":[{"href":"https:\/\/www.europesays.com\/es\/wp-json\/wp\/v2\/posts"}],"about":[{"href":"https:\/\/www.europesays.com\/es\/wp-json\/wp\/v2\/types\/post"}],"author":[{"embeddable":true,"href":"https:\/\/www.europesays.com\/es\/wp-json\/wp\/v2\/users\/2"}],"replies":[{"embeddable":true,"href":"https:\/\/www.europesays.com\/es\/wp-json\/wp\/v2\/comments?post=251774"}],"version-history":[{"count":0,"href":"https:\/\/www.europesays.com\/es\/wp-json\/wp\/v2\/posts\/251774\/revisions"}],"wp:featuredmedia":[{"embeddable":true,"href":"https:\/\/www.europesays.com\/es\/wp-json\/wp\/v2\/media\/251775"}],"wp:attachment":[{"href":"https:\/\/www.europesays.com\/es\/wp-json\/wp\/v2\/media?parent=251774"}],"wp:term":[{"taxonomy":"category","embeddable":true,"href":"https:\/\/www.europesays.com\/es\/wp-json\/wp\/v2\/categories?post=251774"},{"taxonomy":"post_tag","embeddable":true,"href":"https:\/\/www.europesays.com\/es\/wp-json\/wp\/v2\/tags?post=251774"}],"curies":[{"name":"wp","href":"https:\/\/api.w.org\/{rel}","templated":true}]}}