{"id":251784,"date":"2025-11-23T17:56:14","date_gmt":"2025-11-23T17:56:14","guid":{"rendered":"https:\/\/www.europesays.com\/es\/251784\/"},"modified":"2025-11-23T17:56:14","modified_gmt":"2025-11-23T17:56:14","slug":"antes-de-spielberg-james-cameron-queria-dirigir-una-version-18-de-jurassic-park","status":"publish","type":"post","link":"https:\/\/www.europesays.com\/es\/251784\/","title":{"rendered":"Antes de Spielberg, James Cameron quer\u00eda dirigir una versi\u00f3n +18 de &#8216;Jurassic Park&#8217;"},"content":{"rendered":"<p>Ahora <a href=\"https:\/\/www.ecartelera.com\/personas\/james-cameron\/\" data-mention-type=\"persona\" data-mention-id=\"1366\" rel=\"nofollow noopener\" target=\"_blank\">James Cameron<\/a> est\u00e1 completamente sumergido en el mundo de Pandora <strong>con 2 pel\u00edculas estrenadas de <a href=\"https:\/\/www.ecartelera.com\/sagas\/avatar\/\" data-mention-type=\"saga\" data-mention-id=\"61\" rel=\"nofollow noopener\" target=\"_blank\">Avatar<\/a> y otras 3 en desarrollo<\/strong>, pero en los 90 su agenda estaba abierta a otras sagas y oportunidades. En el 82 dirigi\u00f3 &#8216;Pira\u00f1a II: los vampiros del mar&#8217;, en el 84 se inici\u00f3 &#8216;<a href=\"https:\/\/www.ecartelera.com\/peliculas\/terminator\/\" data-mention-type=\"pelicula\" data-mention-id=\"5008\" rel=\"nofollow noopener\" target=\"_blank\">Terminator<\/a>&#8216;, en el 86 &#8216;<a href=\"https:\/\/www.ecartelera.com\/peliculas\/aliens-el-regreso\/\" data-mention-type=\"pelicula\" data-mention-id=\"4926\" rel=\"nofollow noopener\" target=\"_blank\">Aliens: el regreso<\/a>&#8216;, luego &#8216;<a href=\"https:\/\/www.ecartelera.com\/peliculas\/abyss\/\" data-mention-type=\"pelicula\" data-mention-id=\"5849\" rel=\"nofollow noopener\" target=\"_blank\">Abyss<\/a>&#8216; y luego volvi\u00f3 con <a href=\"https:\/\/www.ecartelera.com\/personas\/arnold-schwarzenegger\/\" data-mention-type=\"persona\" data-mention-id=\"3549\" rel=\"nofollow noopener\" target=\"_blank\">Arnold Schwarzenegger<\/a> en &#8216;<a href=\"https:\/\/www.ecartelera.com\/peliculas\/terminator-2-el-juicio-final\/\" data-mention-type=\"pelicula\" data-mention-id=\"5009\" rel=\"nofollow noopener\" target=\"_blank\">Terminator 2: El juicio final<\/a>&#8216;. En esas estaba cuando, antes de ponerse con &#8216;<a href=\"https:\/\/www.ecartelera.com\/peliculas\/mentiras-arriesgadas\/\" data-mention-type=\"pelicula\" data-mention-id=\"5565\" rel=\"nofollow noopener\" target=\"_blank\">Mentiras arriesgadas<\/a>&#8216;, le surgi\u00f3 una oportunidad que, de haber salido adelante, habr\u00eda cambiado mucho nuestra historia del cine reciente. <\/p>\n<p>Tr\u00e1iler espa\u00f1ol &#8216;Parque Jur\u00e1sico&#8217;<\/p>\n<p><video id=\"vid-18282\" class=\"video-js vjs-default-skin\" data-title=\"Tr\u00e1iler espa\u00f1ol 'Parque Jur\u00e1sico'\" poster=\"https:\/\/www.ecartelera.com\/images\/videos\/18200\/18282-m.jpg\" controls=\"\" preload=\"auto\" width=\"640\" height=\"360\" playsinline=\"\" data-vtt=\"\/\/v1.ecartelera.com\/video\/18200\/18282_sprite.vtt\" data-stream=\"1\">El navegador no soporta el tag de v\u00eddeo.<\/video><\/p>\n<p>X<\/p>\n<p>En una entrevista con <a href=\"https:\/\/twitter.com\/empiremagazine?ref_src=twsrc%5Etfw%7Ctwcamp%5Etweetembed%7Ctwterm%5E1992260399165841791%7Ctwgr%5Ecbe095bf95747d710b03d89de448a7ef86a44f42%7Ctwcon%5Es1_&amp;ref_url=https%3A%2F%2Ffandomwire.com%2Fjames-cameron-reveals-why-jurassic-park-needed-spielberg-after-almost-directing-it%2F\" target=\"_blank\" rel=\"nofollow noopener\">Empire Magazine<\/a>, Cameron ha aludido a la vez que intent\u00f3, antes de que <a href=\"https:\/\/www.ecartelera.com\/personas\/steven-spielberg\/\" data-mention-type=\"persona\" data-mention-id=\"177\" rel=\"nofollow noopener\" target=\"_blank\">Steven Spielberg<\/a> se involucrase en el proyecto, <strong>dirigir la primera entrega de &#8216;<a href=\"https:\/\/www.ecartelera.com\/peliculas\/parque-jurasico\/\" data-mention-type=\"pelicula\" data-mention-id=\"2550\" rel=\"nofollow noopener\" target=\"_blank\">Parque Jur\u00e1sico<\/a>&#8216;<\/strong> y su propuesta habr\u00eda sido muy, muy diferente a la del rey Midas de Hollywood: <\/p>\n<blockquote><p>\u00ab\u00c9l era la persona id\u00f3nea para hacerla, no yo, <strong>porque la habr\u00eda hecho demasiado aterradora y para adultos. <\/strong>Habr\u00eda sido como &#8216;Aliens&#8217; con dinosaurios\u00bb.<\/p><\/blockquote>\n<p>\t\t\t\t\t\t\t<img decoding=\"async\" loading=\"lazy\" src=\"https:\/\/www.europesays.com\/es\/wp-content\/uploads\/2025\/11\/125995_avatar-el-sentido-del-agua.jpg\" alt=\"Avatar: El sentido del agua\" width=\"1200\" height=\"800\"\/>\t<\/p>\n<p>\t\t\t\t\t\tAvatar: El sentido del agua<\/p>\n<p>Cameron quiso hacerse con los derechos de las novelas de Michael Crichton, pero, como \u00e9l mismo cont\u00f3 en <a href=\"https:\/\/www.worldofreel.com\/blog\/\/2018\/04\/james-cameron-says-he-tried-to-make.html\" target=\"_blank\" rel=\"nofollow noopener\">una charla<\/a> en el Titanic Museum de Belfast, Spielberg se le adelant\u00f3 y compr\u00f3 la propiedad intelectual antes que \u00e9l por una cuesti\u00f3n de horas. Admite tambi\u00e9n que fue lo mejor que le podr\u00eda haber pasado a esa franquicia:<\/p>\n<blockquote><p>\u00abCuando vi la pel\u00edcula, me di cuenta de que yo no era la persona indicada para hacerla, sino \u00e9l. <strong>Porque \u00e9l hizo una pel\u00edcula de dinosaurios para ni\u00f1os y la m\u00eda habr\u00eda sido de extraterrestres con dinosaurios<\/strong>, y eso no habr\u00eda sido justo. <strong>Los dinosaurios son para ni\u00f1os de 8 a\u00f1os.<\/strong> Todos podemos disfrutarla tambi\u00e9n, pero<strong> los ni\u00f1os entienden los dinosaurios<\/strong> y no deber\u00edan haber sido excluidos por eso. <strong>Su sensibilidad era la adecuada<\/strong> para esa pel\u00edcula; yo habr\u00eda ido m\u00e1s all\u00e1, m\u00e1s desagradable, mucho m\u00e1s desagradable\u00bb.<\/p><\/blockquote>\n<p>Fuego y ceniza<\/p>\n<p>Aunque la saga de <a href=\"https:\/\/www.ecartelera.com\/sagas\/parque-jurasico\/\" data-mention-type=\"saga\" data-mention-id=\"4\" rel=\"nofollow noopener\" target=\"_blank\">Parque Jur\u00e1sico<\/a> sigue en marcha con &#8216;<a href=\"https:\/\/www.ecartelera.com\/peliculas\/parque-jurasico-4\/\" data-mention-type=\"pelicula\" data-mention-id=\"4966\" rel=\"nofollow noopener\" target=\"_blank\">Jurassic World<\/a>&#8216;, parece poco probable que Cameron se vaya a puntar pronto a dirigir alguna de sus secuelas, de hecho todo apunta a que <a href=\"https:\/\/www.ecartelera.com\/personas\/gareth-edwards\/\" data-mention-type=\"persona\" data-mention-id=\"5045\" rel=\"nofollow noopener\" target=\"_blank\">Gareth Edwards<\/a> <a href=\"https:\/\/www.ecartelera.com\/noticias\/en-marcha-la-secuela-de-jurassic-world-el-renacer-con-82360\/\" target=\"_blank\" rel=\"nofollow noopener\">va a continuar <\/a>el trabajo tras &#8216;<a href=\"https:\/\/www.ecartelera.com\/peliculas\/jurassic-world-4\/\" data-mention-type=\"pelicula\" data-mention-id=\"9159\" rel=\"nofollow noopener\" target=\"_blank\">Jurassic World: El renacer<\/a>&#8216;. Y es que Cameron <strong>tiene que estrenar el 19 de diciembre de este 2025 &#8216;<a href=\"https:\/\/www.ecartelera.com\/peliculas\/avatar-3\/\" data-mention-type=\"pelicula\" data-mention-id=\"10676\" rel=\"nofollow noopener\" target=\"_blank\">Avatar: Fuego y ceniza<\/a>&#8216;<\/strong>, el 21 de diciembre de 2029 &#8216;<a href=\"https:\/\/www.ecartelera.com\/peliculas\/avatar-4\/\" data-mention-type=\"pelicula\" data-mention-id=\"10677\" rel=\"nofollow noopener\" target=\"_blank\">Avatar 4<\/a>&#8216; y el 19 de diciembre de 2031 &#8216;<a href=\"https:\/\/www.ecartelera.com\/peliculas\/avatar-5\/\" data-mention-type=\"pelicula\" data-mention-id=\"11245\" rel=\"nofollow noopener\" target=\"_blank\">Avatar 5<\/a>&#8216;. Para entonces el director tendr\u00e1 77 a\u00f1os. <\/p>\n<p>\t\t\t\t\t\t\t<img decoding=\"async\" loading=\"lazy\" src=\"https:\/\/www.europesays.com\/es\/wp-content\/uploads\/2025\/11\/247794_desvelada-la-duracion-de-avatar-fuego-y-ceniza.jpg\" alt=\"Desvelada la duraci\u00f3n de 'Avatar: Fuego y ceniza': Ser\u00e1 m\u00e1s larga que 'Titanic'\" width=\"1200\" height=\"675\"\/>\t<\/p>\n<p>\t\t\t\t\t\tDesvelada la duraci\u00f3n de &#8216;Avatar: Fuego y ceniza&#8217;: Ser\u00e1 m\u00e1s larga que &#8216;Titanic&#8217;<\/p>\n<p>&#8216;Fuego y ceniza&#8217; transcurre un a\u00f1o despu\u00e9s de que la familia de jake y Neytiri se hayan establecido con el clan Metkayina. Se encuentran entonces con una nueva y agresiva tribu Na&#8217;vi llamada el Pueblo de la Ceniza, c<strong>uya l\u00edder se ha aliado con el enemigo de Jake, Quaritch<\/strong>, intensificando el conflicto en Pandora. Regresan como protagonistas <a href=\"https:\/\/www.ecartelera.com\/personas\/sam-worthington\/\" data-mention-type=\"persona\" data-mention-id=\"928\" rel=\"nofollow noopener\" target=\"_blank\">Sam Worthington<\/a>, <a href=\"https:\/\/www.ecartelera.com\/personas\/zoe-saldana\/\" data-mention-type=\"persona\" data-mention-id=\"513\" rel=\"nofollow noopener\" target=\"_blank\">Zoe Salda\u00f1a<\/a>, <a href=\"https:\/\/www.ecartelera.com\/personas\/sigourney-weaver\/\" data-mention-type=\"persona\" data-mention-id=\"514\" rel=\"nofollow noopener\" target=\"_blank\">Sigourney Weaver<\/a> y <a href=\"https:\/\/www.ecartelera.com\/personas\/stephen-lang\/\" data-mention-type=\"persona\" data-mention-id=\"2689\" rel=\"nofollow noopener\" target=\"_blank\">Stephen Lang<\/a> y se une a ellos <a href=\"https:\/\/www.ecartelera.com\/personas\/oona-chaplin\/\" data-mention-type=\"persona\" data-mention-id=\"7848\" rel=\"nofollow noopener\" target=\"_blank\">Oona Chaplin<\/a> como Varang, la l\u00edder Na&#8217;vi del clan \u00abGente de Ceniza\u00bb, que habita en un volc\u00e1n.<\/p>\n<p><script async src=\"https:\/\/platform.twitter.com\/widgets.js\" charset=\"utf-8\"><\/script><\/p>\n","protected":false},"excerpt":{"rendered":"Ahora James Cameron est\u00e1 completamente sumergido en el mundo de Pandora con 2 pel\u00edculas estrenadas de Avatar y&hellip;\n","protected":false},"author":2,"featured_media":251785,"comment_status":"","ping_status":"","sticky":false,"template":"","format":"standard","meta":{"footnotes":""},"categories":[169],"tags":[1014,1015,1013,177,1011,146,147,25,24,782,176,1019,1016,175,753,1012,23,1017,1018],"class_list":{"0":"post-251784","1":"post","2":"type-post","3":"status-publish","4":"format-standard","5":"has-post-thumbnail","7":"category-cine","8":"tag-actores","9":"tag-actrices","10":"tag-cartelera","11":"tag-cine","12":"tag-ecartelera","13":"tag-entertainment","14":"tag-entretenimiento","15":"tag-es","16":"tag-espana","17":"tag-estrellas","18":"tag-film","19":"tag-fotogramas","20":"tag-fotos","21":"tag-movies","22":"tag-peliculas","23":"tag-pelis","24":"tag-spain","25":"tag-trailers","26":"tag-videos"},"share_on_mastodon":{"url":"https:\/\/pubeurope.com\/@es\/115600306432334010","error":""},"_links":{"self":[{"href":"https:\/\/www.europesays.com\/es\/wp-json\/wp\/v2\/posts\/251784","targetHints":{"allow":["GET"]}}],"collection":[{"href":"https:\/\/www.europesays.com\/es\/wp-json\/wp\/v2\/posts"}],"about":[{"href":"https:\/\/www.europesays.com\/es\/wp-json\/wp\/v2\/types\/post"}],"author":[{"embeddable":true,"href":"https:\/\/www.europesays.com\/es\/wp-json\/wp\/v2\/users\/2"}],"replies":[{"embeddable":true,"href":"https:\/\/www.europesays.com\/es\/wp-json\/wp\/v2\/comments?post=251784"}],"version-history":[{"count":0,"href":"https:\/\/www.europesays.com\/es\/wp-json\/wp\/v2\/posts\/251784\/revisions"}],"wp:featuredmedia":[{"embeddable":true,"href":"https:\/\/www.europesays.com\/es\/wp-json\/wp\/v2\/media\/251785"}],"wp:attachment":[{"href":"https:\/\/www.europesays.com\/es\/wp-json\/wp\/v2\/media?parent=251784"}],"wp:term":[{"taxonomy":"category","embeddable":true,"href":"https:\/\/www.europesays.com\/es\/wp-json\/wp\/v2\/categories?post=251784"},{"taxonomy":"post_tag","embeddable":true,"href":"https:\/\/www.europesays.com\/es\/wp-json\/wp\/v2\/tags?post=251784"}],"curies":[{"name":"wp","href":"https:\/\/api.w.org\/{rel}","templated":true}]}}