{"id":251788,"date":"2025-11-23T17:58:07","date_gmt":"2025-11-23T17:58:07","guid":{"rendered":"https:\/\/www.europesays.com\/es\/251788\/"},"modified":"2025-11-23T17:58:07","modified_gmt":"2025-11-23T17:58:07","slug":"el-suplemento-que-puede-reducir-el-riesgo-de-sufrir-alzheimer-segun-un-nuevo-estudio","status":"publish","type":"post","link":"https:\/\/www.europesays.com\/es\/251788\/","title":{"rendered":"El suplemento que puede reducir el riesgo de sufrir alzh\u00e9imer, seg\u00fan un nuevo estudio"},"content":{"rendered":"<p class=\"c-paragraph\">La <a href=\"https:\/\/www.20minutos.es\/tags\/temas\/alzheimer.html\" title=\"Alzh\u00e9imer\" rel=\"nofollow noopener\" target=\"_blank\">enfermedad de Alzheimer<\/a> es el tipo de demencia m\u00e1s frecuente y causa problemas de memoria, lenguaje y comportamiento. Se cree que se desencadena por una <b>acumulaci\u00f3n anormal de prote\u00ednas<\/b> en las c\u00e9lulas cerebrales y sus alrededores.<\/p>\n<p class=\"c-paragraph\">El amiloide es una de estas prote\u00ednas, capaz de formar placas alrededor de las c\u00e9lulas cerebrales. Pero ahora, un estudio reciente ha indicado que tomar <b>un suplemento oral<\/b> podr\u00eda reducir los niveles de amiloide en el cerebro.<\/p>\n<p class=\"c-paragraph\">La investigaci\u00f3n, publicada en por cient\u00edficos japoneses en la revista\u00a0<a href=\"https:\/\/www.sciencedirect.com\/science\/article\/pii\/S019701862500155X?via%3Dihub\" rel=\"nofollow noreferrer noopener\" title=\"Oral administration of arginine suppresses A\u03b2 pathology in animal models of Alzheimer&#039;s disease\" target=\"_blank\">Neurochemistry International<\/a>, ha descubierto que la <b>arginina<\/b>, un amino\u00e1cido natural, puede reducir significativamente la agregaci\u00f3n de \u03b2-amiloide (A\u03b2) y sus efectos t\u00f3xicos en modelos animales de alzh\u00e9imer.\u00a0<\/p>\n<p class=\"c-paragraph\">La arginina, tambi\u00e9n conocida como L-arginina, es un amino\u00e1cido que ayuda al cuerpo a producir prote\u00ednas.\u00a0Se encuentra en muchos alimentos ricos en prote\u00ednas, como<b> carne, pescado, frutos secos, semillas y productos l\u00e1cteos<\/b>. La arginina tambi\u00e9n se puede conseguir como suplemento en herbolarios y parafarmacias.<\/p>\n<p class=\"c-paragraph\">Sin embargo, las dosis utilizadas en el estudio se dise\u00f1aron espec\u00edficamente para fines de investigaci\u00f3n y<b> no corresponden a productos comerciales.<\/b><\/p>\n<p class=\"c-paragraph\">El profesor <b>Yoshitaka Nagai<\/b>, uno de los investigadores principales del estudio, afirma: \u00abNuestro estudio demuestra que la arginina puede suprimir la agregaci\u00f3n de A\u03b2 tanto in vitro como in vivo\u00bb.<\/p>\n<p class=\"c-paragraph\">\u00abLo que hace que este hallazgo sea emocionante es que ya se sabe que la arginina<b> es cl\u00ednicamente segura y econ\u00f3mica,<\/b> lo que la convierte en un candidato muy prometedor para reposicionarse como una opci\u00f3n terap\u00e9utica para la enfermedad de Alzheimer\u00bb, agrega Nagai.<\/p>\n<p class=\"c-paragraph\">Los\u00a0investigadores descubrieron que, en ratones, la administraci\u00f3n oral de arginina redujo la formaci\u00f3n de placas amiloides y<b> disminuy\u00f3 los niveles de A\u03b242 insoluble en el cerebro.<\/b><\/p>\n<p class=\"c-paragraph\">Los ratones que recibieron arginina tambi\u00e9n mostraron un mejor rendimiento en pruebas de comportamiento y una menor expresi\u00f3n de genes de citocinas proinflamatorias asociados con la <b>neuroinflamaci\u00f3n<\/b>, la cual desempe\u00f1a un papel importante en la progresi\u00f3n del alzh\u00e9imer.<\/p>\n<p class=\"c-paragraph\">El profesor Nagai sugiere que este descubrimiento podr\u00eda ofrecer nuevas v\u00edas para la prevenci\u00f3n del alzh\u00e9imer. \u00abNuestros hallazgos abren nuevas posibilidades para el desarrollo de estrategias basadas en la arginina para enfermedades neurodegenerativas<b> causadas por el plegamiento<\/b> y la agregaci\u00f3n an\u00f3malos de prote\u00ednas\u00bb, concluye.<\/p>\n","protected":false},"excerpt":{"rendered":"La enfermedad de Alzheimer es el tipo de demencia m\u00e1s frecuente y causa problemas de memoria, lenguaje y&hellip;\n","protected":false},"author":2,"featured_media":251789,"comment_status":"","ping_status":"","sticky":false,"template":"","format":"standard","meta":{"footnotes":""},"categories":[92],"tags":[25,24,165,789,2074,9952,1288,166,23,5035],"class_list":{"0":"post-251788","1":"post","2":"type-post","3":"status-publish","4":"format-standard","5":"has-post-thumbnail","7":"category-salud","8":"tag-es","9":"tag-espana","10":"tag-health","11":"tag-puede","12":"tag-que","13":"tag-reducir","14":"tag-riesgo","15":"tag-salud","16":"tag-spain","17":"tag-suplemento"},"share_on_mastodon":{"url":"https:\/\/pubeurope.com\/@es\/115600314027827425","error":""},"_links":{"self":[{"href":"https:\/\/www.europesays.com\/es\/wp-json\/wp\/v2\/posts\/251788","targetHints":{"allow":["GET"]}}],"collection":[{"href":"https:\/\/www.europesays.com\/es\/wp-json\/wp\/v2\/posts"}],"about":[{"href":"https:\/\/www.europesays.com\/es\/wp-json\/wp\/v2\/types\/post"}],"author":[{"embeddable":true,"href":"https:\/\/www.europesays.com\/es\/wp-json\/wp\/v2\/users\/2"}],"replies":[{"embeddable":true,"href":"https:\/\/www.europesays.com\/es\/wp-json\/wp\/v2\/comments?post=251788"}],"version-history":[{"count":0,"href":"https:\/\/www.europesays.com\/es\/wp-json\/wp\/v2\/posts\/251788\/revisions"}],"wp:featuredmedia":[{"embeddable":true,"href":"https:\/\/www.europesays.com\/es\/wp-json\/wp\/v2\/media\/251789"}],"wp:attachment":[{"href":"https:\/\/www.europesays.com\/es\/wp-json\/wp\/v2\/media?parent=251788"}],"wp:term":[{"taxonomy":"category","embeddable":true,"href":"https:\/\/www.europesays.com\/es\/wp-json\/wp\/v2\/categories?post=251788"},{"taxonomy":"post_tag","embeddable":true,"href":"https:\/\/www.europesays.com\/es\/wp-json\/wp\/v2\/tags?post=251788"}],"curies":[{"name":"wp","href":"https:\/\/api.w.org\/{rel}","templated":true}]}}