{"id":251796,"date":"2025-11-23T18:02:08","date_gmt":"2025-11-23T18:02:08","guid":{"rendered":"https:\/\/www.europesays.com\/es\/251796\/"},"modified":"2025-11-23T18:02:08","modified_gmt":"2025-11-23T18:02:08","slug":"el-hijo-de-bolsonaro-atribuye-a-la-desesperacion-el-intento-de-su-padre-de-manipular-la-tobillera","status":"publish","type":"post","link":"https:\/\/www.europesays.com\/es\/251796\/","title":{"rendered":"El hijo de Bolsonaro atribuye a la \u00abdesesperaci\u00f3n\u00bb el intento de su padre de manipular la tobillera"},"content":{"rendered":"<p class=\"c-paragraph\">Fl\u00e1vio Bolsonaro, hijo del expresidente brasile\u00f1o <a href=\"https:\/\/www.20minutos.es\/tags\/personas\/jair-bolsonaro.html\" title=\"Jair Bolsonaro\" rel=\"nofollow noopener\" target=\"_blank\">Jair Bolsonaro<\/a>, ha achacado a la<b> \u00abdesesperaci\u00f3n\u00bb<\/b> el intento de manipular la tobillera de localizaci\u00f3n que fue constatado este s\u00e1bado antes de su arresto preventivo por riesgo de fuga.<\/p>\n<p class=\"c-paragraph\">Fl\u00e1vio Bolsonaro particip\u00f3 en la noche del s\u00e1bado en una vigilia de oraci\u00f3n en Brasilia para apoyar a su padre, del que ha asegurado que en ning\u00fan momento ten\u00eda intenci\u00f3n de huir o de quitarse la tobillera.<b> \u00abNo tiene ninguna l\u00f3gica\u00bb<\/b> que quisiera huir, ha subrayado, seg\u00fan recoge el peri\u00f3dico Correio Braziliense.<\/p>\n<p class=\"c-paragraph\">\u00abMe inclino por imaginar que lo hizo en un acto de desesperaci\u00f3n. <b>Tal vez porque le daba verg\u00fcenza por la visita de sus familiares<\/b>\u00ab, en referencia a la visita de familiares de Bolsonaro desplazados desde Sao Paulo.<\/p>\n<p class=\"c-paragraph\">Adem\u00e1s, el hijo del exmandatario ha destacado que la orden de prisi\u00f3n preventiva se emiti\u00f3 antes de que se recibiera la alerta de manipulaci\u00f3n de la tobillera, a las 0:08 horas del s\u00e1bado. \u00abEso no fue decisivo para decretar prisi\u00f3n.<b> La prisi\u00f3n estaba ya decidida<\/b>\u00ab, ha indicado.<\/p>\n<p class=\"c-paragraph\">\u00abLos polic\u00edas llegaron r\u00e1pidamente, abrieron la puerta, vieron que estaba en casa, <b>comprobaron la tobillera y de vuelta a dormir. <\/b>Esa es la fuga absurda y milagrosa. Iba a salir volando\u00bb, ha ironizado Fl\u00e1vio Bolsonaro.<\/p>\n<p class=\"c-paragraph\">\u00abNo consigo imaginar c\u00f3mo podr\u00eda mi padre haber andado m\u00e1s de un kil\u00f3metro hasta aqu\u00ed \u2014donde se realiz\u00f3 la vigilia\u2014\u00a0con una aglomeraci\u00f3n de gente\u00bb, ha argumentado. \u00ab<b>El pueblo est\u00e1 con nosotros\u00bb<\/b>, ha resaltado.<\/p>\n<p class=\"c-paragraph\">Asimismo, Fl\u00e1vio Bolsonaro, ha criticado que se vinculara el arresto con la convocatoria de la vigilia de apoyo<b>. \u00abEst\u00e1n criminalizando la oraci\u00f3n.<\/b> Llamamos a las personas a venir a rezar voluntariamente por su salud. \u00bfAhora eso es motivo de prisi\u00f3n\u00bb, ha protestado.<\/p>\n<p class=\"c-paragraph\">Otro hijo de Bolsonaro, Carlos, ha apuntado por su parte que si hubiera querido quit\u00e1rsela, <b>la habr\u00eda cortado en lugar de utilizar un soldador.<\/b><\/p>\n<p class=\"c-paragraph\">Para Eduardo Bolsonaro, la persecuci\u00f3n de la oraci\u00f3n y el argumento de mantenimiento del orden p\u00fablico asimila a Brasil con reg\u00edmenes autoritarios. \u00abDicen que vamos a convertirnos en una Venezuela. <b>Estamos convirti\u00e9ndonos en Corea del Norte<\/b>\u00ab, ha rese\u00f1ado.<\/p>\n<p class=\"c-paragraph\">Este domingo a las 12:00 horas (16:00 horas en la Espa\u00f1a peninsular) est\u00e1 prevista una<b> audiencia de custodia<\/b> para legalizar la detenci\u00f3n de Bolsonaro, arrestado el s\u00e1bado por riesgo de fuga, seg\u00fan la orden emitida por el juez del Tribunal Supremo Federal Alexandre de Moraes.<\/p>\n<p class=\"c-paragraph\">Bolsonaro ha sido condenado a<b> 27 a\u00f1os y tres meses de prisi\u00f3n<\/b> por organizar una trama para perpetuarse en el poder, cometiendo los delitos de golpe de Estado, abolici\u00f3n del Estado de derecho, constituci\u00f3n de una organizaci\u00f3n criminal armada, da\u00f1os agravados a la propiedad p\u00fablica y deterioro de patrimonio hist\u00f3rico. Est\u00e1 en prisi\u00f3n domiciliaria desde el pasado 4 de agosto.<\/p>\n<p class=\"c-paragraph\">Su sentencia incluye adem\u00e1s una<b> inhabilitaci\u00f3n hasta ocho a\u00f1os<\/b> despu\u00e9s del vencimiento de su condena, plazo que, de no producirse reducciones de la misma, se prev\u00e9 que expire en 2060, cuando el ultraderechista tendr\u00eda, hipot\u00e9ticamente, 105 a\u00f1os.<\/p>\n","protected":false},"excerpt":{"rendered":"Fl\u00e1vio Bolsonaro, hijo del expresidente brasile\u00f1o Jair Bolsonaro, ha achacado a la \u00abdesesperaci\u00f3n\u00bb el intento de manipular la&hellip;\n","protected":false},"author":2,"featured_media":251797,"comment_status":"","ping_status":"","sticky":false,"template":"","format":"standard","meta":{"footnotes":""},"categories":[42],"tags":[56470,32716,17,18,62060,13,14,11,30,17596,61,62,63,64,19,20,9,10,15,16,12,21,22,65,66,67],"class_list":{"0":"post-251796","1":"post","2":"type-post","3":"status-publish","4":"format-standard","5":"has-post-thumbnail","7":"category-internacional","8":"tag-atribuye","9":"tag-bolsonaro","10":"tag-breaking-news","11":"tag-breakingnews","12":"tag-desesperacion","13":"tag-featured-news","14":"tag-featurednews","15":"tag-headlines","16":"tag-hijo","17":"tag-intento","18":"tag-internacional","19":"tag-international","20":"tag-international-news","21":"tag-internationalnews","22":"tag-latest-news","23":"tag-latestnews","24":"tag-news","25":"tag-noticias","26":"tag-noticias-destacadas","27":"tag-noticiasdestacadas","28":"tag-titulares","29":"tag-ultimas-noticias","30":"tag-ultimasnoticias","31":"tag-world","32":"tag-world-news","33":"tag-worldnews"},"share_on_mastodon":{"url":"","error":""},"_links":{"self":[{"href":"https:\/\/www.europesays.com\/es\/wp-json\/wp\/v2\/posts\/251796","targetHints":{"allow":["GET"]}}],"collection":[{"href":"https:\/\/www.europesays.com\/es\/wp-json\/wp\/v2\/posts"}],"about":[{"href":"https:\/\/www.europesays.com\/es\/wp-json\/wp\/v2\/types\/post"}],"author":[{"embeddable":true,"href":"https:\/\/www.europesays.com\/es\/wp-json\/wp\/v2\/users\/2"}],"replies":[{"embeddable":true,"href":"https:\/\/www.europesays.com\/es\/wp-json\/wp\/v2\/comments?post=251796"}],"version-history":[{"count":0,"href":"https:\/\/www.europesays.com\/es\/wp-json\/wp\/v2\/posts\/251796\/revisions"}],"wp:featuredmedia":[{"embeddable":true,"href":"https:\/\/www.europesays.com\/es\/wp-json\/wp\/v2\/media\/251797"}],"wp:attachment":[{"href":"https:\/\/www.europesays.com\/es\/wp-json\/wp\/v2\/media?parent=251796"}],"wp:term":[{"taxonomy":"category","embeddable":true,"href":"https:\/\/www.europesays.com\/es\/wp-json\/wp\/v2\/categories?post=251796"},{"taxonomy":"post_tag","embeddable":true,"href":"https:\/\/www.europesays.com\/es\/wp-json\/wp\/v2\/tags?post=251796"}],"curies":[{"name":"wp","href":"https:\/\/api.w.org\/{rel}","templated":true}]}}