{"id":251810,"date":"2025-11-23T18:17:14","date_gmt":"2025-11-23T18:17:14","guid":{"rendered":"https:\/\/www.europesays.com\/es\/251810\/"},"modified":"2025-11-23T18:17:14","modified_gmt":"2025-11-23T18:17:14","slug":"mika-no-esperaba-la-eliminacion-de-su-talent-y-asi-se-despide-de-ella","status":"publish","type":"post","link":"https:\/\/www.europesays.com\/es\/251810\/","title":{"rendered":"Mika no esperaba la eliminaci\u00f3n de su talent y as\u00ed se despide de ella"},"content":{"rendered":"<p>Con las <b>Batallas en Directo <\/b>a la vuelta de la esquina, los talents han superado gran parte del programa. El <b>Asalto Final<\/b> ha dejado grandes momentos en los que ha habido muy buenas actuaciones y las emociones han estado a flor de piel en todo momento. Una de las peores partes es la despedida, si hay un ganador tiene que haber un perdedor y el que no consigue superar el asalto final debe abandonar<b> La Voz<\/b>.<\/p>\n<p>Uno de los asaltos m\u00e1s re\u00f1idos lo ha protagonizado <b>Nela<\/b>, la talent del equipo de <b>Mika <\/b>ha sido la menos votada por el p\u00fablico pero eso no ha impedido que la cantante demostrase su gran talento. <b>\u00abMe duele mucho el hecho de que Nela ya no vaya a estar aqu\u00ed\u00bb <\/b>ha declarado el coach tras la actuaci\u00f3n. A pesar del resultado, Nela ha reafirmado el orgullo que siente por haber participado en el programa y se queda con <b>\u00abel aprendizaje\u00bb<\/b> que ha tenido en La Voz.<\/p>\n<p>El asalto entre el equipo de Mal\u00fa y el de Mika ha terminado con un sabor agridulce, pero La Voz continua y las Batallas en Directo est\u00e1n a la vuelta de la esquina. En el pr\u00f3ximo programa los talents deber\u00e1n estar muy preparados para la incertidumbre de interpretar sus canciones en directo.<b> \u00bfTe lo vas a perder?<\/b><\/p>\n<p>   <img decoding=\"async\" title=\"Sheila, talent de La Voz 2025\" alt=\"Sheila, talent de La Voz 2025\" width=\"480\" height=\"270\" src=\"https:\/\/www.europesays.com\/es\/wp-content\/uploads\/2025\/11\/1763921834_880_sheila-talent-voz-2025_70.jpg\" loading=\"lazy\" class=\"lazy\"\/><\/p>\n","protected":false},"excerpt":{"rendered":"Con las Batallas en Directo a la vuelta de la esquina, los talents han superado gran parte del&hellip;\n","protected":false},"author":2,"featured_media":251811,"comment_status":"","ping_status":"","sticky":false,"template":"","format":"standard","meta":{"footnotes":""},"categories":[171],"tags":[146,147,25,24,23,214],"class_list":{"0":"post-251810","1":"post","2":"type-post","3":"status-publish","4":"format-standard","5":"has-post-thumbnail","7":"category-tv","8":"tag-entertainment","9":"tag-entretenimiento","10":"tag-es","11":"tag-espana","12":"tag-spain","13":"tag-tv"},"share_on_mastodon":{"url":"https:\/\/pubeurope.com\/@es\/115600388849946343","error":""},"_links":{"self":[{"href":"https:\/\/www.europesays.com\/es\/wp-json\/wp\/v2\/posts\/251810","targetHints":{"allow":["GET"]}}],"collection":[{"href":"https:\/\/www.europesays.com\/es\/wp-json\/wp\/v2\/posts"}],"about":[{"href":"https:\/\/www.europesays.com\/es\/wp-json\/wp\/v2\/types\/post"}],"author":[{"embeddable":true,"href":"https:\/\/www.europesays.com\/es\/wp-json\/wp\/v2\/users\/2"}],"replies":[{"embeddable":true,"href":"https:\/\/www.europesays.com\/es\/wp-json\/wp\/v2\/comments?post=251810"}],"version-history":[{"count":0,"href":"https:\/\/www.europesays.com\/es\/wp-json\/wp\/v2\/posts\/251810\/revisions"}],"wp:featuredmedia":[{"embeddable":true,"href":"https:\/\/www.europesays.com\/es\/wp-json\/wp\/v2\/media\/251811"}],"wp:attachment":[{"href":"https:\/\/www.europesays.com\/es\/wp-json\/wp\/v2\/media?parent=251810"}],"wp:term":[{"taxonomy":"category","embeddable":true,"href":"https:\/\/www.europesays.com\/es\/wp-json\/wp\/v2\/categories?post=251810"},{"taxonomy":"post_tag","embeddable":true,"href":"https:\/\/www.europesays.com\/es\/wp-json\/wp\/v2\/tags?post=251810"}],"curies":[{"name":"wp","href":"https:\/\/api.w.org\/{rel}","templated":true}]}}