{"id":251812,"date":"2025-11-23T18:19:10","date_gmt":"2025-11-23T18:19:10","guid":{"rendered":"https:\/\/www.europesays.com\/es\/251812\/"},"modified":"2025-11-23T18:19:10","modified_gmt":"2025-11-23T18:19:10","slug":"domingo-23-de-noviembre-de-2025","status":"publish","type":"post","link":"https:\/\/www.europesays.com\/es\/251812\/","title":{"rendered":"domingo 23 de noviembre de 2025"},"content":{"rendered":"<p class=\"c-paragraph\"><b>Luca Guadagnino<\/b> es uno de los cineastas en activo m\u00e1s prestigiosos toda vez que inquietos por proponer cosas nuevas a cada pel\u00edcula en la que se embarcan. Tambi\u00e9n trabaja a toda velocidad, de forma que cuando a\u00fan tenemos fresco el recuerdo de <b>Rivales\u00a0y Queer<\/b>, hace pocos meses lleg\u00f3 a cines un nuevo trabajo del italiano llamado a la pol\u00e9mica. O quiz\u00e1 no, porque no fue a verla casi nadie. Por eso ya est\u00e1 en streaming\u00a0en realidad.<\/p>\n<p>Caza de brujas (Amazon Prime Video)<\/p>\n<p class=\"c-paragraph\">As\u00ed que es una buena oportunidad para disfrutar de una de las pel\u00edculas m\u00e1s sorprendentes de 2025. Por su gigantesco reparto (encabezado por una <b>Julia Roberts<\/b> imperial), y sobre todo por su \u00e1cida exploraci\u00f3n del trauma del MeToo, en torno a un caso de abuso sexual en la universidad que pondr\u00e1 contra las cuerdas a varios personajes.\u00a0<\/p>\n<p>Un hombre infiltrado (Netflix)<\/p>\n<p class=\"c-paragraph\">Quiz\u00e1 sea una experiencia m\u00e1s c\u00f3moda, por otro lado, la que propone <b>Un hombre infiltrado<\/b>. Se trata de una nueva comedia de<b> Michael Schur<\/b> (el de<b>\u00a0The Good Place\u00a0y Brooklyn Nine-Nine<\/b>), para la que ha convocado a su antiguo socio<b> Ted Danson<\/b>. \u00c9l interpreta al profesor protagonista, un hombre de lo m\u00e1s normal que de pronto se pone a ejercer de esp\u00eda.\u00a0<\/p>\n<p>Expediente Vallecas (HBO Max)<\/p>\n<p class=\"c-paragraph\">El caso del poltergeist\u00a0m\u00e1s medi\u00e1tico de Espa\u00f1a ya dio pie en su d\u00eda a una exitosa pel\u00edcula de <b>Paco Plaza<\/b>, pero la historia es lo bastante jugosa como para que se le haya querido dar otra vuelta en plena moda del true crime. As\u00ed que, tras <b>Ver\u00f3nica<\/b>, aqu\u00ed nos topamos con una docuserie de tres cap\u00edtulos dedicada a analizar unos hechos espeluznantes.\u00a0<\/p>\n<p>Anatom\u00eda de un instante (Movistar Plus+)<\/p>\n<p class=\"c-paragraph\">Otra serie basada en hechos reales, aunque aqu\u00ed con la mediaci\u00f3n de uno de los libros m\u00e1s conocidos de<b> Javier Cercas (Soldados de Salamina).<\/b> Coincidiendo con el 50 aniversario de la muerte de <b>Francisco Franco<\/b>, aqu\u00ed nos topamos con una meticulosa recreaci\u00f3n de los hechos del golpe de estado de 1982 impulsado por <b>Antonio Tejero<\/b>.\u00a0<\/p>\n","protected":false},"excerpt":{"rendered":"Luca Guadagnino es uno de los cineastas en activo m\u00e1s prestigiosos toda vez que inquietos por proponer cosas&hellip;\n","protected":false},"author":2,"featured_media":251813,"comment_status":"","ping_status":"","sticky":false,"template":"","format":"standard","meta":{"footnotes":""},"categories":[169],"tags":[6826,177,146,147,25,24,176,29533,52198,175,152,23,63715],"class_list":{"0":"post-251812","1":"post","2":"type-post","3":"status-publish","4":"format-standard","5":"has-post-thumbnail","7":"category-cine","8":"tag-amazon-prime-video","9":"tag-cine","10":"tag-entertainment","11":"tag-entretenimiento","12":"tag-es","13":"tag-espana","14":"tag-film","15":"tag-julia-roberts","16":"tag-luca-guadagnino","17":"tag-movies","18":"tag-netflix","19":"tag-spain","20":"tag-ted-danson"},"share_on_mastodon":{"url":"https:\/\/pubeurope.com\/@es\/115600396455763717","error":""},"_links":{"self":[{"href":"https:\/\/www.europesays.com\/es\/wp-json\/wp\/v2\/posts\/251812","targetHints":{"allow":["GET"]}}],"collection":[{"href":"https:\/\/www.europesays.com\/es\/wp-json\/wp\/v2\/posts"}],"about":[{"href":"https:\/\/www.europesays.com\/es\/wp-json\/wp\/v2\/types\/post"}],"author":[{"embeddable":true,"href":"https:\/\/www.europesays.com\/es\/wp-json\/wp\/v2\/users\/2"}],"replies":[{"embeddable":true,"href":"https:\/\/www.europesays.com\/es\/wp-json\/wp\/v2\/comments?post=251812"}],"version-history":[{"count":0,"href":"https:\/\/www.europesays.com\/es\/wp-json\/wp\/v2\/posts\/251812\/revisions"}],"wp:featuredmedia":[{"embeddable":true,"href":"https:\/\/www.europesays.com\/es\/wp-json\/wp\/v2\/media\/251813"}],"wp:attachment":[{"href":"https:\/\/www.europesays.com\/es\/wp-json\/wp\/v2\/media?parent=251812"}],"wp:term":[{"taxonomy":"category","embeddable":true,"href":"https:\/\/www.europesays.com\/es\/wp-json\/wp\/v2\/categories?post=251812"},{"taxonomy":"post_tag","embeddable":true,"href":"https:\/\/www.europesays.com\/es\/wp-json\/wp\/v2\/tags?post=251812"}],"curies":[{"name":"wp","href":"https:\/\/api.w.org\/{rel}","templated":true}]}}