{"id":251816,"date":"2025-11-23T18:21:09","date_gmt":"2025-11-23T18:21:09","guid":{"rendered":"https:\/\/www.europesays.com\/es\/251816\/"},"modified":"2025-11-23T18:21:09","modified_gmt":"2025-11-23T18:21:09","slug":"foxa1-la-clave-molecular-en-la-resistencia-al-tratamiento-hormonal-en-el-cancer-de-mama-luminal","status":"publish","type":"post","link":"https:\/\/www.europesays.com\/es\/251816\/","title":{"rendered":"FOXA1, la clave molecular en la resistencia al tratamiento hormonal en el c\u00e1ncer de mama luminal"},"content":{"rendered":"<p><strong>Redacci\u00f3n<br \/><\/strong>Investigadores del <strong data-start=\"1047\" data-end=\"1123\">Centro de Investigaci\u00f3n del C\u00e1ncer <\/strong>(Universidad de Salamanca\u2013CSIC\u2013Ficus), liderados por el <strong data-start=\"1142\" data-end=\"1164\">Dr. Antoni Hurtado<\/strong> y la <strong data-start=\"1170\" data-end=\"1191\">Dra. Sandra L\u00f3pez<\/strong>, han identificado un mecanismo decisivo que explica <strong data-start=\"1244\" data-end=\"1330\">c\u00f3mo los tumores de mama luminal desarrollan resistencia a las terapias hormonales<\/strong>, uno de los principales desaf\u00edos cl\u00ednicos en este subtipo, altamente prevalente y complejo.<\/p>\n<p data-start=\"1424\" data-end=\"1829\">El estudio se centra en <strong data-start=\"1448\" data-end=\"1457\">FOXA1<\/strong>, una prote\u00edna considerada un \u00abfactor pionero\u00bb\u00a0que regula la expresi\u00f3n g\u00e9nica mediada por el <strong>receptor de estr\u00f3genos <\/strong>(ER). Los investigadores demuestran que su <strong data-start=\"1617\" data-end=\"1759\">actividad y localizaci\u00f3n en el genoma dependen de su estado de acetilaci\u00f3n y de su interacci\u00f3n con las v\u00edas de se\u00f1alizaci\u00f3n HER2 y HER3<\/strong>, implicadas desde hace a\u00f1os en mecanismos de resistencia terap\u00e9utica.<\/p>\n<p data-start=\"1889\" data-end=\"2216\">El equipo confirma que <strong data-start=\"1912\" data-end=\"2005\">FOXA1 act\u00faa como un nodo molecular esencial en la respuesta a los tratamientos hormonales<\/strong>, controlando la activaci\u00f3n o silenciamiento de genes clave para el crecimiento tumoral. Una modificaci\u00f3n qu\u00edmica, la <strong data-start=\"2123\" data-end=\"2138\">acetilaci\u00f3n<\/strong>,\u00a0determina su capacidad para unirse al ADN y modular estos programas g\u00e9nicos.<\/p>\n<p>Estos hallazgos permitir\u00e1n anticipar qu\u00e9 pacientes pueden beneficiarse de combinaciones terap\u00e9uticas y disminuir la tasa de reca\u00eddas tras los tratamientos hormonales<\/p>\n<p data-start=\"2288\" data-end=\"2669\">Los investigadores han demostrado, mediante modelos celulares y animales, que <strong data-start=\"2366\" data-end=\"2431\">la activaci\u00f3n de HER2\/HER3 provoca la desacetilaci\u00f3n de FOXA1<\/strong>, permitiendo que la prote\u00edna <strong data-start=\"2461\" data-end=\"2490\">evada el control hormonal<\/strong> y active genes asociados a <strong data-start=\"2518\" data-end=\"2537\">peor pron\u00f3stico<\/strong> y <strong data-start=\"2540\" data-end=\"2582\">menor respuesta a tratamientos anti-ER<\/strong>, incluido <strong data-start=\"2593\" data-end=\"2608\">fulvestrant<\/strong>, f\u00e1rmaco esencial en el abordaje del c\u00e1ncer de mama luminal. El estudio identifica adem\u00e1s a <strong data-start=\"2702\" data-end=\"2711\">HDAC2<\/strong> como <strong data-start=\"2717\" data-end=\"2762\">enzima responsable de esta desacetilaci\u00f3n<\/strong>, posicion\u00e1ndola como <strong data-start=\"2784\" data-end=\"2819\">una potencial diana terap\u00e9utica<\/strong> para frenar la progresi\u00f3n tumoral y revertir la resistencia.<\/p>\n<p><strong data-start=\"2885\" data-end=\"2943\">Relevancia cl\u00ednica y nuevas oportunidades terap\u00e9uticas<\/strong><\/p>\n<p data-start=\"2945\" data-end=\"3129\">Los hallazgos abren la puerta a nuevas estrategias combinadas, especialmente en tumores <strong data-start=\"3037\" data-end=\"3049\">HER2-low<\/strong>, donde las opciones terap\u00e9uticas siguen siendo limitadas. Seg\u00fan los resultados: la <strong data-start=\"3136\" data-end=\"3195\">combinaci\u00f3n de terapias dirigidas contra HER2\/HER3 y ER<\/strong> consigue revertir la resistencia en modelos precl\u00ednicos; y los <strong data-start=\"3261\" data-end=\"3295\">inhibidores selectivos de HDAC<\/strong>, como romidepsina, logran <strong data-start=\"3326\" data-end=\"3383\">restaurar el control hormonal del crecimiento tumoral<\/strong>, respaldando el desarrollo de ensayos cl\u00ednicos m\u00e1s personalizados.<\/p>\n<p data-start=\"3456\" data-end=\"3783\">\u00abEstos resultados nos acercan a una medicina personalizada en c\u00e1ncer de mama, permitiendo anticipar qu\u00e9 pacientes pueden beneficiarse de combinaciones terap\u00e9uticas y disminuyendo la tasa de reca\u00eddas tras los tratamientos hormonales. Es especialmente relevante para los tumores HER2-low\u00bb, resalta el <strong data-start=\"3459\" data-end=\"3481\">Dr. Antoni Hurtado<\/strong>, investigador principal del Centro de Investigaci\u00f3n del C\u00e1ncer.<\/p>\n<p data-start=\"3835\" data-end=\"4263\">El proyecto ha contado con la participaci\u00f3n del Instituto de Biolog\u00eda Molecular y Celular del C\u00e1ncer (<strong data-start=\"3883\" data-end=\"3971\">CSIC\u2013Universidad de Salamanca<\/strong>), el <strong data-start=\"3976\" data-end=\"4004\">Institute of Biosciences<\/strong> de la Universidad de Oslo y el <strong data-start=\"4036\" data-end=\"4069\">Institute for Cancer Research<\/strong> del Norwegian Radium Hospital, entre otros centros europeos. Adem\u00e1s, ha sido financiado por el programa Horizon 2020 de la Uni\u00f3n Europea y por el Ministerio de Ciencia y Tecnolog\u00eda de Espa\u00f1a.<\/p>\n","protected":false},"excerpt":{"rendered":"Redacci\u00f3nInvestigadores del Centro de Investigaci\u00f3n del C\u00e1ncer (Universidad de Salamanca\u2013CSIC\u2013Ficus), liderados por el Dr. Antoni Hurtado y la&hellip;\n","protected":false},"author":2,"featured_media":251817,"comment_status":"","ping_status":"","sticky":false,"template":"","format":"standard","meta":{"footnotes":""},"categories":[92],"tags":[35809,1066,8106,25,24,165,1294,166,23],"class_list":{"0":"post-251816","1":"post","2":"type-post","3":"status-publish","4":"format-standard","5":"has-post-thumbnail","7":"category-salud","8":"tag-c1","9":"tag-cancer","10":"tag-cancer-de-mama","11":"tag-es","12":"tag-espana","13":"tag-health","14":"tag-investigacion","15":"tag-salud","16":"tag-spain"},"share_on_mastodon":{"url":"https:\/\/pubeurope.com\/@es\/115600404451619906","error":""},"_links":{"self":[{"href":"https:\/\/www.europesays.com\/es\/wp-json\/wp\/v2\/posts\/251816","targetHints":{"allow":["GET"]}}],"collection":[{"href":"https:\/\/www.europesays.com\/es\/wp-json\/wp\/v2\/posts"}],"about":[{"href":"https:\/\/www.europesays.com\/es\/wp-json\/wp\/v2\/types\/post"}],"author":[{"embeddable":true,"href":"https:\/\/www.europesays.com\/es\/wp-json\/wp\/v2\/users\/2"}],"replies":[{"embeddable":true,"href":"https:\/\/www.europesays.com\/es\/wp-json\/wp\/v2\/comments?post=251816"}],"version-history":[{"count":0,"href":"https:\/\/www.europesays.com\/es\/wp-json\/wp\/v2\/posts\/251816\/revisions"}],"wp:featuredmedia":[{"embeddable":true,"href":"https:\/\/www.europesays.com\/es\/wp-json\/wp\/v2\/media\/251817"}],"wp:attachment":[{"href":"https:\/\/www.europesays.com\/es\/wp-json\/wp\/v2\/media?parent=251816"}],"wp:term":[{"taxonomy":"category","embeddable":true,"href":"https:\/\/www.europesays.com\/es\/wp-json\/wp\/v2\/categories?post=251816"},{"taxonomy":"post_tag","embeddable":true,"href":"https:\/\/www.europesays.com\/es\/wp-json\/wp\/v2\/tags?post=251816"}],"curies":[{"name":"wp","href":"https:\/\/api.w.org\/{rel}","templated":true}]}}