{"id":251818,"date":"2025-11-23T18:22:14","date_gmt":"2025-11-23T18:22:14","guid":{"rendered":"https:\/\/www.europesays.com\/es\/251818\/"},"modified":"2025-11-23T18:22:14","modified_gmt":"2025-11-23T18:22:14","slug":"annie-leibovitz-la-camara-de-algun-modo-me-salvo-la-vida","status":"publish","type":"post","link":"https:\/\/www.europesays.com\/es\/251818\/","title":{"rendered":"Annie Leibovitz: \u201cLa c\u00e1mara, de alg\u00fan modo, me salv\u00f3 la vida\u201d"},"content":{"rendered":"<p>La <strong>Fundaci\u00f3n Marta Ortega P\u00e9rez (Fundacio\u0301n MOP)<\/strong> acaba de inaugurar <strong><a href=\"https:\/\/www.traveler.es\/articulos\/wonderland-exposicion-annie-leibovitz-fundacion-mop-a-coruna\" rel=\"nofollow noopener\" target=\"_blank\">Wonderland<\/a>,<\/strong> un recorrido por la mirada \u00fanica de <strong>Annie Leibovitz,<\/strong> una de las narradoras visuales m\u00e1s influyentes de las \u00faltimas d\u00e9cadas.<\/p>\n<p>Se trata de la primera gran exposici\u00f3n dedicada a la fotograf\u00eda de moda de la artista y podr\u00e1 visitarse en el <strong>Centro MOP<\/strong> del <strong>Muelle de Bateri\u0301a<\/strong> de <a href=\"https:\/\/www.traveler.es\/articulos\/a-coruna-galicia-que-hacer-que-ver-donde-comer\" rel=\"nofollow noopener\" target=\"_blank\"><strong>A Corun\u0303a<\/strong><\/a> hasta el <strong>1 de mayo de 2026.<\/strong><\/p>\n<p>El recorrido comienza con aquellos a\u00f1os en los que la fot\u00f3grafa estadounidense, armada con una c\u00e1mara y una sensibilidad ins\u00f3lita, se convirti\u00f3 en testigo privilegiada de una generaci\u00f3n irrepetible y se labr\u00f3 una excelente reputacio\u0301n por sus retratos para la revista Rolling Stone. <strong>Bob Dylan, Grace Slick, Mick Jagger, Keith Richards o aquel hist\u00f3rico retrato de John Lennon<\/strong> pocas horas antes de morir: im\u00e1genes que retratan no s\u00f3lo rostros, sino estados de \u00e1nimo, pulsos culturales, \u00e9pocas enteras.<\/p>\n<p><img decoding=\"async\" alt=\"Ben Stiller Jacquetta Wheeler Ai Tominaga Karolina Kurkova Oluchi Onweagba and Stella Tennant Paris 2001. Annie Leibovitz\" loading=\"lazy\" class=\"ResponsiveImageContainer-eNxvmU cfBbTk responsive-image__image\"   src=\"https:\/\/www.europesays.com\/es\/wp-content\/uploads\/2025\/11\/Ben%20Stiller,%20Jacquetta%20Wheeler,%20Ai%20Tominaga,%20Karolina%20Kurkova,%20Oluchi%20Onweagba,%20.jpeg'Paris'%2C%25202001.%2520%25C2%25A9%2520Annie%2520Leibovitz%2520.jpg\"\/><\/p>\n<p>Ben Stiller, Jacquetta Wheeler, Ai Tominaga, Karolina Kurkova, Oluchi Onweagba, and Stella Tennant, Paris, 2001.Annie Leibovitz<\/p>\n<p>La muesta avanza con ritmo cinematogr\u00e1fico a trav\u00e9s de sus d\u00e9cadas de trabajo para <strong>el mundo del arte, el cine, la mu\u0301sica, la pol\u00edtica o el deporte,<\/strong> para llegar finalmente al n\u00facleo emocional de Wonderland: una amplia selecci\u00f3n de sus <strong>im\u00e1genes de moda.<\/strong> Muchas de ellas nunca hab\u00edan sido mostradas p\u00fablicamente. <strong>Escenarios on\u00edricos, narrativas que rozan lo teatral<\/strong> y un sentido del retrato que convierte cada fotograf\u00eda en un peque\u00f1o relato: aqu\u00ed es donde la mirada de Leibovitz alcanza su plenitud.<\/p>\n<p>La experiencia se completa con <strong>una pel\u00edcula y una publicaci\u00f3n, Annie Leibovitz in wonderland,<\/strong> producidas para la ocasio\u0301n por la Fundaci\u00f3n MOP. Ambas piezas re\u00fanen entrevistas con c\u00f3mplices habituales de la fot\u00f3grafa <strong>\u2014de Bruce Springsteen a Gloria Steinem, pasando por Patti Smith, Karen Elson, Tina Brown, Mary Howard y Phyllis Posnick\u2014<\/strong> que ayudan a comprender mejor c\u00f3mo se construye una carrera que ha dejado huella en generaciones de creadores.<\/p>\n<p>Recorremos la muestra de la mano de la mism\u00edsima <strong>Annie Leibovitz.<\/strong><\/p>\n","protected":false},"excerpt":{"rendered":"La Fundaci\u00f3n Marta Ortega P\u00e9rez (Fundacio\u0301n MOP) acaba de inaugurar Wonderland, un recorrido por la mirada \u00fanica de&hellip;\n","protected":false},"author":2,"featured_media":251819,"comment_status":"","ping_status":"","sticky":false,"template":"","format":"standard","meta":{"footnotes":""},"categories":[91],"tags":[5843,517,146,147,25,24,241,244,816,1023,23],"class_list":{"0":"post-251818","1":"post","2":"type-post","3":"status-publish","4":"format-standard","5":"has-post-thumbnail","7":"category-entretenimiento","8":"tag-a-coruna","9":"tag-actualidad","10":"tag-entertainment","11":"tag-entretenimiento","12":"tag-es","13":"tag-espana","14":"tag-exposiciones","15":"tag-fotografia","16":"tag-galicia","17":"tag-moda","18":"tag-spain"},"share_on_mastodon":{"url":"https:\/\/pubeurope.com\/@es\/115600408500647317","error":""},"_links":{"self":[{"href":"https:\/\/www.europesays.com\/es\/wp-json\/wp\/v2\/posts\/251818","targetHints":{"allow":["GET"]}}],"collection":[{"href":"https:\/\/www.europesays.com\/es\/wp-json\/wp\/v2\/posts"}],"about":[{"href":"https:\/\/www.europesays.com\/es\/wp-json\/wp\/v2\/types\/post"}],"author":[{"embeddable":true,"href":"https:\/\/www.europesays.com\/es\/wp-json\/wp\/v2\/users\/2"}],"replies":[{"embeddable":true,"href":"https:\/\/www.europesays.com\/es\/wp-json\/wp\/v2\/comments?post=251818"}],"version-history":[{"count":0,"href":"https:\/\/www.europesays.com\/es\/wp-json\/wp\/v2\/posts\/251818\/revisions"}],"wp:featuredmedia":[{"embeddable":true,"href":"https:\/\/www.europesays.com\/es\/wp-json\/wp\/v2\/media\/251819"}],"wp:attachment":[{"href":"https:\/\/www.europesays.com\/es\/wp-json\/wp\/v2\/media?parent=251818"}],"wp:term":[{"taxonomy":"category","embeddable":true,"href":"https:\/\/www.europesays.com\/es\/wp-json\/wp\/v2\/categories?post=251818"},{"taxonomy":"post_tag","embeddable":true,"href":"https:\/\/www.europesays.com\/es\/wp-json\/wp\/v2\/tags?post=251818"}],"curies":[{"name":"wp","href":"https:\/\/api.w.org\/{rel}","templated":true}]}}