{"id":251820,"date":"2025-11-23T18:23:14","date_gmt":"2025-11-23T18:23:14","guid":{"rendered":"https:\/\/www.europesays.com\/es\/251820\/"},"modified":"2025-11-23T18:23:14","modified_gmt":"2025-11-23T18:23:14","slug":"este-portatil-hp-es-la-compra-maestra-del-black-friday","status":"publish","type":"post","link":"https:\/\/www.europesays.com\/es\/251820\/","title":{"rendered":"este port\u00e1til HP es la compra maestra del Black Friday"},"content":{"rendered":"<p class=\"ng-star-inserted\">Si tu port\u00e1til ya no ofrece un buen rendimiento porque se queda corto de RAM y procesador para los tiempos que corren, la <b>Semana de Black Friday de Amazon<\/b> ha tra\u00eddo una oportunidad que no puedes dejar escapar. El HP 15-fc0240ns, que tiene un precio de venta recomendado de 679 euros, <a title=\"est\u00e1 disponible a unos irresistibles 519 euros\" href=\"https:\/\/www.amazon.es\/dp\/B0FCG33M6K\/?tag=lr-tecnologia-ofertas-antonio-21\" rel=\"nofollow,sponsored noopener\" target=\"_blank\">est\u00e1 disponible a unos irresistibles 519 euros<\/a>. Estamos ante <b>el precio m\u00e1s bajo que ha tenido este modelo en toda su historia<\/b>, lo que convierte a esta oferta en <b>una ocasi\u00f3n \u00fanica<\/b> para hacerse con este equipo a un precio mucho m\u00e1s atractivo.<\/p>\n<p>Antes de echar un vistazo a sus caracter\u00edsticas para ver qu\u00e9 ofrece este port\u00e1til, no est\u00e1 de m\u00e1s mencionar que <b>viene sin sistema operativo<\/b>. Por lo tanto, es el comprador quien tiene que instalar Windows 11. Esto es <b>muy f\u00e1cil<\/b> y en Internet hay muchos tutoriales explicando c\u00f3mo se hace. En cuanto al sistema operativo, <a title=\"se puede descargar desde la web de Microsoft\" href=\"https:\/\/www.microsoft.com\/es-es\/software-download\/windows11\" target=\"_blank\" rel=\"nofollow noopener\">se puede descargar desde la web de Microsoft<\/a>.<\/p>\n<p>Ll\u00e9vate el HP 15-fc0240ns al precio m\u00e1s bajo en Amazon<img decoding=\"async\" loading=\"lazy\" src=\"https:\/\/www.europesays.com\/es\/wp-content\/uploads\/2025\/11\/este-portatil-esta-nada-mal-nivel-conectividad_58.jpg\" alt=\"Este port\u00e1til HP no est\u00e1 nada mal a nivel de conectividad\" width=\"1900\" height=\"1069\"\/><b>Este port\u00e1til HP no est\u00e1 nada mal a nivel de conectividad<\/b>HP<\/p>\n<p class=\"ng-star-inserted\"> En el interior de este port\u00e1til encontramos el procesador <b>AMD Ryzen 7 7730U<\/b>, que garantiza una gran fluidez y permite ejecutar varios programas al mismo tiempo sin que afecte a su rendimiento. Ahora bien, hay que tener en cuenta que es un <b>procesador de bajo consumo<\/b>. Esto, sumado a que tampoco lleva una tarjeta gr\u00e1fica dedica, hace que no sea un equipo pensado para tareas exigentes como la edici\u00f3n de v\u00eddeo o el modelado 3D. <\/p>\n<p class=\"ng-star-inserted\"> A nivel de RAM y almacenamiento est\u00e1 por encima de otros port\u00e1tiles m\u00e1s caros. El HP 15-fc0240ns cuenta con <b>32 GB de RAM y 1 TB de SSD<\/b>. En cuanto a la pantalla, lleva un panel de 15,6 pulgadas con resoluci\u00f3n Full HD (1.920 por 1.080 p\u00edxeles). Es el tama\u00f1o est\u00e1ndar <b>ideal para trabajar c\u00f3modamente<\/b>, consumir todo tipo de contenido y jugar. Sobre esto \u00faltimo, al no ser un port\u00e1til gaming, hay que hacerlo a trav\u00e9s de Xbox Cloud Gaming u otra plataforma de juego en la nube.<\/p>\n<p class=\"ng-star-inserted\"> No dejes pasar esta oportunidad, ya que <b>es muy probable que no volvamos a verlo tan barato en mucho tiempo<\/b>. Por 519 euros, te llevas un port\u00e1til que no est\u00e1 nada mal. Es m\u00e1s, puede que no encuentres una mejor opci\u00f3n por debajo de los 550 euros. <\/p>\n<p>Este art\u00edculo est\u00e1 pensado para ayudarte a descubrir productos de tu inter\u00e9s o para que tomes una mejor decisi\u00f3n de compra. Algunos de los enlaces que incluye son de afiliados, por lo que si realizas una compra a trav\u00e9s de ellos La Raz\u00f3n podr\u00eda recibir una peque\u00f1a comisi\u00f3n. Este hecho no influye en nuestras recomendaciones ni en el precio que pagas por el producto.<\/p>\n","protected":false},"excerpt":{"rendered":"Si tu port\u00e1til ya no ofrece un buen rendimiento porque se queda corto de RAM y procesador para&hellip;\n","protected":false},"author":2,"featured_media":251821,"comment_status":"","ping_status":"","sticky":false,"template":"","format":"standard","meta":{"footnotes":""},"categories":[81],"tags":[119,123,124,25,24,117,121,122,23,118,120],"class_list":{"0":"post-251820","1":"post","2":"type-post","3":"status-publish","4":"format-standard","5":"has-post-thumbnail","7":"category-ciencia-y-tecnologia","8":"tag-ciencia","9":"tag-ciencia-y-tecnologia","10":"tag-cienciaytecnologia","11":"tag-es","12":"tag-espana","13":"tag-science","14":"tag-science-and-technology","15":"tag-scienceandtechnology","16":"tag-spain","17":"tag-technology","18":"tag-tecnologia"},"share_on_mastodon":{"url":"https:\/\/pubeurope.com\/@es\/115600412482107053","error":""},"_links":{"self":[{"href":"https:\/\/www.europesays.com\/es\/wp-json\/wp\/v2\/posts\/251820","targetHints":{"allow":["GET"]}}],"collection":[{"href":"https:\/\/www.europesays.com\/es\/wp-json\/wp\/v2\/posts"}],"about":[{"href":"https:\/\/www.europesays.com\/es\/wp-json\/wp\/v2\/types\/post"}],"author":[{"embeddable":true,"href":"https:\/\/www.europesays.com\/es\/wp-json\/wp\/v2\/users\/2"}],"replies":[{"embeddable":true,"href":"https:\/\/www.europesays.com\/es\/wp-json\/wp\/v2\/comments?post=251820"}],"version-history":[{"count":0,"href":"https:\/\/www.europesays.com\/es\/wp-json\/wp\/v2\/posts\/251820\/revisions"}],"wp:featuredmedia":[{"embeddable":true,"href":"https:\/\/www.europesays.com\/es\/wp-json\/wp\/v2\/media\/251821"}],"wp:attachment":[{"href":"https:\/\/www.europesays.com\/es\/wp-json\/wp\/v2\/media?parent=251820"}],"wp:term":[{"taxonomy":"category","embeddable":true,"href":"https:\/\/www.europesays.com\/es\/wp-json\/wp\/v2\/categories?post=251820"},{"taxonomy":"post_tag","embeddable":true,"href":"https:\/\/www.europesays.com\/es\/wp-json\/wp\/v2\/tags?post=251820"}],"curies":[{"name":"wp","href":"https:\/\/api.w.org\/{rel}","templated":true}]}}