{"id":251824,"date":"2025-11-23T18:25:09","date_gmt":"2025-11-23T18:25:09","guid":{"rendered":"https:\/\/www.europesays.com\/es\/251824\/"},"modified":"2025-11-23T18:25:09","modified_gmt":"2025-11-23T18:25:09","slug":"israel-elimina-al-numero-dos-de-hizbula-en-un-bombardeo-sobre-beirut","status":"publish","type":"post","link":"https:\/\/www.europesays.com\/es\/251824\/","title":{"rendered":"Israel elimina al &#8216;n\u00famero dos&#8217; de Hizbul\u00e1 en un bombardeo sobre Beirut"},"content":{"rendered":"<p>La oficina del primer ministro de Israel, <strong>Benjamin Netanyahu<\/strong>, ha confirmado que el Ej\u00e9rcito israel\u00ed ha realizado un ataque a\u00e9reo contra el \u00abn\u00famero dos\u00bb de la milicia chi\u00ed Hizbul\u00e1, su jefe del Estado Mayor, <strong>Haizam Al\u00ed Tabatabai<\/strong>, en el sur de Beirut. <\/p>\n<p>Las Fuerzas de Defensa de Israel han confirmado por su parte que el l\u00edder de Hizbul\u00e1 ha muerto en el ataque, que se ha saldado con otros cuatro muertos y 28 heridos. Esta es la primera acci\u00f3n en meses contra el Dahye, los suburbios meridionales de la capital libanesa.<\/p>\n<p>El gabinete israel\u00ed asegura que Al\u00ed Tabatabi hab\u00eda estado liderando \u00abel desarrollo y rearme de la organizaci\u00f3n terrorista\u00bb y Netanyahu orden\u00f3 el ataque por recomendaci\u00f3n del Ministro de Defensa y del Jefe del Estado Mayor de las Fuerzas de Defensa de Israel. Es considerado la mano derecha del secretario general de la organizaci\u00f3n, <strong>Naim Qassem<\/strong>, que a su vez asumi\u00f3 el cargo tras la muerte de su predecesor, <strong>Hasan Nasrala<\/strong>, muerto por <a href=\"https:\/\/www.rtve.es\/noticias\/20240928\/ejercito-israeli-asegura-haber-matado-lider-hizbula\/16266193.shtml\" target=\"_blank\" rel=\"nofollow noopener\">un ataque israel\u00ed en septiembre del a\u00f1o pasado<\/a>.<\/p>\n<p>\u00abIsrael est\u00e1 decidido a <strong>actuar para lograr sus objetivos en todo lugar y en todo momento<\/strong>\u00ab, concluye la nota, en l\u00ednea con la postura que el primer ministro ha defendido este domingo durante la reuni\u00f3n de Gobierno, en la que ha dicho que <strong>no necesita \u00abaprobaci\u00f3n\u00bb externa para atacar a Ham\u00e1s y a Hizbul\u00e1<\/strong>.<\/p>\n<p>\u00abTodo lo que dicen sobre que debemos obtener aprobaci\u00f3n para esto (bombardeos) de uno u otro lado es simplemente una completa mentira. Actuamos con total independencia. Las Fuerzas de Defensa de Israel <a href=\"https:\/\/www.rtve.es\/noticias\/20251118\/menos-trece-muertos-bombardeo-israeli-contra-mayor-campo-refugiados-palestinos-del-libano\/16821338.shtml\" target=\"_blank\" rel=\"nofollow noopener\">toman medidas inmediatas para frustrar ataques<\/a>\u00ab, ha afirmado Netanyahu, en lo que parece una nueva alusi\u00f3n al Gobierno de Estados Unidos.<\/p>\n<p>El primer ministro israel\u00ed ha a\u00f1adido que las repuestas militares por parte de su Ejecutivo son calibradas por el ministro de Defensa, <strong>Israel Katz<\/strong>, y, posteriormente, este se las remite para adoptar una decisi\u00f3n conjunta. \u00abDecidimos independientemente de cualquier factor, y as\u00ed debe ser. Israel es responsable de su seguridad\u00bb, continu\u00f3 Netanyahu.<\/p>\n<p>\t\tIr\u00e1n, Yemen, el L\u00edbano o Siria: las otras guerras de Israel\t<\/p>\n<p>10.000 violaciones del alto el fuego<\/p>\n<p>El ataque directo se ha producido pese al alto el fuego en vigor desde el 27 de noviembre de 2024. Desde esa fecha, se han contabilizado alrededor de 10.000 violaciones del entendimiento entre ambos pa\u00edses, detall\u00f3 el jueves un informe de la misi\u00f3n de paz de la ONU en el L\u00edbano (FINUL).<\/p>\n<p>Israel <a href=\"https:\/\/www.rtve.es\/noticias\/20251106\/israel-bombardea-sur-libano-ataques-contra-posiciones-hizbulah\/16804451.shtml\" target=\"_blank\" rel=\"nofollow noopener\">sigue atacando con asiduidad<\/a> y matando a presuntos miembros de Hizbul\u00e1 bajo el pretexto de que busca rearmarse, lo que el gobierno israel\u00ed califica de una violaci\u00f3n de los t\u00e9rminos de la tregua.<\/p>\n<p>El presidente del L\u00edbano, <strong>Joseph Aoun<\/strong>, ha llamado este domingo a una \u00abintervenci\u00f3n internacional\u00bb para evitar un mayor deterioro de la situaci\u00f3n en el pa\u00eds. \u00abEl L\u00edbano, que se ha adherido al cese de hostilidades durante casi un a\u00f1o y ha presentado una iniciativa tras otra, reitera su llamamiento a la comunidad internacional para que asuma su responsabilidad e intervenga con firmeza y seriedad para <strong>detener los ataques contra el L\u00edbano y su pueblo<\/strong>\u00ab, ha dicho Aoun en un comunicado enviado por su oficina tras la acci\u00f3n israel\u00ed contra los suburbios. <\/p>\n<p>Por ello, considera que \u00fanicamente la intervenci\u00f3n internacional podr\u00e1 evitar un mayor deterioro de la situaci\u00f3n que pueda reavivar las tensiones en la regi\u00f3n, as\u00ed como \u00abun mayor derramamiento de sangre\u00bb.<\/p>\n","protected":false},"excerpt":{"rendered":"La oficina del primer ministro de Israel, Benjamin Netanyahu, ha confirmado que el Ej\u00e9rcito israel\u00ed ha realizado un&hellip;\n","protected":false},"author":2,"featured_media":251825,"comment_status":"","ping_status":"","sticky":false,"template":"","format":"standard","meta":{"footnotes":""},"categories":[42],"tags":[17,18,13,14,11,61,62,63,64,19,20,9,10,15,16,12,21,22,65,66,67],"class_list":{"0":"post-251824","1":"post","2":"type-post","3":"status-publish","4":"format-standard","5":"has-post-thumbnail","7":"category-internacional","8":"tag-breaking-news","9":"tag-breakingnews","10":"tag-featured-news","11":"tag-featurednews","12":"tag-headlines","13":"tag-internacional","14":"tag-international","15":"tag-international-news","16":"tag-internationalnews","17":"tag-latest-news","18":"tag-latestnews","19":"tag-news","20":"tag-noticias","21":"tag-noticias-destacadas","22":"tag-noticiasdestacadas","23":"tag-titulares","24":"tag-ultimas-noticias","25":"tag-ultimasnoticias","26":"tag-world","27":"tag-world-news","28":"tag-worldnews"},"share_on_mastodon":{"url":"https:\/\/pubeurope.com\/@es\/115600420062794569","error":""},"_links":{"self":[{"href":"https:\/\/www.europesays.com\/es\/wp-json\/wp\/v2\/posts\/251824","targetHints":{"allow":["GET"]}}],"collection":[{"href":"https:\/\/www.europesays.com\/es\/wp-json\/wp\/v2\/posts"}],"about":[{"href":"https:\/\/www.europesays.com\/es\/wp-json\/wp\/v2\/types\/post"}],"author":[{"embeddable":true,"href":"https:\/\/www.europesays.com\/es\/wp-json\/wp\/v2\/users\/2"}],"replies":[{"embeddable":true,"href":"https:\/\/www.europesays.com\/es\/wp-json\/wp\/v2\/comments?post=251824"}],"version-history":[{"count":0,"href":"https:\/\/www.europesays.com\/es\/wp-json\/wp\/v2\/posts\/251824\/revisions"}],"wp:featuredmedia":[{"embeddable":true,"href":"https:\/\/www.europesays.com\/es\/wp-json\/wp\/v2\/media\/251825"}],"wp:attachment":[{"href":"https:\/\/www.europesays.com\/es\/wp-json\/wp\/v2\/media?parent=251824"}],"wp:term":[{"taxonomy":"category","embeddable":true,"href":"https:\/\/www.europesays.com\/es\/wp-json\/wp\/v2\/categories?post=251824"},{"taxonomy":"post_tag","embeddable":true,"href":"https:\/\/www.europesays.com\/es\/wp-json\/wp\/v2\/tags?post=251824"}],"curies":[{"name":"wp","href":"https:\/\/api.w.org\/{rel}","templated":true}]}}