{"id":251826,"date":"2025-11-23T18:26:12","date_gmt":"2025-11-23T18:26:12","guid":{"rendered":"https:\/\/www.europesays.com\/es\/251826\/"},"modified":"2025-11-23T18:26:12","modified_gmt":"2025-11-23T18:26:12","slug":"muere-una-mujer-de-39-anos-en-el-incendio-de-un-campo-en-lora-del-rio","status":"publish","type":"post","link":"https:\/\/www.europesays.com\/es\/251826\/","title":{"rendered":"Muere una mujer de 39 a\u00f1os en el incendio de un campo en Lora del R\u00edo"},"content":{"rendered":"<p style=\"\">Una mujer de 39 a\u00f1os de edad ha fallecido en la pasada madrugada en un incendio declarado en una casa de campo emplazada a pocos minutos del centro de la localidad sevillana de<strong> Lora del R\u00edo<\/strong>, seg\u00fan ha informado el Servicio de Emergencias  &#8230; 112 Andaluc\u00eda este domingo por la ma\u00f1ana. <\/p>\n<p class=\"voc-p\" style=\"\">Este peri\u00f3dico ha podido confirmar este extremo y adem\u00e1s conocer que la mujer era una madre vecina de la citada localidad que<strong> esperaba en casa a que su marido regresara<\/strong> de recoger a sus hijos, que se encontraban fuera este s\u00e1bado por la noche. Fue entonces cuando se desat\u00f3 el incendio y los primeros indicios apuntan a <strong>una chimenea como causante<\/strong> del mismo, aunque este dato a\u00fan no ha sido confirmado oficialmente.<\/p>\n<p class=\"voc-p\" style=\"\">El tel\u00e9fono de Emergencias 112 atendi\u00f3 en la noche de este domingo, sobre las 00.30 horas, un aviso que alertaba de <strong>un fuego declarado en una vivienda<\/strong> de la urbanizaci\u00f3n La Pastora de la localidad sevillana ubicada en la Vega del Guadalquivir. En el lugar ya estaba desplazado, seg\u00fan ha podido saber ABC, <strong>miembros de la Guardia Civil<\/strong> para atender otro asunto, de ah\u00ed que fueran ellos los primeros en llegar al campo en cuanto tuvieron conocimiento de que el fuego estaba alcanzando esta zona y r\u00e1pidamente actuaron, viendo que en el domicilio que estaba ardiendo tan s\u00f3lo hab\u00eda una persona en su interior.<\/p>\n<p class=\"voc-p\" style=\"\">Al rato tambi\u00e9n se personaron dos dotaciones tanto de Bomberos como de Polic\u00eda Local y efectivos del Centro de Emergencias Sanitarias 061. No obstante, no pudieron hacer nada por salvar la vida de esta mujer de 39 a\u00f1os de edad, que <strong>fue trasladada en estado cr\u00edtico<\/strong> al centro hospitalario del Virgen Macarena, en la capital andaluza, y fruto de las quemaduras sufridas no se pudo hacer nada por su vida y de camino al mencionado hospital la mujer acab\u00f3 falleciendo.<\/p>\n<p class=\"voc-p\" style=\"\">Antes del tr\u00e1gico final, los bomberos procedieron a la extinci\u00f3n del incendio de esta casa de campo en una zona muy conocida por el municipio lore\u00f1o, aunque por el momento <strong>no han trascendido oficialmente las circunstancias<\/strong> en las que se declar\u00f3. El municipio de Lora del R\u00edo sigue consternado por la p\u00e9rdida de esta vecina.<\/p>\n","protected":false},"excerpt":{"rendered":"Una mujer de 39 a\u00f1os de edad ha fallecido en la pasada madrugada en un incendio declarado en&hellip;\n","protected":false},"author":2,"featured_media":251827,"comment_status":"","ping_status":"","sticky":false,"template":"","format":"standard","meta":{"footnotes":""},"categories":[8],"tags":[988,17,18,5716,25,24,13,14,11,48,19,20,63718,8938,2461,9,10,15,16,3679,23,12,21,22],"class_list":{"0":"post-251826","1":"post","2":"type-post","3":"status-publish","4":"format-standard","5":"has-post-thumbnail","7":"category-espana","8":"tag-anos","9":"tag-breaking-news","10":"tag-breakingnews","11":"tag-campo","12":"tag-es","13":"tag-espana","14":"tag-featured-news","15":"tag-featurednews","16":"tag-headlines","17":"tag-incendio","18":"tag-latest-news","19":"tag-latestnews","20":"tag-lora","21":"tag-muere","22":"tag-mujer","23":"tag-news","24":"tag-noticias","25":"tag-noticias-destacadas","26":"tag-noticiasdestacadas","27":"tag-rio","28":"tag-spain","29":"tag-titulares","30":"tag-ultimas-noticias","31":"tag-ultimasnoticias"},"share_on_mastodon":{"url":"https:\/\/pubeurope.com\/@es\/115600424002398216","error":""},"_links":{"self":[{"href":"https:\/\/www.europesays.com\/es\/wp-json\/wp\/v2\/posts\/251826","targetHints":{"allow":["GET"]}}],"collection":[{"href":"https:\/\/www.europesays.com\/es\/wp-json\/wp\/v2\/posts"}],"about":[{"href":"https:\/\/www.europesays.com\/es\/wp-json\/wp\/v2\/types\/post"}],"author":[{"embeddable":true,"href":"https:\/\/www.europesays.com\/es\/wp-json\/wp\/v2\/users\/2"}],"replies":[{"embeddable":true,"href":"https:\/\/www.europesays.com\/es\/wp-json\/wp\/v2\/comments?post=251826"}],"version-history":[{"count":0,"href":"https:\/\/www.europesays.com\/es\/wp-json\/wp\/v2\/posts\/251826\/revisions"}],"wp:featuredmedia":[{"embeddable":true,"href":"https:\/\/www.europesays.com\/es\/wp-json\/wp\/v2\/media\/251827"}],"wp:attachment":[{"href":"https:\/\/www.europesays.com\/es\/wp-json\/wp\/v2\/media?parent=251826"}],"wp:term":[{"taxonomy":"category","embeddable":true,"href":"https:\/\/www.europesays.com\/es\/wp-json\/wp\/v2\/categories?post=251826"},{"taxonomy":"post_tag","embeddable":true,"href":"https:\/\/www.europesays.com\/es\/wp-json\/wp\/v2\/tags?post=251826"}],"curies":[{"name":"wp","href":"https:\/\/api.w.org\/{rel}","templated":true}]}}