{"id":251830,"date":"2025-11-23T18:32:09","date_gmt":"2025-11-23T18:32:09","guid":{"rendered":"https:\/\/www.europesays.com\/es\/251830\/"},"modified":"2025-11-23T18:32:09","modified_gmt":"2025-11-23T18:32:09","slug":"el-gobierno-de-sanchez-desprecia-al-tenis-espanol-al-no-llevar-a-ningun-ministro-a-la-final-de-la-copa-davis","status":"publish","type":"post","link":"https:\/\/www.europesays.com\/es\/251830\/","title":{"rendered":"El Gobierno de S\u00e1nchez desprecia al tenis espa\u00f1ol al no llevar a ning\u00fan ministro a la final de la Copa Davis"},"content":{"rendered":"<p>El <a href=\"https:\/\/okdiario.com\/espana\/gobierno-intenta-blanquearse-plena-trama-psoe-ley-proteger-que-denuncie-corruptelas-15599180\" rel=\"nofollow noopener\" target=\"_blank\"><strong>Gobierno de Pedro S\u00e1nchez<\/strong><\/a> sigue con su desprecio al deporte espa\u00f1ol y, en este caso, no ha tenido ninguna representaci\u00f3n en la <strong>gran final de la Copa Davis<\/strong> que disputa Espa\u00f1a ante <strong>Italia<\/strong> en <strong>Bolonia<\/strong> este domingo. Pese a la importancia del evento deportivo, ning\u00fan representante del Ejecutivo ha asistido a la final de la Copa Davis y la m\u00e1xima autoridad es<a href=\"https:\/\/okdiario.com\/deportes\/hasta-uribes-atiza-tebas-miami-hay-que-hacerlo-respetando-normas-15780103\" rel=\"nofollow noopener\" target=\"_blank\"><strong> Jos\u00e9 Manuel Rodr\u00edguez Uribes,<\/strong><\/a> presidente del <strong>Consejo Superior de Deportes<\/strong> (CSD).<\/p>\n<p>Ni <strong>Pedro S\u00e1nchez<\/strong>, que est\u00e1 de visita oficial en Sud\u00e1frica para la cumbre del G-20, ni <strong>ninguno de los ministros del Gobierno de Espa\u00f1a<\/strong> han ido a Bolonia para apoyar al equipo espa\u00f1ol en la final de la Copa Davis de tenis. Esta vez no va nadie ni para hacerse la foto, algo que gusta mucho a los ministros de este Gobierno.<\/p>\n<p>As\u00ed, el tenis espa\u00f1ol ha estado totalmente <strong>hu\u00e9rfano<\/strong> de representaci\u00f3n institucional de su pa\u00eds en una cita tan importante como es una final de la Copa Davis. <strong>Desde 2019, Espa\u00f1a no jugaba una final<\/strong> de esta competici\u00f3n tan importante, pero para el Gobierno no ha sido eso suficiente para llevar a ning\u00fan ministro. Tampoco <strong>Pilar Alegr\u00eda<\/strong>, la ministra del ramo (Educaci\u00f3n, Formaci\u00f3n Profesional y Deportes), que s\u00f3lo rompe su descanso de fin de semana para irse a hacerse la foto a Cervera (L\u00e9rida) en la fiesta de los hermanos M\u00e1rquez por su temporada en MotoGP.<\/p>\n<p>Alegr\u00eda, que <a href=\"https:\/\/okdiario.com\/espana\/ministra-alegria-encubridora-abalos-defensora-cerdan-insulta-okdiario-redes-sociales-15811931\" rel=\"nofollow noopener\" target=\"_blank\">atac\u00f3 a OKDIARIO<\/a> por recordar que s\u00ed se suma a las celebraciones de los deportistas espa\u00f1oles, pero que no apoya a esos mismos deportistas in situ durante el a\u00f1o, <strong>no ten\u00eda ning\u00fan acto en su agenda este domingo<\/strong>, pero ni aun as\u00ed ha querido ir a Bolonia a apoyar a Espa\u00f1a en la final de la Copa Davis. Ni Alegr\u00eda ni ning\u00fan ministro tienen agenda oficial este domingo, pero no les parec\u00eda adecuado apoyar a la selecci\u00f3n espa\u00f1ola de tenis.<\/p>\n<p>El \u00fanico representante institucional que s\u00ed ha ido a Bolonia fue Jos\u00e9 Manuel Rodr\u00edguez Uribes, presidente del Consejo Superior de Deportes y tambi\u00e9n secretario de Estado para el Deporte, pero cabe recordar que <strong>Uribes no forma parte del Consejo de Ministros<\/strong>. Su \u2018jefa\u2019, un cargo superior, es Pilar Alegr\u00eda, austente en esta final.<\/p>\n<p>La final de la Copa Davis en Bolonia<\/p>\n<p>Espa\u00f1a disputa este domingo la final de la Copa Davis en Bolonia ante Italia, que juega en casa. El equipo capitaneado por David Ferrer est\u00e1 formado por <strong>Pablo Carre\u00f1o, Jaume Munar, Pedro Mart\u00ednez y Marcel Granollers<\/strong>. Carlos Alcaraz no forma parte del equipo porque se lesion\u00f3 tras jugar la Copa de Maestros en Tur\u00edn.<\/p>\n<p>Espa\u00f1a elimin\u00f3 a la <strong>Rep\u00fablica Checa<\/strong> en cuartos y a <strong>Alemania<\/strong> en semifinales para plantarse en esta gran final, uno de los principales eventos deportivos del a\u00f1o para Espa\u00f1a y adem\u00e1s una gran cita para el tenis. Hac\u00eda seis a\u00f1os que Espa\u00f1a no jugaba una final de Copa Davis, pero esto no es suficiente para el Gobierno de Pedro S\u00e1nchez, que abandona a un deporte tan importante como es el tenis en Espa\u00f1a.<\/p>\n","protected":false},"excerpt":{"rendered":"El Gobierno de Pedro S\u00e1nchez sigue con su desprecio al deporte espa\u00f1ol y, en este caso, no ha&hellip;\n","protected":false},"author":2,"featured_media":251831,"comment_status":"","ping_status":"","sticky":false,"template":"","format":"standard","meta":{"footnotes":""},"categories":[274],"tags":[168,25,24,23,167,327,326],"class_list":{"0":"post-251830","1":"post","2":"type-post","3":"status-publish","4":"format-standard","5":"has-post-thumbnail","7":"category-tenis","8":"tag-deportes","9":"tag-es","10":"tag-espana","11":"tag-spain","12":"tag-sports","13":"tag-tenis","14":"tag-tennis"},"share_on_mastodon":{"url":"https:\/\/pubeurope.com\/@es\/115600447578644582","error":""},"_links":{"self":[{"href":"https:\/\/www.europesays.com\/es\/wp-json\/wp\/v2\/posts\/251830","targetHints":{"allow":["GET"]}}],"collection":[{"href":"https:\/\/www.europesays.com\/es\/wp-json\/wp\/v2\/posts"}],"about":[{"href":"https:\/\/www.europesays.com\/es\/wp-json\/wp\/v2\/types\/post"}],"author":[{"embeddable":true,"href":"https:\/\/www.europesays.com\/es\/wp-json\/wp\/v2\/users\/2"}],"replies":[{"embeddable":true,"href":"https:\/\/www.europesays.com\/es\/wp-json\/wp\/v2\/comments?post=251830"}],"version-history":[{"count":0,"href":"https:\/\/www.europesays.com\/es\/wp-json\/wp\/v2\/posts\/251830\/revisions"}],"wp:featuredmedia":[{"embeddable":true,"href":"https:\/\/www.europesays.com\/es\/wp-json\/wp\/v2\/media\/251831"}],"wp:attachment":[{"href":"https:\/\/www.europesays.com\/es\/wp-json\/wp\/v2\/media?parent=251830"}],"wp:term":[{"taxonomy":"category","embeddable":true,"href":"https:\/\/www.europesays.com\/es\/wp-json\/wp\/v2\/categories?post=251830"},{"taxonomy":"post_tag","embeddable":true,"href":"https:\/\/www.europesays.com\/es\/wp-json\/wp\/v2\/tags?post=251830"}],"curies":[{"name":"wp","href":"https:\/\/api.w.org\/{rel}","templated":true}]}}