{"id":251834,"date":"2025-11-23T18:35:15","date_gmt":"2025-11-23T18:35:15","guid":{"rendered":"https:\/\/www.europesays.com\/es\/251834\/"},"modified":"2025-11-23T18:35:15","modified_gmt":"2025-11-23T18:35:15","slug":"valencia-basket-lider-solido-de-la-acb","status":"publish","type":"post","link":"https:\/\/www.europesays.com\/es\/251834\/","title":{"rendered":"Valencia Basket, l\u00edder s\u00f3lido de la ACB"},"content":{"rendered":"<p class=\"\">Rodillo, apisonadora, vendabal, imparable&#8230;se acaban los adjetivos para describir los partidos de Valencia Basket, sobre todo, en el Roig Arena. El B\u00e0squet Girona lo intent\u00f3, pero <b>no fue capaz de plantarle cara al conjunto taronja<\/b> que fue domin\u00f3 el encuentro de principio a fin. Fue mejor en todos los par\u00e1metros estad\u00edsticos y sigue liderando la clasificaci\u00f3n de la ACB.<\/p>\n<p class=\"\"><b>El tercer cuarto fue clave <\/b>para la victoria porque fue cuando se distanciaron en el marcador y luego solo tuvieron que mantener la ventaja. <b>Geben fue el mejor del partido<\/b> con (20 puntos y 10 rebotes), pero no fue suficiente. <b>Valencia Basket estuvo cerca de ponerse a 100.<\/b><\/p>\n<p>RESUMEN<\/p>\n<p><strong>98.- Valencia Basket (26+21+28+23):<\/strong> Thompson (7), Badio (19), Puerto (6) Costello (3), Reuvers (4), -cinco titular- Pradilla (13), De Larrea (9), L\u00f3pez-Arostegui (8), Key (10), Montero (13), Nogu\u00e9s (2), Sima (4).<\/p>\n<p><strong>72.- B\u00e0squet Girona (16+15+21+20):<\/strong> Needham (9), Livingston (5), Susinskas (5), Geben (20), Fern\u00e1ndez (6) -cinco titular- Busquets (10), Hollanders (-), Hughes (7), Ferrando (-), Vildoza (-), Mart\u00ednez (-), Maric (10).<\/p>\n<p><strong>\u00c1rbitros:<\/strong> \u00d3scar Perea, Javier Torres S\u00e1nchez e Igor Esteve. Sin eliminadas.<\/p>\n<p><strong>Incidencias:<\/strong> partido correspondiente a la octava jornada de la acb disputado en el pabell\u00f3n Roig Arena de Val\u00e8ncia ante 11.349 espectadores.<\/p>\n<p class=\"\">Da igual Euroliga o ACB. Valencia Basket afronta todos los partidos con la misma intensidad y eso da sus frutos. Sali\u00f3 a la pista de un Roig Arena entregado y <b>fue un rodillo ante Girona. <\/b>Desde la l\u00ednea de tres acribillaron al conjunto catal\u00e1n que lo intentaba, pero <b>no sab\u00eda como frenar a los de Pedro Mart\u00ednez<\/b> que eran superiores tambi\u00e9n en la pintura.<\/p>\n<p class=\"\">Volvi\u00f3 al roster, despu\u00e9s de cuatro partidos, S<b>ergio De Larrea que volvi\u00f3 a dirigir a su equipo con maestr\u00eda. <\/b>Los triples de Badio, Thompson y L\u00f3pez Arostegui alejaban a los taronja en el marcador. <b>Moncho Fern\u00e1ndez no estaba a gusto<\/b> con lo que ve\u00eda en la pista y tuvo que pararlo porque solo Livingston y Hughes parec\u00eda poder plantar cara. (Min,10, 26-16).<\/p>\n<p><img decoding=\"async\" src=\"https:\/\/www.europesays.com\/es\/wp-content\/uploads\/2025\/11\/QNO2TXW5AZIOJAJXGESHY6KR4Q.jpg\" alt=\"Valencia Basket, l\u00edder s\u00f3lido de la ACB\" height=\"3370\" width=\"4471\"   loading=\"lazy\"\/>23\/11\/25 BALONCESTO ACB ENDESA<br \/>\nVALENCIA BASKET &#8211; BASKET GIRONA<br \/>\nYANKUBA SIMA  SERGI MARTINEZDavid Gonz\u00e1lez<\/p>\n<p class=\"\">En el segundo acto apret\u00f3 desde el inicio el Girona liderados por Livingston y se acerc\u00f3 en el marcador bajando la diferencia a nueve puntos. Fue el momento entonces de Montero que que empez\u00f3 a sacar la magia para distanciar a los suyos en el marcador. <b>Los puntos de Badio y el acierto de Thompson tambi\u00e9n ayudaron.<\/b><\/p>\n<p class=\"\">Costello y Reuvers se hicieron fuertes en la pintura donde <b>Valencia segu\u00eda siendo superior (15-11) en rebotes totales.<\/b> Se gust\u00f3 Valencia en los primero 20 minutos que se fue a los vestuarios con una gran ventaja <b>(47-31).<\/b><\/p>\n<p class=\"\">El color naranja domin\u00f3 el tercer cuarto porque Valencia volvi\u00f3 a la pista con la mentalidad de cerrar el partido y no dar opci\u00f3n a Girona que estuvo desacertado en los primeros minutos del acto.<b> Pradilla puso la m\u00e1xima en el electr\u00f3nico (Min. 25 60-35). <\/b>El Roig Arena disfrutaba porque sab\u00eda que la victoria no se pod\u00eda escapar.<\/p>\n<p class=\"\">Moncho Fern\u00e1ndez par\u00f3 el partido varias veces porque intentaba arreglar lo que estaba en la pista, pero sin suerte. <b>Geben tiraba de los suyos anotando<\/b>, pero parec\u00eda misi\u00f3n imposible poder darle la vuelta al marcador porque <b>los taronja estaban imparables.<\/b><\/p>\n<p>Noticias relacionadas<\/p>\n<p class=\"\">En el \u00faltimo cuarto recort\u00f3 algo la distancia en el electr\u00f3nico el Girona que contaba con Geben como principal peligro (20 puntos y 10 rebotes), pero que sab\u00eda que era muy complicado darle la vuelta al partido que ten\u00eda un color, el naranja. Al final, <b>el Roig Arena esperaba llegar a los 100 puntos<\/b> y jale\u00f3 a Montero para que lanzara de tres. <\/p>\n<p class=\"\"><b>\u00a1Tus opiniones importan!<\/b> Comenta en los art\u00edculos y suscr\u00edbete gratis a nuestra <a href=\"https:\/\/asfan.as.com\/newsletters\/\" target=\"_blank\" rel=\"nofollow noopener\" title=\"https:\/\/asfan.as.com\/newsletters\/\">newsletter<\/a> y a las alertas informativas en la <a href=\"https:\/\/as.com\/aplicacion-de-as-n\/\" target=\"_blank\" rel=\"nofollow noopener\" title=\"https:\/\/as.com\/aplicacion-de-as-n\/\">App<\/a> o el canal de <a href=\"https:\/\/www.whatsapp.com\/channel\/0029VaAasdA7j6g745nz9M10\" target=\"_blank\" rel=\"nofollow noopener\" title=\"https:\/\/www.whatsapp.com\/channel\/0029VaAasdA7j6g745nz9M10\">WhatsApp<\/a>. \u00bfBuscas licenciar contenido? Haz clic <a href=\"https:\/\/profesional.elpais.com\/soluciones-sindicacion?utm_medium=interno&amp;utm_source=crosslinking&amp;utm_campaign=sindicacion_as_pie_articulos\" target=\"_blank\" rel=\"nofollow noopener\" title=\"https:\/\/profesional.elpais.com\/soluciones-sindicacion?utm_medium=interno&amp;utm_source=crosslinking&amp;utm_campaign=sindicacion_as_pie_articulos\">aqu\u00ed<\/a><\/p>\n","protected":false},"excerpt":{"rendered":"Rodillo, apisonadora, vendabal, imparable&#8230;se acaban los adjetivos para describir los partidos de Valencia Basket, sobre todo, en el&hellip;\n","protected":false},"author":2,"featured_media":251835,"comment_status":"","ping_status":"","sticky":false,"template":"","format":"standard","meta":{"footnotes":""},"categories":[269],"tags":[299,298,168,25,24,23,167],"class_list":{"0":"post-251834","1":"post","2":"type-post","3":"status-publish","4":"format-standard","5":"has-post-thumbnail","7":"category-baloncesto","8":"tag-baloncesto","9":"tag-basketball","10":"tag-deportes","11":"tag-es","12":"tag-espana","13":"tag-spain","14":"tag-sports"},"share_on_mastodon":{"url":"https:\/\/pubeurope.com\/@es\/115600459749435006","error":""},"_links":{"self":[{"href":"https:\/\/www.europesays.com\/es\/wp-json\/wp\/v2\/posts\/251834","targetHints":{"allow":["GET"]}}],"collection":[{"href":"https:\/\/www.europesays.com\/es\/wp-json\/wp\/v2\/posts"}],"about":[{"href":"https:\/\/www.europesays.com\/es\/wp-json\/wp\/v2\/types\/post"}],"author":[{"embeddable":true,"href":"https:\/\/www.europesays.com\/es\/wp-json\/wp\/v2\/users\/2"}],"replies":[{"embeddable":true,"href":"https:\/\/www.europesays.com\/es\/wp-json\/wp\/v2\/comments?post=251834"}],"version-history":[{"count":0,"href":"https:\/\/www.europesays.com\/es\/wp-json\/wp\/v2\/posts\/251834\/revisions"}],"wp:featuredmedia":[{"embeddable":true,"href":"https:\/\/www.europesays.com\/es\/wp-json\/wp\/v2\/media\/251835"}],"wp:attachment":[{"href":"https:\/\/www.europesays.com\/es\/wp-json\/wp\/v2\/media?parent=251834"}],"wp:term":[{"taxonomy":"category","embeddable":true,"href":"https:\/\/www.europesays.com\/es\/wp-json\/wp\/v2\/categories?post=251834"},{"taxonomy":"post_tag","embeddable":true,"href":"https:\/\/www.europesays.com\/es\/wp-json\/wp\/v2\/tags?post=251834"}],"curies":[{"name":"wp","href":"https:\/\/api.w.org\/{rel}","templated":true}]}}