{"id":251836,"date":"2025-11-23T18:36:22","date_gmt":"2025-11-23T18:36:22","guid":{"rendered":"https:\/\/www.europesays.com\/es\/251836\/"},"modified":"2025-11-23T18:36:22","modified_gmt":"2025-11-23T18:36:22","slug":"uno-por-uno-del-real-oviedo-ante-el-rayo-vallecano-en-laliga","status":"publish","type":"post","link":"https:\/\/www.europesays.com\/es\/251836\/","title":{"rendered":"Uno por uno del Real Oviedo ante el Rayo Vallecano en LALIGA"},"content":{"rendered":"\n<p>M\u00e1s noticias<\/p>\n<p><a class=\"info_masnoticias\" href=\"https:\/\/www.eldesmarque.com\/futbol\/real-oviedo\/\" rel=\"nofollow noopener\" target=\"_blank\"><br \/>\nM\u00e1s de<br \/>\nM\u00e1s noticias de<br \/>\nReal Oviedo<br \/>\n<\/a><\/p>\n<p data-start=\"54\" data-end=\"651\">El <strong>Real Oviedo no logr\u00f3 romper la resistencia del Rayo Vallecano<\/strong> y termin\u00f3 el encuentro en inferioridad num\u00e9rica tras la <a href=\"https:\/\/www.eldesmarque.com\/futbol\/real-oviedo\/20251123\/lamento-ilyas-chaira-ver-roja-oviedo-rayo-vallecano_300816057.html\" rel=\"nofollow noopener\" target=\"_blank\">expulsi\u00f3n de Ilyas Chaira<\/a>. A pesar de generar las ocasiones m\u00e1s claras, con <strong>disparos al larguero de Cazorla y remates de Vi\u00f1as y Rond\u00f3n<\/strong>, el equipo asturiano no pudo concretar y sufri\u00f3 hasta el final frente a un Rayo que supo cerrar espacios y aprovechar la superioridad en la segunda mitad. La actuaci\u00f3n de Aar\u00f3n Escandell fue clave para <a href=\"https:\/\/www.eldesmarque.com\/futbol\/liga-1a-division\/20251123\/cronica-resumen-mejores-jugadas-partido-real-oviedo-rayo-vallecano-jornada-13-laliga-ea-sports_300816020.html\" rel=\"nofollow noopener\" target=\"_blank\">mantener el empate<\/a>, pero la presi\u00f3n rival y los errores individuales marcaron un partido complicado para el Oviedo.<\/p>\n<p>Las notas d<strong>e los titulares del Real Oviedo<\/strong><\/p>\n<p data-start=\"223\" data-end=\"445\"><strong data-start=\"223\" data-end=\"249\">Aar\u00f3n Escandell (7,5):<\/strong> Realiz\u00f3 varias paradas clave, incluyendo un mano a mano con \u00c1lvaro Garc\u00eda que mantuvo al Oviedo en el partido. Fue seguro en las salidas y transmiti\u00f3 confianza pese a la presi\u00f3n final del Rayo.<\/p>\n<p data-start=\"447\" data-end=\"633\"><strong data-start=\"447\" data-end=\"469\">Nacho Vidal (5,5):<\/strong> Actu\u00f3 con intensidad, pero sufri\u00f3 un golpe y recibi\u00f3 amarilla por una entrada a destiempo. Su salida del campo por lesi\u00f3n redujo el control defensivo del Oviedo.<\/p>\n<p data-start=\"635\" data-end=\"825\"><strong data-start=\"635\" data-end=\"650\">Costas (6):<\/strong> Correcto en la cobertura y anticipaci\u00f3n, aunque tuvo dificultades frente a los ataques del Rayo. Cumpli\u00f3 en los duelos a\u00e9reos y ayud\u00f3 a sostener la defensa en inferioridad.<\/p>\n<p data-start=\"827\" data-end=\"990\"><strong data-start=\"827\" data-end=\"841\">Carmo (6):<\/strong> Activo en la contenci\u00f3n por su banda, ayud\u00f3 a cerrar espacios y gan\u00f3 varios balones divididos. Sin embargo, sufri\u00f3 en algunos desbordes del rival.<\/p>\n<p data-start=\"992\" data-end=\"1171\"><strong data-start=\"992\" data-end=\"1013\">Javi L\u00f3pez (5,5):<\/strong> Sali\u00f3 lesionado en la segunda mitad, dejando un hueco en el lateral izquierdo. Antes de eso, mostr\u00f3 buena intensidad pero sin incidencia directa en ataque.<\/p>\n<p data-start=\"1173\" data-end=\"1338\"><strong data-start=\"1173\" data-end=\"1192\">Colombatto (6):<\/strong> Buen equilibrio en el mediocampo, ayudando a frenar transiciones y distribuir juego. No destac\u00f3 ofensivamente pero cumpli\u00f3 en el rol defensivo.<\/p>\n<p data-start=\"1340\" data-end=\"1483\"><strong data-start=\"1340\" data-end=\"1359\">Dendoncker (6):<\/strong> S\u00f3lido en el corte y apoyo en la salida de bal\u00f3n. Mostr\u00f3 presencia f\u00edsica y ayud\u00f3 a contener al Rayo en la primera parte.<\/p>\n<p data-start=\"1485\" data-end=\"1682\"><strong data-start=\"1485\" data-end=\"1506\">Fede Vi\u00f1as (6,5):<\/strong> Muy participativo y peligroso en ataque, estuvo cerca de marcar con un remate de cabeza y un disparo desde fuera del \u00e1rea. Su energ\u00eda y control del bal\u00f3n fueron destacables.<\/p>\n<p data-start=\"1684\" data-end=\"1865\"><strong data-start=\"1684\" data-end=\"1708\">Santi Cazorla (6,5):<\/strong> Gener\u00f3 las mejores ocasiones del Oviedo con un disparo al larguero y buenas combinaciones. Sigue demostrando calidad en balones parados y visi\u00f3n de juego.<\/p>\n<p data-start=\"1867\" data-end=\"2040\"><strong data-start=\"1867\" data-end=\"1890\">Ilyas Chaira (5,5):<\/strong> Mostr\u00f3 desequilibrio ofensivo, pero su expulsi\u00f3n condicion\u00f3 al equipo. Antes de la roja, tuvo un buen disparo que oblig\u00f3 a una estirada de Batalla.<\/p>\n<p data-start=\"2042\" data-end=\"2196\"><strong data-start=\"2042\" data-end=\"2067\">Salom\u00f3n Rond\u00f3n (5,5):<\/strong> Activo en remates y presi\u00f3n, pero su gol fue anulado por fuera de juego. No consigui\u00f3 generar peligro claro en el tramo final.<\/p>\n<p><img decoding=\"async\" src=\"https:\/\/www.europesays.com\/es\/wp-content\/uploads\/2025\/11\/fotojet_15jpg.jpg\" width=\"660\" height=\"370.79\" alt=\"La expulsi\u00f3n a Ilyas Chaira. (EFE)\"\/><br \/>\nLa expulsi\u00f3n a Ilyas Chaira. (EFE)<\/p>\n<p>Los suplentes de Luis Carri\u00f3n<\/p>\n<p data-start=\"2237\" data-end=\"2378\"><strong data-start=\"2237\" data-end=\"2251\">Rahim (6):<\/strong> Entr\u00f3 para reforzar el lateral izquierdo y cumpli\u00f3 con seguridad defensiva, ayudando a sostener al equipo en la recta final.<\/p>\n<p data-start=\"2380\" data-end=\"2521\"><strong data-start=\"2380\" data-end=\"2397\">Hassan (5,5):<\/strong> Sustituy\u00f3 a Cazorla pero no logr\u00f3 aportar profundidad ofensiva ni desequilibrio. Cumpli\u00f3 su papel defensivo sin destacar.<\/p>\n<p data-start=\"2523\" data-end=\"2697\"><strong data-start=\"2523\" data-end=\"2546\">Pablo Agud\u00edn (4):<\/strong> Entr\u00f3 en la segunda mitad y cometi\u00f3 un penalti que complic\u00f3 el partido. Aport\u00f3 presencia f\u00edsica pero su intervenci\u00f3n fue decisiva de forma negativa.<\/p>\n<p data-start=\"2523\" data-end=\"2697\"><strong>Reina (-)<\/strong><\/p>\n<p data-start=\"2523\" data-end=\"2697\"><strong>For\u00e9s (-)<\/strong><\/p>\n","protected":false},"excerpt":{"rendered":"M\u00e1s noticias M\u00e1s de M\u00e1s noticias de Real Oviedo El Real Oviedo no logr\u00f3 romper la resistencia del&hellip;\n","protected":false},"author":2,"featured_media":251837,"comment_status":"","ping_status":"","sticky":false,"template":"","format":"standard","meta":{"footnotes":""},"categories":[268],"tags":[168,25,24,280,282,281,23,167],"class_list":{"0":"post-251836","1":"post","2":"type-post","3":"status-publish","4":"format-standard","5":"has-post-thumbnail","7":"category-futbol","8":"tag-deportes","9":"tag-es","10":"tag-espana","11":"tag-football","12":"tag-futbol","13":"tag-soccer","14":"tag-spain","15":"tag-sports"},"share_on_mastodon":{"url":"https:\/\/pubeurope.com\/@es\/115600463570926512","error":""},"_links":{"self":[{"href":"https:\/\/www.europesays.com\/es\/wp-json\/wp\/v2\/posts\/251836","targetHints":{"allow":["GET"]}}],"collection":[{"href":"https:\/\/www.europesays.com\/es\/wp-json\/wp\/v2\/posts"}],"about":[{"href":"https:\/\/www.europesays.com\/es\/wp-json\/wp\/v2\/types\/post"}],"author":[{"embeddable":true,"href":"https:\/\/www.europesays.com\/es\/wp-json\/wp\/v2\/users\/2"}],"replies":[{"embeddable":true,"href":"https:\/\/www.europesays.com\/es\/wp-json\/wp\/v2\/comments?post=251836"}],"version-history":[{"count":0,"href":"https:\/\/www.europesays.com\/es\/wp-json\/wp\/v2\/posts\/251836\/revisions"}],"wp:featuredmedia":[{"embeddable":true,"href":"https:\/\/www.europesays.com\/es\/wp-json\/wp\/v2\/media\/251837"}],"wp:attachment":[{"href":"https:\/\/www.europesays.com\/es\/wp-json\/wp\/v2\/media?parent=251836"}],"wp:term":[{"taxonomy":"category","embeddable":true,"href":"https:\/\/www.europesays.com\/es\/wp-json\/wp\/v2\/categories?post=251836"},{"taxonomy":"post_tag","embeddable":true,"href":"https:\/\/www.europesays.com\/es\/wp-json\/wp\/v2\/tags?post=251836"}],"curies":[{"name":"wp","href":"https:\/\/api.w.org\/{rel}","templated":true}]}}