{"id":251838,"date":"2025-11-23T18:37:15","date_gmt":"2025-11-23T18:37:15","guid":{"rendered":"https:\/\/www.europesays.com\/es\/251838\/"},"modified":"2025-11-23T18:37:15","modified_gmt":"2025-11-23T18:37:15","slug":"buenafuente-y-poder-parar-a-tiempo","status":"publish","type":"post","link":"https:\/\/www.europesays.com\/es\/251838\/","title":{"rendered":"Buenafuente y poder parar a tiempo"},"content":{"rendered":"<p class=\"c-paragraph\">No sab\u00edamos que era el \u00faltimo programa de Futuro Imperfecto. Por un tiempo. Tampoco parece que el propio <b>Andreu Buenafuente<\/b> sab\u00eda que iba a necesitar parar, pues concluy\u00f3 el show con \u00abhasta la pr\u00f3xima semana\u00bb. Terminaba una noche que fue una lecci\u00f3n de televisi\u00f3n. A Espa\u00f1a, nos ha llegado cuarenta a\u00f1os tarde el s\u00edndrome del late show norteamericano y, ahora, parece que todos los programas de comedia deben repetir la f\u00f3rmula yankee\u00a0de <a href=\"https:\/\/www.20minutos.es\/television\/mejor-gag-historia-late-show_5510070_3.html\" target=\"_blank\" rel=\"nofollow noopener\">Johny Carson<\/a>: presentador protegido por un escritorio y, a su derecha, el invitado sentado en un sofacito para que toda su comunicaci\u00f3n no verbal quede a la vista. Piernas incluidas.\u00a0<\/p>\n<p class=\"c-paragraph\">La mesa la vemos con <b>David Broncano<\/b>, la mesa la vemos con <b>Marc Gir\u00f3<\/b>, la mesa la vemos con <b>Henar \u00c1lvarez<\/b>. As\u00ed es la homogeneizaci\u00f3n de hasta la creatividad. Con la de universos propios que se pueden crear a la hora de idear un espacio de entrevistas. De hecho, mientras todos repiten una vieja escenograf\u00eda que lleva d\u00e9cadas infalible,<b> Buenafuente se ha liberado de la mesa con la que ha convivido d\u00e9cadas en sus m\u00edticos programas<\/b>. Y ha recordado la esencia de la variet\u00e9 televisiva: la imaginaci\u00f3n del todo puede pasar bajo los focos.<\/p>\n<p class=\"c-paragraph\">En <a href=\"https:\/\/www.20minutos.es\/television\/buenafuente-se-marcha-deja-colgado-carles-tamayo-techo-su-programa_6514104_3.html\" target=\"_blank\" rel=\"nofollow noopener\">Futuro Imperfecto<\/a>, se ha optado por un escenario desnudo. Arriesgado para gur\u00fas: Andreu Buenafuente y su micro a solas podr\u00eda dar miedo a muchos. Una noche entera de monologuista pod\u00eda pecar de cosa plana para el prime time con horario de late night. Sin embargo, <b>el guion de Andreu conversa bastante m\u00e1s que tantas tertulias que plagan la tele<\/b>. Es m\u00e1s, cada episodio logra convertir el teatro en una diversidad de mundos. Incluso transformando a Andreu en un chef volador, cocinando en una\u00a0 ingravidez atada a un arn\u00e9s colgado del techo. Una estampa hilarante desde la sencillez.\u00a0<\/p>\n<p class=\"c-paragraph\">As\u00ed Futuro Imperfecto recuerda que la tele es jugar. Y deshacerse de la mesa ha invitado a explorar la comedia de gran formato. Sin ataduras. <b>El escenario es el que se va adaptando a los protagonistas que van aparenciendo en \u00e9l y no al rev\u00e9s.<\/b> <a href=\"https:\/\/www.20minutos.es\/television\/buenafuente-se-marcha-deja-colgado-carles-tamayo-techo-su-programa_6514104_3.html\" target=\"_blank\" rel=\"nofollow noopener\">Lo mismo puede levitar Carles Tamayo<\/a> que aparecer <a href=\"https:\/\/www.20minutos.es\/lainformacion\/opinion\/los-10-mandamientos-comedia-mas-brillante-que-ejemplifica-silvia-abril-5584147\/\" target=\"_blank\" rel=\"nofollow noopener\">Silvia Abril<\/a> como carill\u00f3n de la Puerta del Sol.<\/p>\n<p class=\"c-paragraph\">Porque dar\u00e1n los dos juntos, Andreu y Silvia,<a href=\"https:\/\/www.20minutos.es\/lainformacion\/opinion\/evolucion-las-campanadas-fin-ano-television-videos-5581825\/\" target=\"_blank\" rel=\"nofollow noopener\"> las doce uvas en TVE<\/a>. Aunque hasta a la hora de anunciarlo Buenafuente evidenciaba el nervio por el peso de la responsabilidad que supone felicitar el a\u00f1o en la cadena p\u00fablica. Normal, pues las expectativas est\u00e1n altas tras<a href=\"https:\/\/www.20minutos.es\/lainformacion\/opinion\/los-goya-buenafuente-por-que-nadie-ha-logrado-superar-aun-exito-su-ceremonia-5580671\/\" target=\"_blank\" rel=\"nofollow noopener\"> sus retransmisiones de los Goya, que conjugaban tele bien trabajada: desde el pensamiento hasta el ensayo<\/a>. Un final de a\u00f1o, por tanto, requiere serenidad creativa previa.<\/p>\n<p class=\"c-paragraph\">Lo que no esper\u00e1bamos es que solo unas horas despu\u00e9s de un programa tan redondo como el del jueves, que lider\u00f3 en su franja con comedia inteligente en \u00e9pocas de ruido estridente, la productora El Terrat anunciara que Andreu Buenafuente suspend\u00eda toda su agenda<b> por \u201cmotivos de exceso de carga laboral y por prescripci\u00f3n m\u00e9dica\u201d.<\/b><\/p>\n<p class=\"c-paragraph\"><b>\u201cTengo que parar un poco para recuperarme y volver con la energ\u00eda que se merece todo lo que hago. Gracias por la comprensi\u00f3n, el apoyo y el cari\u00f1o\u201d<\/b>, ha explicado \u00e9l mismo en un comunicado. Como consecuencia, la emisi\u00f3n de Futuro Imperfecto se interrumpe de momento, junto a otros proyectos. Pero las campanadas siguen en pie.\u00a0<\/p>\n<p class=\"c-paragraph\">Buenafuente no solo se ha liberado de la mesa en la tele, tambi\u00e9n se suelta las ataduras del vivir para trabajar. En la vida, a veces, la responsabilidad est\u00e1 en parar. Una rareza en \u00e9pocas en las que muchos se dan golpes en el pecho demostrando que disfrutan de los menos d\u00edas de descanso posibles. En la misma tele, <b>antes los presentadores se iban dos meses de veraneo para que el p\u00fablico los echara de menos, ahora agarran bien la silla. <\/b>No vaya a ser.\u00a0<\/p>\n<p class=\"c-paragraph\">Andreu est\u00e1 en otro lugar. Y lo comparte con la naturalidad que merece ser consciente de cuando no queda otra que frenar y coger aire para poder seguir mejor. No todos pueden hacerlo. No a todos la contradictoria realidad se lo permite. Pero, hasta en una baja m\u00e9dica, la comedia puede ser un reflejo de esperanza. Incluso de saber que no est\u00e1s fallando por una pausa en\u00a0<b>una sociedad en la que hemos normalizado confundir felicidad con productividad. Tambi\u00e9n en vacaciones. <\/b>Andreu, no te preocupes. Te esperamos.<\/p>\n","protected":false},"excerpt":{"rendered":"No sab\u00edamos que era el \u00faltimo programa de Futuro Imperfecto. Por un tiempo. Tampoco parece que el propio&hellip;\n","protected":false},"author":2,"featured_media":251839,"comment_status":"","ping_status":"","sticky":false,"template":"","format":"standard","meta":{"footnotes":""},"categories":[174],"tags":[1270,255,146,147,25,24,256,10780,4233,23,159],"class_list":{"0":"post-251838","1":"post","2":"type-post","3":"status-publish","4":"format-standard","5":"has-post-thumbnail","7":"category-famosos","8":"tag-buenafuente","9":"tag-celebrities","10":"tag-entertainment","11":"tag-entretenimiento","12":"tag-es","13":"tag-espana","14":"tag-famosos","15":"tag-parar","16":"tag-poder","17":"tag-spain","18":"tag-tiempo"},"share_on_mastodon":{"url":"https:\/\/pubeurope.com\/@es\/115600467123327194","error":""},"_links":{"self":[{"href":"https:\/\/www.europesays.com\/es\/wp-json\/wp\/v2\/posts\/251838","targetHints":{"allow":["GET"]}}],"collection":[{"href":"https:\/\/www.europesays.com\/es\/wp-json\/wp\/v2\/posts"}],"about":[{"href":"https:\/\/www.europesays.com\/es\/wp-json\/wp\/v2\/types\/post"}],"author":[{"embeddable":true,"href":"https:\/\/www.europesays.com\/es\/wp-json\/wp\/v2\/users\/2"}],"replies":[{"embeddable":true,"href":"https:\/\/www.europesays.com\/es\/wp-json\/wp\/v2\/comments?post=251838"}],"version-history":[{"count":0,"href":"https:\/\/www.europesays.com\/es\/wp-json\/wp\/v2\/posts\/251838\/revisions"}],"wp:featuredmedia":[{"embeddable":true,"href":"https:\/\/www.europesays.com\/es\/wp-json\/wp\/v2\/media\/251839"}],"wp:attachment":[{"href":"https:\/\/www.europesays.com\/es\/wp-json\/wp\/v2\/media?parent=251838"}],"wp:term":[{"taxonomy":"category","embeddable":true,"href":"https:\/\/www.europesays.com\/es\/wp-json\/wp\/v2\/categories?post=251838"},{"taxonomy":"post_tag","embeddable":true,"href":"https:\/\/www.europesays.com\/es\/wp-json\/wp\/v2\/tags?post=251838"}],"curies":[{"name":"wp","href":"https:\/\/api.w.org\/{rel}","templated":true}]}}