{"id":251843,"date":"2025-11-23T18:42:12","date_gmt":"2025-11-23T18:42:12","guid":{"rendered":"https:\/\/www.europesays.com\/es\/251843\/"},"modified":"2025-11-23T18:42:12","modified_gmt":"2025-11-23T18:42:12","slug":"nunca-me-dieron-una-explicacion","status":"publish","type":"post","link":"https:\/\/www.europesays.com\/es\/251843\/","title":{"rendered":"\u201cNunca me dieron una explicaci\u00f3n\u201d"},"content":{"rendered":"<p class=\"c-paragraph\">La conocida como \u201c<a href=\"https:\/\/www.hobbyconsolas.com\/noticias\/star-wars-ultimos-jedi-comic-explica-origen-maniobra-holdo-467013\" title=\"Star Wars Los \u00faltimos Jedi - Un c\u00f3mic explica el origen de la &quot;maniobra de Holdo&quot;\" rel=\"nofollow noopener\" target=\"_blank\">maniobra Holdo<\/a>\u201d es uno de los momentos m\u00e1s controvertidos de la pel\u00edcula <a href=\"https:\/\/www.hobbyconsolas.com\/reviews\/critica-spoilers-star-wars-8-ultimos-jedi-179240\" title=\"Cr\u00edtica sin spoilers de Star Wars 8: Los \u00faltimos Jedi\" rel=\"nofollow noopener\" target=\"_blank\">Star Wars: Episodio VIII &#8211; Los \u00faltimos Jedi<\/a> (2017), que ya de por s\u00ed est\u00e1 llena de decisiones cuestionables. Sin embargo, el germen de esa idea ya estaba en la serie de animaci\u00f3n<b> Star Wars Rebels<\/b>.<\/p>\n<p class=\"c-paragraph\">Durante el desarrollo de la pel\u00edcula, <b>Amilyn Holdo<\/b>, la vicealmirante de la Resistencia encarnada por <b>Laura Dern<\/b>, tomaba la decisi\u00f3n de realizar una operaci\u00f3n suicida con tal de que<b> la Resistencia<\/b> saliera victoriosa.<\/p>\n<p class=\"c-paragraph\">Para ello, se dirigi\u00f3 con su crucero Raddus a la velocidad de la luz hacia el Supremac\u00eda, la nave insignia de <b>Primera Orden<\/b>. Al embestirla y acabar con ella, le dio a las personas supervivientes de la Resistencia tiempo suficiente para escapar al planeta Crait.<\/p>\n<p>Star Wars Rebels dio origen a la maniobra Holdo<\/p>\n<p class=\"c-paragraph\">El guionista <b>Henry Gilroy<\/b>, ha explicado a trav\u00e9s del podcast <a href=\"https:\/\/screenrant.com\/last-jedi-holdo-manuever-star-wars-rebels-season-3-henry-gilroy\/\" rel=\"nofollow noreferrer noopener\" title=\"v\u00eda: screenrant\" target=\"_blank\">Pod of Rebellion<\/a>, c\u00f3mo para el \u201cfinal de la tercera temporada\u201d de la serie <a href=\"https:\/\/www.hobbyconsolas.com\/reviews\/star-wars-rebels-temporada-3-critica-debut-thrawn-93892\" title=\"Star Wars Rebels temporada 3 - Cr\u00edtica del debut de Thrawn\" rel=\"nofollow noopener\" target=\"_blank\">Star Wars Rebels<\/a> quiso introducir una idea brillante que no le dieron permiso de llevar a cabo.<\/p>\n<p class=\"c-paragraph\">\u201c<b>Hice que Sato arrasara con las fuerzas imperiales saltando a la velocidad de la luz<\/b>\u201d, con tal de avanzar para \u201cdespejar el camino\u201d y que el grupo rebelde pudiera escapar. Henry Gilroy estuvo proponiendo esta idea durante mucho tiempo sin conseguir resultados.<\/p>\n<p class=\"c-paragraph\">\u201cSegu\u00ed insistiendo, y <b>no me dec\u00edan que no, ni me dec\u00edan que s\u00ed<\/b>, y finalmente me dijeron: \u201cNo, no puedes hacer eso\u201d, y yo les pregunt\u00e9: \u201c\u00bfPor qu\u00e9 no?\u201d, y no me lo dijeron hasta que vi <b>Los \u00faltimos Jedi<\/b>\u201d.<\/p>\n<p class=\"c-paragraph\">Henry Gilroy plantea su duda final sobre su propuesta para Star Wars Rebels: \u201cAs\u00ed que siempre me pregunto: <b>\u00bflo propuse y lo utilizaron, o&#8230;?<\/b> Nunca me dieron una explicaci\u00f3n porque no pude leer el guion de Los \u00faltimos Jedi\u201d.<\/p>\n","protected":false},"excerpt":{"rendered":"La conocida como \u201cmaniobra Holdo\u201d es uno de los momentos m\u00e1s controvertidos de la pel\u00edcula Star Wars: Episodio&hellip;\n","protected":false},"author":2,"featured_media":251844,"comment_status":"","ping_status":"","sticky":false,"template":"","format":"standard","meta":{"footnotes":""},"categories":[169],"tags":[177,146,147,25,24,176,63721,3294,4417,175,7561,23,4421],"class_list":{"0":"post-251843","1":"post","2":"type-post","3":"status-publish","4":"format-standard","5":"has-post-thumbnail","7":"category-cine","8":"tag-cine","9":"tag-entertainment","10":"tag-entretenimiento","11":"tag-es","12":"tag-espana","13":"tag-film","14":"tag-jedi","15":"tag-le","16":"tag-los","17":"tag-movies","18":"tag-robo","19":"tag-spain","20":"tag-ultimos"},"share_on_mastodon":{"url":"https:\/\/pubeurope.com\/@es\/115600486874420714","error":""},"_links":{"self":[{"href":"https:\/\/www.europesays.com\/es\/wp-json\/wp\/v2\/posts\/251843","targetHints":{"allow":["GET"]}}],"collection":[{"href":"https:\/\/www.europesays.com\/es\/wp-json\/wp\/v2\/posts"}],"about":[{"href":"https:\/\/www.europesays.com\/es\/wp-json\/wp\/v2\/types\/post"}],"author":[{"embeddable":true,"href":"https:\/\/www.europesays.com\/es\/wp-json\/wp\/v2\/users\/2"}],"replies":[{"embeddable":true,"href":"https:\/\/www.europesays.com\/es\/wp-json\/wp\/v2\/comments?post=251843"}],"version-history":[{"count":0,"href":"https:\/\/www.europesays.com\/es\/wp-json\/wp\/v2\/posts\/251843\/revisions"}],"wp:featuredmedia":[{"embeddable":true,"href":"https:\/\/www.europesays.com\/es\/wp-json\/wp\/v2\/media\/251844"}],"wp:attachment":[{"href":"https:\/\/www.europesays.com\/es\/wp-json\/wp\/v2\/media?parent=251843"}],"wp:term":[{"taxonomy":"category","embeddable":true,"href":"https:\/\/www.europesays.com\/es\/wp-json\/wp\/v2\/categories?post=251843"},{"taxonomy":"post_tag","embeddable":true,"href":"https:\/\/www.europesays.com\/es\/wp-json\/wp\/v2\/tags?post=251843"}],"curies":[{"name":"wp","href":"https:\/\/api.w.org\/{rel}","templated":true}]}}