{"id":251847,"date":"2025-11-23T18:44:09","date_gmt":"2025-11-23T18:44:09","guid":{"rendered":"https:\/\/www.europesays.com\/es\/251847\/"},"modified":"2025-11-23T18:44:09","modified_gmt":"2025-11-23T18:44:09","slug":"el-ses-vacunara-de-la-gripe-y-el-covid-de-tarde-y-sin-cita-previa-por-tercera-semana-consecutiva","status":"publish","type":"post","link":"https:\/\/www.europesays.com\/es\/251847\/","title":{"rendered":"El SES vacunar\u00e1 de la gripe y el covid de tarde y sin cita previa por tercera semana consecutiva"},"content":{"rendered":"<p class=\"article-text\">\n        El Servicio Extreme\u00f1o de Salud (SES) mantiene la campa\u00f1a de vacunaci\u00f3n de gripe y covid en horario de tarde y sin cita previa por tercera semana consecutiva; una medida por la que se han administrado 7.394 dosis en las dos semanas anteriores.\n    <\/p>\n<p class=\"article-text\">\n        La atenci\u00f3n se ofrecer\u00e1 desde las 16:30 hasta las 19:30 horas el lunes 24 y el jueves 27 en el Centro de Salud Valdepasillas de Badajoz. En los centros de salud La Data de Plasencia, Navalmoral de la Mata, Don Benito Este, Villanueva Sur, Urbano III de M\u00e9rida, San Jos\u00e9 de Almendralejo, y Zona Centro de C\u00e1ceres la vacunaci\u00f3n de tarde ser\u00e1 exclusivamente el jueves 27.\n    <\/p>\n<p class=\"article-text\">\n        Los interesados en acudir a esta vacunaci\u00f3n por la tarde deben portar su DNI y tarjeta sanitaria o de mutualista.\n    <\/p>\n<p class=\"article-text\">\n        El objetivo de esta medida es favorecer la conciliaci\u00f3n y el acceso a la inmunizaci\u00f3n. Adem\u00e1s de las personas adultas, se van a poder vacunar frente a la gripe los ni\u00f1os entre seis meses y cinco a\u00f1os. Los menores entre dos y cinco a\u00f1os reciben una vacunaci\u00f3n intranasal adquirida por el SES.\n    <\/p>\n<p class=\"article-text\">\n        Para quienes recibieron su \u00faltima dosis de Covid-19 o pasaron la enfermedad, deben respetar un intervalo m\u00ednimo de tres meses antes de recibir una nueva dosis.\n    <\/p>\n<p class=\"article-text\">\n        El SES insta a todos los extreme\u00f1os a aprovechar esta oportunidad para la vacunaci\u00f3n, ya que la inmunizaci\u00f3n es clave para proteger a las familias y comunidades durante esta temporada de virus.\u00a0\n    <\/p>\n","protected":false},"excerpt":{"rendered":"El Servicio Extreme\u00f1o de Salud (SES) mantiene la campa\u00f1a de vacunaci\u00f3n de gripe y covid en horario de&hellip;\n","protected":false},"author":2,"featured_media":251848,"comment_status":"","ping_status":"","sticky":false,"template":"","format":"standard","meta":{"footnotes":""},"categories":[92],"tags":[517,7239,7235,3975,25,24,7234,165,7238,7237,7236,952,166,492,23],"class_list":{"0":"post-251847","1":"post","2":"type-post","3":"status-publish","4":"format-standard","5":"has-post-thumbnail","7":"category-salud","8":"tag-actualidad","9":"tag-agro","10":"tag-badajoz","11":"tag-caceres","12":"tag-es","13":"tag-espana","14":"tag-extremadura","15":"tag-health","16":"tag-jesus-conde","17":"tag-jose-l-aroca","18":"tag-merida","19":"tag-politica","20":"tag-salud","21":"tag-sociedad","22":"tag-spain"},"share_on_mastodon":{"url":"https:\/\/pubeurope.com\/@es\/115600494902682761","error":""},"_links":{"self":[{"href":"https:\/\/www.europesays.com\/es\/wp-json\/wp\/v2\/posts\/251847","targetHints":{"allow":["GET"]}}],"collection":[{"href":"https:\/\/www.europesays.com\/es\/wp-json\/wp\/v2\/posts"}],"about":[{"href":"https:\/\/www.europesays.com\/es\/wp-json\/wp\/v2\/types\/post"}],"author":[{"embeddable":true,"href":"https:\/\/www.europesays.com\/es\/wp-json\/wp\/v2\/users\/2"}],"replies":[{"embeddable":true,"href":"https:\/\/www.europesays.com\/es\/wp-json\/wp\/v2\/comments?post=251847"}],"version-history":[{"count":0,"href":"https:\/\/www.europesays.com\/es\/wp-json\/wp\/v2\/posts\/251847\/revisions"}],"wp:featuredmedia":[{"embeddable":true,"href":"https:\/\/www.europesays.com\/es\/wp-json\/wp\/v2\/media\/251848"}],"wp:attachment":[{"href":"https:\/\/www.europesays.com\/es\/wp-json\/wp\/v2\/media?parent=251847"}],"wp:term":[{"taxonomy":"category","embeddable":true,"href":"https:\/\/www.europesays.com\/es\/wp-json\/wp\/v2\/categories?post=251847"},{"taxonomy":"post_tag","embeddable":true,"href":"https:\/\/www.europesays.com\/es\/wp-json\/wp\/v2\/tags?post=251847"}],"curies":[{"name":"wp","href":"https:\/\/api.w.org\/{rel}","templated":true}]}}