{"id":251849,"date":"2025-11-23T18:45:21","date_gmt":"2025-11-23T18:45:21","guid":{"rendered":"https:\/\/www.europesays.com\/es\/251849\/"},"modified":"2025-11-23T18:45:21","modified_gmt":"2025-11-23T18:45:21","slug":"hombreras-xxl-y-el-color-estrella-de-la-temporada","status":"publish","type":"post","link":"https:\/\/www.europesays.com\/es\/251849\/","title":{"rendered":"hombreras XXL y el color estrella de la temporada"},"content":{"rendered":"<p><img loading=\"lazy\" decoding=\"async\" src=\"https:\/\/www.europesays.com\/es\/wp-content\/uploads\/2025\/10\/1760450890_434_100x100_informalia-logo.jpg\" itemtype=\"\/\/schema.org\/ImageObject\" itemprop=\"url\" alt=\"Informalia\" width=\"64\" height=\"64\" pinger-seen=\"true\"\/><\/p>\n<p>El esp\u00edritu navide\u00f1o ya se ha apoderado de las principales ciudades. Madrid inaugur\u00f3 este pasado s\u00e1bado su alumbrado y, a falta de apenas un mes para <b>Navidad<\/b>, los looks &#8216;brilli brilli&#8217; empiezan a acaparar todas las miradas. Por eso muchas famosas ya han comenzado a compartir sus<b> ideas estil\u00edsticas de cara a las pr\u00f3ximas fiestas<\/b>. La \u00faltima en hacerlo, aunque no precisamente a prop\u00f3sito, ha sido <b>Lourdes Montes<\/b>.<\/p>\n<p>La mujer de Fran Rivera asisti\u00f3 este fin de semana al bautizo de su sobrino, el hijo de su hermana <b>Sibi Montes<\/b> y <b>Mateo Ib\u00e1\u00f1ez<\/b>, y lo hizo con un conjunto que encaja perfectamente para las cenas y celebraciones navide\u00f1as.<\/p>\n<p>                            <img decoding=\"async\" src=\"https:\/\/www.europesays.com\/es\/wp-content\/uploads\/2025\/11\/historia.jpg\" loading=\"lazy\"\/><\/p>\n<p>Se trata de un <b>conjunto de blazer y pantal\u00f3n en color buganvilla y burdeos con un sutil estampado de cuadros escoceses confeccionado en lana merino<\/b>. La pieza, firmada por Panambi Collection, destaca por sus<b> hombreras XXL<\/b> y unas maxi solapas que elevan el look a lo sofisticado. El estampado, como dec\u00edamos, va en perfecta sinton\u00eda con la est\u00e9tica navide\u00f1a, <b>muy en clave invernal<\/b> y totalmente acorde con un estilismo formal. Adem\u00e1s, lo combin\u00f3 con unos stiletto de punta y tac\u00f3n bajo en negro. <\/p>\n<p>WhatsApp<a href=\"https:\/\/api.whatsapp.com\/send?text=https:\/\/www.eleconomista.es\/informalia\/famosos\/noticias\/13658238\/11\/25\/lourdes-montes-arrasa-con-el-look-definitivo-para-esta-navidad-hombreras-xxl-y-el-color-estrella-de-la-temporada.html?utm_source%3Dwhatsapp%26utm_medium%3Dshare_button&amp;id=1648118629957_whatsapp\" target=\"_blank\" data-action=\"share\/whatsapp\/share\" aria-label=\"Compartir en Whatsapp\" rel=\"nofollow noopener\"><\/a>Facebook<a id=\"fb-share\" href=\"#\" target=\"_blank\" rel=\"noopener noreferrer\" aria-label=\"Compartir en Facebook\"><\/a>Twitter<a href=\"https:\/\/twitter.com\/share?text=Lourdes+Montes+arrasa+con+el+look+definitivo+para+esta+Navidad%3A+hombreras+XXL+y+el+color+estrella+de+la+temporada&amp;url=https:\/\/www.eleconomista.es\/informalia\/famosos\/noticias\/13658238\/11\/25\/lourdes-montes-arrasa-con-el-look-definitivo-para-esta-navidad-hombreras-xxl-y-el-color-estrella-de-la-temporada.html&amp;via=Informalia&amp;id=1648118839245_twitter\" target=\"_blank\" aria-label=\"Compartir en Twitter\" rel=\"nofollow noopener\"><\/a>Linkedin<a onclick=\"return abrirLinkedin();\" href=\"https:\/\/www.linkedin.com\/shareArticle?text=Lourdes+Montes+arrasa+con+el+look+definitivo+para+esta+Navidad%3A+hombreras+XXL+y+el+color+estrella+de+la+temporada&amp;url=https:\/\/www.eleconomista.es\/informalia\/famosos\/noticias\/13658238\/11\/25\/lourdes-montes-arrasa-con-el-look-definitivo-para-esta-navidad-hombreras-xxl-y-el-color-estrella-de-la-temporada.html&amp;mini=true\" target=\"_blank\" aria-label=\"Compartir en linkedin\" rel=\"nofollow noopener\"><\/a>Beloud<a href=\"https:\/\/beloud.com\/share?text=Lourdes+Montes+arrasa+con+el+look+definitivo+para+esta+Navidad%3A+hombreras+XXL+y+el+color+estrella+de+la+temporada&amp;url=https:\/\/www.eleconomista.es\/informalia\/famosos\/noticias\/13658238\/11\/25\/lourdes-montes-arrasa-con-el-look-definitivo-para-esta-navidad-hombreras-xxl-y-el-color-estrella-de-la-temporada.html&amp;via=Informalia&amp;id=1648118839245_beloud\" target=\"_blank\" aria-label=\"Compartir en beloud\" rel=\"nofollow noopener\"><\/a>Bluesky<a href=\"https:\/\/bsky.app\/intent\/compose?text=https:\/\/bsky.app\/intent\/compose?text=https:\/\/www.eleconomista.es\/informalia\/famosos\/noticias\/13658238\/11\/25\/lourdes-montes-arrasa-con-el-look-definitivo-para-esta-navidad-hombreras-xxl-y-el-color-estrella-de-la-temporada.html&amp;url=https:\/\/www.eleconomista.es\/informalia\/famosos\/noticias\/13658238\/11\/25\/lourdes-montes-arrasa-con-el-look-definitivo-para-esta-navidad-hombreras-xxl-y-el-color-estrella-de-la-temporada.html&amp;via=elEconomistaes&amp;id=1648118839245_bluesky\" target=\"_blank\" aria-label=\"Compartir en bluesky\" rel=\"nofollow noopener\"><\/a><\/p>\n<p><script async src=\"https:\/\/platform.twitter.com\/widgets.js\" charset=\"utf-8\"><\/script><\/p>\n","protected":false},"excerpt":{"rendered":"El esp\u00edritu navide\u00f1o ya se ha apoderado de las principales ciudades. Madrid inaugur\u00f3 este pasado s\u00e1bado su alumbrado&hellip;\n","protected":false},"author":2,"featured_media":251850,"comment_status":"","ping_status":"","sticky":false,"template":"","format":"standard","meta":{"footnotes":""},"categories":[91],"tags":[146,147,25,24,260,23],"class_list":{"0":"post-251849","1":"post","2":"type-post","3":"status-publish","4":"format-standard","5":"has-post-thumbnail","7":"category-entretenimiento","8":"tag-entertainment","9":"tag-entretenimiento","10":"tag-es","11":"tag-espana","12":"tag-gente","13":"tag-spain"},"share_on_mastodon":{"url":"https:\/\/pubeurope.com\/@es\/115600499380482786","error":""},"_links":{"self":[{"href":"https:\/\/www.europesays.com\/es\/wp-json\/wp\/v2\/posts\/251849","targetHints":{"allow":["GET"]}}],"collection":[{"href":"https:\/\/www.europesays.com\/es\/wp-json\/wp\/v2\/posts"}],"about":[{"href":"https:\/\/www.europesays.com\/es\/wp-json\/wp\/v2\/types\/post"}],"author":[{"embeddable":true,"href":"https:\/\/www.europesays.com\/es\/wp-json\/wp\/v2\/users\/2"}],"replies":[{"embeddable":true,"href":"https:\/\/www.europesays.com\/es\/wp-json\/wp\/v2\/comments?post=251849"}],"version-history":[{"count":0,"href":"https:\/\/www.europesays.com\/es\/wp-json\/wp\/v2\/posts\/251849\/revisions"}],"wp:featuredmedia":[{"embeddable":true,"href":"https:\/\/www.europesays.com\/es\/wp-json\/wp\/v2\/media\/251850"}],"wp:attachment":[{"href":"https:\/\/www.europesays.com\/es\/wp-json\/wp\/v2\/media?parent=251849"}],"wp:term":[{"taxonomy":"category","embeddable":true,"href":"https:\/\/www.europesays.com\/es\/wp-json\/wp\/v2\/categories?post=251849"},{"taxonomy":"post_tag","embeddable":true,"href":"https:\/\/www.europesays.com\/es\/wp-json\/wp\/v2\/tags?post=251849"}],"curies":[{"name":"wp","href":"https:\/\/api.w.org\/{rel}","templated":true}]}}