{"id":251855,"date":"2025-11-23T18:48:10","date_gmt":"2025-11-23T18:48:10","guid":{"rendered":"https:\/\/www.europesays.com\/es\/251855\/"},"modified":"2025-11-23T18:48:10","modified_gmt":"2025-11-23T18:48:10","slug":"seis-aerolineas-cancelan-conexiones-con-venezuela-dw-22-11-2025","status":"publish","type":"post","link":"https:\/\/www.europesays.com\/es\/251855\/","title":{"rendered":"Seis aerol\u00edneas cancelan conexiones con Venezuela \u2013 DW \u2013 22\/11\/2025"},"content":{"rendered":"<p>La espa\u00f1ola Iberia, la portuguesa TAP, la colombiana Avianca, la trinitense Caribbean, la brasile\u00f1a GOL y la chilena Latam cancelaron sus conexiones con <a class=\"internal-link\" href=\"https:\/\/www.dw.com\/es\/venezuela\/t-17410652\" rel=\"nofollow noopener\" target=\"_blank\">Venezuela<\/a> este s\u00e1bado (22.11.2025), en medio del <a class=\"internal-link\" href=\"https:\/\/www.dw.com\/es\/estados-unidos-y-su-fuerza-naval-en-el-caribe-siempre-deber\u00eda-haber-una-opci\u00f3n-para-la-paz\/a-74754741\" rel=\"nofollow noopener\" target=\"_blank\">despliegue militar de Estados Unidos en el Caribe<\/a> contra el narcotr\u00e1fico.<\/p>\n<p><strong>Autoridad a\u00e9rea de Estados Unidos advierte sobre\u00a0\u00abempeoramiento de la situaci\u00f3n de seguridad\u00bb en Venezuela<\/strong><\/p>\n<p>La presidenta de la Asociaci\u00f3n de L\u00edneas A\u00e9reas de Venezuela (ALAV), Marisela de Loaiza hizo el anuncio luego de que la Administraci\u00f3n Federal de Aviaci\u00f3n (FAA) de <a class=\"internal-link\" href=\"https:\/\/www.dw.com\/es\/estados-unidos\/t-17411942\" rel=\"nofollow noopener\" target=\"_blank\">Estados Unidos<\/a> advirtiera sobre un \u00abaumento de la actividad militar\u00bb.<\/p>\n<p>Asimismo, la FAA pidi\u00f3 \u00abextremar la precauci\u00f3n\u00bb debido al \u00abempeoramiento de la situaci\u00f3n de seguridad en Venezuela y sus alrededores\u00bb.<\/p>\n<p>\u00abLas amenazas podr\u00edan representar un riesgo potencial para las aeronaves a todas las altitudes, incluso durante el sobrevuelo, las fases de llegada y salida, y\/o para los aeropuertos y las aeronaves en tierra\u00bb, indic\u00f3.<\/p>\n<p>De Loaiza precis\u00f3 este s\u00e1bado que por el momento se mantienen operando la paname\u00f1a Copa, Air Europa, Turkish Airlines y las venezolanas Laser y PlusUltra.<\/p>\n<p><strong>Piden a pasajeros estar \u00abatentos a cualquier aviso\u00bb<\/strong><\/p>\n<p>En un comunicado, la ALAV exhort\u00f3 a las personas \u00abque poseen boletos en las diferentes aerol\u00edneas que prestan servicio en Venezuela y cuyos vuelos est\u00e1n programados para los pr\u00f3ximos d\u00edas o semanas\u00bb a que \u00abest\u00e9n atentos a cualquier aviso\u00bb.<\/p>\n<p>El lunes, el gobierno de <a class=\"internal-link\" href=\"https:\/\/www.dw.com\/es\/trump-donald\/t-19445010\" rel=\"nofollow noopener\" target=\"_blank\">Donald Trump<\/a> prev\u00e9 declarar como organizaci\u00f3n terrorista a un c\u00e1rtel narcotraficante que se\u00f1ala est\u00e1 liderado por Nicol\u00e1s Maduro.<\/p>\n<p>Desde de septiembre, las fuerzas estadounidenses han atacado m\u00e1s de 20 embarcaciones dedicadas al narcotr\u00e1fico en el mar Caribe y el Pac\u00edfico oriental, operaciones que dejan 83 muertos.<\/p>\n<p>Adem\u00e1s, <a class=\"internal-link\" href=\"https:\/\/www.dw.com\/es\/lo-que-hay-que-saber-del-portaviones-uss-gerald-r-ford-el-m\u00e1s-letal-del-mundo\/a-74713382\" rel=\"nofollow noopener\" target=\"_blank\">Washington envi\u00f3 al Caribe al portaviones m\u00e1s grande del mundo<\/a>, junto a una flotilla de buques de guerra y aviones caza para operaciones antidrogas.<\/p>\n<p>rr afp\/efe\/el pa\u00eds<\/p>\n","protected":false},"excerpt":{"rendered":"La espa\u00f1ola Iberia, la portuguesa TAP, la colombiana Avianca, la trinitense Caribbean, la brasile\u00f1a GOL y la chilena&hellip;\n","protected":false},"author":2,"featured_media":251856,"comment_status":"","ping_status":"","sticky":false,"template":"","format":"standard","meta":{"footnotes":""},"categories":[42],"tags":[17,18,13,14,11,61,62,63,64,19,20,9,10,15,16,12,21,22,65,66,67],"class_list":{"0":"post-251855","1":"post","2":"type-post","3":"status-publish","4":"format-standard","5":"has-post-thumbnail","7":"category-internacional","8":"tag-breaking-news","9":"tag-breakingnews","10":"tag-featured-news","11":"tag-featurednews","12":"tag-headlines","13":"tag-internacional","14":"tag-international","15":"tag-international-news","16":"tag-internationalnews","17":"tag-latest-news","18":"tag-latestnews","19":"tag-news","20":"tag-noticias","21":"tag-noticias-destacadas","22":"tag-noticiasdestacadas","23":"tag-titulares","24":"tag-ultimas-noticias","25":"tag-ultimasnoticias","26":"tag-world","27":"tag-world-news","28":"tag-worldnews"},"share_on_mastodon":{"url":"https:\/\/pubeurope.com\/@es\/115600510537985186","error":""},"_links":{"self":[{"href":"https:\/\/www.europesays.com\/es\/wp-json\/wp\/v2\/posts\/251855","targetHints":{"allow":["GET"]}}],"collection":[{"href":"https:\/\/www.europesays.com\/es\/wp-json\/wp\/v2\/posts"}],"about":[{"href":"https:\/\/www.europesays.com\/es\/wp-json\/wp\/v2\/types\/post"}],"author":[{"embeddable":true,"href":"https:\/\/www.europesays.com\/es\/wp-json\/wp\/v2\/users\/2"}],"replies":[{"embeddable":true,"href":"https:\/\/www.europesays.com\/es\/wp-json\/wp\/v2\/comments?post=251855"}],"version-history":[{"count":0,"href":"https:\/\/www.europesays.com\/es\/wp-json\/wp\/v2\/posts\/251855\/revisions"}],"wp:featuredmedia":[{"embeddable":true,"href":"https:\/\/www.europesays.com\/es\/wp-json\/wp\/v2\/media\/251856"}],"wp:attachment":[{"href":"https:\/\/www.europesays.com\/es\/wp-json\/wp\/v2\/media?parent=251855"}],"wp:term":[{"taxonomy":"category","embeddable":true,"href":"https:\/\/www.europesays.com\/es\/wp-json\/wp\/v2\/categories?post=251855"},{"taxonomy":"post_tag","embeddable":true,"href":"https:\/\/www.europesays.com\/es\/wp-json\/wp\/v2\/tags?post=251855"}],"curies":[{"name":"wp","href":"https:\/\/api.w.org\/{rel}","templated":true}]}}