{"id":251857,"date":"2025-11-23T18:49:09","date_gmt":"2025-11-23T18:49:09","guid":{"rendered":"https:\/\/www.europesays.com\/es\/251857\/"},"modified":"2025-11-23T18:49:09","modified_gmt":"2025-11-23T18:49:09","slug":"un-joven-de-18-anos-herido-grave-por-disparos-de-la-policia-tras-atacar-con-un-cuchillo-a-varios-agentes-en-vallecas","status":"publish","type":"post","link":"https:\/\/www.europesays.com\/es\/251857\/","title":{"rendered":"Un joven de 18 a\u00f1os, herido grave por disparos de la Polic\u00eda tras atacar con un cuchillo a varios agentes en Vallecas"},"content":{"rendered":"<p class=\"L6-news-detail__text\">Un joven de 18 a\u00f1os <b>result\u00f3 herido de gravedad<\/b> este s\u00e1bado tras intentar atacar a varios agentes de la Unidad de Intervenci\u00f3n Policial con un cuchillo en el madrile\u00f1o distrito de <b><a title=\"Vallecas\" href=\"https:\/\/www.lasexta.com\/temas\/vallecas-1\" target=\"_blank\" rel=\"nofollow noopener\">Vallecas<\/a><\/b>, motivo por el que recibi\u00f3 tres disparos.<\/p>\n<p class=\"L6-news-detail__text\">Los hechos ocurrieron cuando el hermano de la v\u00edctima llam\u00f3 a Emergencias preocupado por el comportamiento del joven, que, seg\u00fan el aviso, estaba muy <b>alterado<\/b> dentro del domicilio familiar, posiblemente bajo los efectos de las drogas.<\/p>\n<p class=\"L6-news-detail__text\">Cuando los agentes llegaron al edificio, ubicado en la calle Pe\u00f1a de Atalaya, la familia ya hab\u00eda salido de la vivienda. Dentro quedaba este hombre atrincherado, <b>muy agresivo<\/b> y sin intenci\u00f3n de colaborar.<\/p>\n<p>Tambi\u00e9n utilizaron pistolas taser<\/p>\n<p class=\"L6-news-detail__text\">En un primer momento, intentaron reducirlo <b>usando pistolas taser<\/b> al abrir la puerta, pero las descargas no surtieron efecto. Tras ese primer intento, el chico volvi\u00f3 a encerrarse por lo que fue necesario pedir el apoyo de las Unidades de Intervenci\u00f3n Policial (UIP), que trataron que saliera por su propio pie, seg\u00fan recoge &#8216;ABC&#8217;.<\/p>\n<p class=\"L6-news-detail__text\">Sin embargo, los agentes decidieron entrar finalmente. En ese momento, seg\u00fan fuentes policiales, el joven se abalanz\u00f3 sobre ellos con el cuchillo en la mano, por lo que dispararon hasta en tres ocasiones impactando en la zona <b>renal, en el t\u00f3rax y en la cadera<\/b>.<\/p>\n<p class=\"L6-news-detail__text\">Estos le aplicaron los primeros auxilios mientras llegaban los sanitarios del Samur, que lograron <b>estabilizarlo antes de trasladarlo<\/b> en estado grave al Hospital Gregorio Mara\u00f1\u00f3n.<\/p>\n<p class=\"L6-news-detail__text\">Por este motivo, la <b><a title=\"Polic\u00eda Nacional\" href=\"https:\/\/www.lasexta.com\/temas\/policia_nacional-1\" target=\"_blank\" rel=\"nofollow noopener\">Polic\u00eda Nacional<\/a><\/b> ha abierto una investigaci\u00f3n para esclarecer las causas de los hechos y si est\u00e1 vinculado con un ataque yihadista.<\/p>\n<p class=\"L6-news-detail__text\"><b><a title=\"*Sigue a laSexta en Google. Toda la actualidad y el mejor contenido aqu\u00ed.\" href=\"https:\/\/profile.google.com\/cp\/CgkvbS8wZG5xejA\" target=\"_blank\" rel=\"nofollow noopener\">*Sigue a laSexta en Google. Toda la actualidad y el mejor contenido aqu\u00ed.<\/a><\/b><\/p>\n<p class=\"L6-support-news-video__title\">Cada vez es m\u00e1s caro<\/p>\n<p>            <a href=\"https:\/\/www.lasexta.com\/noticias\/sociedad\/comer-sano-cuesta-20-mas-mes-comparativa-compra-saludable-otra-rebozados-platos-precocinados_2025112369231467df41134465e61f59.html\" class=\"L6-news__link\" rel=\"nofollow noopener\" target=\"_blank\"><br \/>\n                Comer sano cuesta un 20% m\u00e1s al mes: la comparativa entre una compra saludable y otra con rebozados y platos precocinados<\/p>\n<p class=\"recirculation-video-desc\">Las consecuencias Tres de cada cuatro personas reconocen que cada vez les cuesta m\u00e1s llenar el carro de la compra con productos saludables ante la subida de los precios.<\/p>\n<p>            <\/a><\/p>\n","protected":false},"excerpt":{"rendered":"Un joven de 18 a\u00f1os result\u00f3 herido de gravedad este s\u00e1bado tras intentar atacar a varios agentes de&hellip;\n","protected":false},"author":2,"featured_media":251858,"comment_status":"","ping_status":"","sticky":false,"template":"","format":"standard","meta":{"footnotes":""},"categories":[8],"tags":[17,18,25,24,13,14,11,19,20,9,10,15,16,23,12,21,22],"class_list":{"0":"post-251857","1":"post","2":"type-post","3":"status-publish","4":"format-standard","5":"has-post-thumbnail","7":"category-espana","8":"tag-breaking-news","9":"tag-breakingnews","10":"tag-es","11":"tag-espana","12":"tag-featured-news","13":"tag-featurednews","14":"tag-headlines","15":"tag-latest-news","16":"tag-latestnews","17":"tag-news","18":"tag-noticias","19":"tag-noticias-destacadas","20":"tag-noticiasdestacadas","21":"tag-spain","22":"tag-titulares","23":"tag-ultimas-noticias","24":"tag-ultimasnoticias"},"share_on_mastodon":{"url":"https:\/\/pubeurope.com\/@es\/115600514516915828","error":""},"_links":{"self":[{"href":"https:\/\/www.europesays.com\/es\/wp-json\/wp\/v2\/posts\/251857","targetHints":{"allow":["GET"]}}],"collection":[{"href":"https:\/\/www.europesays.com\/es\/wp-json\/wp\/v2\/posts"}],"about":[{"href":"https:\/\/www.europesays.com\/es\/wp-json\/wp\/v2\/types\/post"}],"author":[{"embeddable":true,"href":"https:\/\/www.europesays.com\/es\/wp-json\/wp\/v2\/users\/2"}],"replies":[{"embeddable":true,"href":"https:\/\/www.europesays.com\/es\/wp-json\/wp\/v2\/comments?post=251857"}],"version-history":[{"count":0,"href":"https:\/\/www.europesays.com\/es\/wp-json\/wp\/v2\/posts\/251857\/revisions"}],"wp:featuredmedia":[{"embeddable":true,"href":"https:\/\/www.europesays.com\/es\/wp-json\/wp\/v2\/media\/251858"}],"wp:attachment":[{"href":"https:\/\/www.europesays.com\/es\/wp-json\/wp\/v2\/media?parent=251857"}],"wp:term":[{"taxonomy":"category","embeddable":true,"href":"https:\/\/www.europesays.com\/es\/wp-json\/wp\/v2\/categories?post=251857"},{"taxonomy":"post_tag","embeddable":true,"href":"https:\/\/www.europesays.com\/es\/wp-json\/wp\/v2\/tags?post=251857"}],"curies":[{"name":"wp","href":"https:\/\/api.w.org\/{rel}","templated":true}]}}