{"id":251860,"date":"2025-11-23T18:55:11","date_gmt":"2025-11-23T18:55:11","guid":{"rendered":"https:\/\/www.europesays.com\/es\/251860\/"},"modified":"2025-11-23T18:55:11","modified_gmt":"2025-11-23T18:55:11","slug":"el-severo-enfado-de-carreno-con-el-publico-italiano-en-la-final-de-la-copa-davis","status":"publish","type":"post","link":"https:\/\/www.europesays.com\/es\/251860\/","title":{"rendered":"El severo &#8216;enfado&#8217; de Carre\u00f1o con el p\u00fablico italiano en la final de la Copa Davis"},"content":{"rendered":"<p class=\"L6-news-detail__text\">El primero punto de la final de la <b><a title=\"Copa Davis\" href=\"https:\/\/www.lasexta.com\/noticias\/deportes\/tenis\/final-copa-davis-espana-italia-horario-donde-ver_2025112269222418df41134465e55b2a.html\" target=\"_blank\" rel=\"nofollow noopener\">Copa Davis<\/a><\/b> fue para Italia en un partido en el que <b>Matteo Berrettini<\/b> super\u00f3 por 6-3 y 6-4 a <b>Pablo Carre\u00f1o<\/b>. Poco pudo hacer el asturiano ante un <b>Berrettini<\/b> que estuvo especialmente inspirado al saque. Carre\u00f1o se sinti\u00f3 inc\u00f3modo durante casi todo el partido.<\/p>\n<p class=\"L6-news-detail__text\">El juego de su rival le termin\u00f3 superando pero fue una actitud del p\u00fablico italiano la que sac\u00f3 de sus <b>casillas<\/b>. En el pen\u00faltimo juego del partido, con 4-4 en el marcador y Pablo sacando, los aficionados &#8216;<b>tifosi<\/b>&#8216; hicieron ruido y gritaron durante el punto.<\/p>\n<p class=\"L6-news-detail__text\">Lo que realmente desat\u00f3 la rabia de <b>Carre\u00f1o<\/b> fue que ese ruido se produc\u00eda justo cuando \u00e9l iba a golpear la pelota. Tras uno de los puntos, <b>Pablo<\/b> se acerc\u00f3 al <b>juez de silla<\/b> para protestar sobre lo sucedido <b>alegando<\/b> que era ya la segunda vez que suced\u00eda.<\/p>\n<p class=\"L6-news-detail__text\">Poco hizo el juez de silla que termin\u00f3 imponi\u00e9ndole un &#8216;<b>warning<\/b>&#8216; a Carre\u00f1o por golpear la silla con la raqueta. La reacci\u00f3n del asturiano provoc\u00f3 los abucheos de un p\u00fablico que no se comport\u00f3 como deb\u00eda durante el primer partido de la final de la <b>Copa Davis<\/b>.<\/p>\n<p class=\"L6-support-news-video__title\">MotoGP<\/p>\n<p>            <a href=\"https:\/\/www.lasexta.com\/noticias\/deportes\/motor\/emotivo-momento-hermanos-marquez-gran-fiesta-cervera-nos-hemos-unido_2025112269220b59df41134465e5440b.html\" class=\"L6-news__link\" rel=\"nofollow noopener\" target=\"_blank\"><br \/>\n                El emotivo momento de los hermanos M\u00e1rquez en su gran fiesta en Cervera: \u00abNos hemos unido&#8230;\u00bb<\/p>\n<p class=\"recirculation-video-desc\">\u00c1lex y Marc M\u00e1rquez celebran su estratosf\u00e9rica temporada con un ba\u00f1o de masas en su municipio natal. Campe\u00f3n y subcampe\u00f3n del mundo disfrutan junto a familia y amigos despu\u00e9s de un a\u00f1o inolvidable.<\/p>\n<p>            <\/a><\/p>\n","protected":false},"excerpt":{"rendered":"El primero punto de la final de la Copa Davis fue para Italia en un partido en el&hellip;\n","protected":false},"author":2,"featured_media":251861,"comment_status":"","ping_status":"","sticky":false,"template":"","format":"standard","meta":{"footnotes":""},"categories":[274],"tags":[168,25,24,23,167,327,326],"class_list":{"0":"post-251860","1":"post","2":"type-post","3":"status-publish","4":"format-standard","5":"has-post-thumbnail","7":"category-tenis","8":"tag-deportes","9":"tag-es","10":"tag-espana","11":"tag-spain","12":"tag-sports","13":"tag-tenis","14":"tag-tennis"},"share_on_mastodon":{"url":"https:\/\/pubeurope.com\/@es\/115600538112453125","error":""},"_links":{"self":[{"href":"https:\/\/www.europesays.com\/es\/wp-json\/wp\/v2\/posts\/251860","targetHints":{"allow":["GET"]}}],"collection":[{"href":"https:\/\/www.europesays.com\/es\/wp-json\/wp\/v2\/posts"}],"about":[{"href":"https:\/\/www.europesays.com\/es\/wp-json\/wp\/v2\/types\/post"}],"author":[{"embeddable":true,"href":"https:\/\/www.europesays.com\/es\/wp-json\/wp\/v2\/users\/2"}],"replies":[{"embeddable":true,"href":"https:\/\/www.europesays.com\/es\/wp-json\/wp\/v2\/comments?post=251860"}],"version-history":[{"count":0,"href":"https:\/\/www.europesays.com\/es\/wp-json\/wp\/v2\/posts\/251860\/revisions"}],"wp:featuredmedia":[{"embeddable":true,"href":"https:\/\/www.europesays.com\/es\/wp-json\/wp\/v2\/media\/251861"}],"wp:attachment":[{"href":"https:\/\/www.europesays.com\/es\/wp-json\/wp\/v2\/media?parent=251860"}],"wp:term":[{"taxonomy":"category","embeddable":true,"href":"https:\/\/www.europesays.com\/es\/wp-json\/wp\/v2\/categories?post=251860"},{"taxonomy":"post_tag","embeddable":true,"href":"https:\/\/www.europesays.com\/es\/wp-json\/wp\/v2\/tags?post=251860"}],"curies":[{"name":"wp","href":"https:\/\/api.w.org\/{rel}","templated":true}]}}