{"id":251866,"date":"2025-11-23T18:59:11","date_gmt":"2025-11-23T18:59:11","guid":{"rendered":"https:\/\/www.europesays.com\/es\/251866\/"},"modified":"2025-11-23T18:59:11","modified_gmt":"2025-11-23T18:59:11","slug":"alineaciones-confirmadas-de-betis-y-girona-en-la-jornada-13-de-laliga","status":"publish","type":"post","link":"https:\/\/www.europesays.com\/es\/251866\/","title":{"rendered":"Alineaciones confirmadas de Betis y Girona en la jornada 13 de LALIGA"},"content":{"rendered":"\n<p>M\u00e1s noticias<\/p>\n<p><a class=\"info_masnoticias\" href=\"https:\/\/www.eldesmarque.com\/futbol\/liga-1a-division\/\" rel=\"nofollow noopener\" target=\"_blank\"><br \/>\nM\u00e1s de<br \/>\nM\u00e1s noticias de<br \/>\nLaLiga EA Sports<br \/>\n<\/a><\/p>\n<p><strong>El Real Betis Balompi\u00e9 y el Girona\u00a0<\/strong>ya han publicado el once inicial p<a href=\"https:\/\/www.eldesmarque.com\/futbol\/liga-1a-division\/20251123\/betis-girona-directo-jornada-13-laliga-goles-mejores-jugadas-ultima-hora-d1rect0_300815577.html\" rel=\"nofollow noopener\" target=\"_blank\">ara el partido<\/a> que mide a ambos equipos este domingo en el Estadio de La Cartuja, correspondiente a la <a href=\"https:\/\/www.eldesmarque.com\/futbol\/liga-1a-division\/20251020\/fechas-horarios-televisiones-jornada-13-laliga-ea-sports_300787071.html\" rel=\"nofollow noopener\" target=\"_blank\">jornada 13<\/a> de LALIGA EA SPORTS, con novedades en ambos casos.<\/p>\n<p>El gran nombre propio de este domingo es, sin duda, <a href=\"https:\/\/www.eldesmarque.com\/futbol\/real-betis\/20251122\/manuel-pellegrini-confirma-vuelta-isco-alarcon-resuelve-duda-ez-abde-convocatoria-real-betis_300815056.html\" rel=\"nofollow noopener\" target=\"_blank\">Isco Alarc\u00f3n<\/a>, el hombre que quieren ver todos los b\u00e9ticos de nuevo.<\/p>\n<p>El once de Pellegrini<\/p>\n<p>La gran noticia es que\u00a0<strong>Isco Alarc\u00f3n\u00a0<\/strong>est\u00e1 en la convocatoria, aunque no partir\u00e1 de inicio y todo hace indicar que lo har\u00e1 en el segundo tiempo, disfrutando de algunos minutos antes del partido europeo ante el Utrecht y, sobre todo, el derbi ante el Sevilla FC del pr\u00f3ximo domingo.<\/p>\n<p>As\u00ed las cosas, el Real Betis sale con<strong> Valles; Beller\u00edn, Bartra, Natan, Valent\u00edn G\u00f3mez; Marc Roca, Pablo Fornals; Antony, Lo Celso, Rodrigo Riquelme; y Cucho Hern\u00e1ndez.\u00a0<\/strong>Las novedades en el once son Marc Roca y Rodrigo Riquelme, que entran por los marroqu\u00eds Amrabat y Abde.<\/p>\n<p>En el banquillo estar\u00e1n Adri\u00e1n San Miguel, Aitor Ruibal, Diego Llorente, Junior Firpo, Ricardo Rodr\u00edguez, Nelson Deossa, Amrabat, Ez Abde, Isco, Chimy \u00c1vila, Pablo Garc\u00eda y Bakambu.<\/p>\n<p><img loading=\"lazy\" decoding=\"async\" src=\"https:\/\/www.europesays.com\/es\/wp-content\/uploads\/2025\/11\/img_1044jpg_001.JPG\" width=\"660\" height=\"440\" alt=\"Sergi Altimira, Junior Firpo, Isco Alarc\u00f3n y Diego Llorente, en la sesi\u00f3n del viernes (Foto: Kiko\"\/><br \/>\nSergi Altimira, Junior Firpo, Isco Alarc\u00f3n y Diego Llorente, en la sesi\u00f3n del viernes (Foto: Kiko<\/p>\n<p>Manuel Pellegrini ha descartado en el \u00faltimo momento a Sergi Altimira, que se queda sin entrar en la lista de convocados. El club ha avisado de que sufre una gastroenteritis.<\/p>\n<blockquote class=\"twitter-tweet\" data-width=\"500\" data-dnt=\"true\">\n<p lang=\"es\" dir=\"ltr\">\ud83d\udc9a\ud83e\udd0d\ud83d\udc9a<\/p>\n<p>\u00a1Nuestro once inicial para el <a href=\"https:\/\/twitter.com\/hashtag\/RealBetisGirona?src=hash&amp;ref_src=twsrc%5Etfw\" rel=\"nofollow noopener\" target=\"_blank\">#RealBetisGirona<\/a>!<a href=\"https:\/\/twitter.com\/hashtag\/D%C3%ADaDeBetis?src=hash&amp;ref_src=twsrc%5Etfw\" rel=\"nofollow noopener\" target=\"_blank\">#D\u00edaDeBetis<\/a> <a href=\"https:\/\/t.co\/VysOZrdflm\" rel=\"nofollow\">pic.twitter.com\/VysOZrdflm<\/a><\/p>\n<p>\u2014 Real Betis Balompi\u00e9 \ud83c\udf34\ud83d\udc9a (@RealBetis) <a href=\"https:\/\/twitter.com\/RealBetis\/status\/1992592458304393429?ref_src=twsrc%5Etfw\" rel=\"nofollow noopener\" target=\"_blank\">November 23, 2025<\/a><\/p>\n<\/blockquote>\n<p>El once del M\u00edchel<\/p>\n<p>Por su parte, M\u00edchel busca volver a puntuar ante el Betis en Sevilla, y lo hace con un once conformado por <strong>Gazzaniga; Hugo Rinc\u00f3n, Arnau, Reis, \u00c1lex Moreno; Ounahi, Witsel, Iv\u00e1n Mart\u00edn; Tsygankov, Bryan Gil y Vanat.<\/strong><\/p>\n<p>El t\u00e9cnico vallecano incluye a Hugo Rinc\u00f3n como \u00fanica novedad en el once, ocupando el lugar de Daley Blind. Tambi\u00e9n es llamativo el regreso de \u00c1lex Moreno, que jugar\u00e1 por primera vez contra el Betis en Sevilla desde que se marchara al Aston Villa.<\/p>\n<p><img decoding=\"async\" src=\"https:\/\/www.europesays.com\/es\/wp-content\/uploads\/2025\/11\/athletic_girona_002.jpg\" width=\"660\" height=\"485.29\" alt=\"Hugo Rinc\u00f3n pelea un bal\u00f3n con Nico Serrano en el Athletic-Girona (Foto: LALIGA).\"\/><br \/>\nHugo Rinc\u00f3n pelea un bal\u00f3n con Nico Serrano en el Athletic-Girona (Foto: LALIGA).<\/p>\n<p>El banquillo del Girona est\u00e1 formado por\u00a0<strong>Livakovic, Andreev, Joel Roca, Stuani, Abel Ruiz, Asprilla, Jhon Solis, Gibi, Salguero y Papa.<\/strong><\/p>\n<blockquote class=\"twitter-tweet\" data-width=\"500\" data-dnt=\"true\">\n<p lang=\"nl\" dir=\"ltr\">\ud835\udc0e\ud835\udc0d\ud835\udc19\ud835\udc04! \ud83d\udc9b<a href=\"https:\/\/twitter.com\/hashtag\/RealBetisGirona?src=hash&amp;ref_src=twsrc%5Etfw\" rel=\"nofollow noopener\" target=\"_blank\">#RealBetisGirona<\/a> <a href=\"https:\/\/t.co\/BxuvmCPNir\" rel=\"nofollow\">pic.twitter.com\/BxuvmCPNir<\/a><\/p>\n<p>\u2014 Girona FC (@GironaFC) <a href=\"https:\/\/twitter.com\/GironaFC\/status\/1992592260236718123?ref_src=twsrc%5Etfw\" rel=\"nofollow noopener\" target=\"_blank\">November 23, 2025<\/a><\/p>\n<\/blockquote>\n<p><script async src=\"https:\/\/platform.twitter.com\/widgets.js\" charset=\"utf-8\"><\/script><\/p>\n","protected":false},"excerpt":{"rendered":"M\u00e1s noticias M\u00e1s de M\u00e1s noticias de LaLiga EA Sports El Real Betis Balompi\u00e9 y el Girona\u00a0ya han&hellip;\n","protected":false},"author":2,"featured_media":251867,"comment_status":"","ping_status":"","sticky":false,"template":"","format":"standard","meta":{"footnotes":""},"categories":[268],"tags":[168,25,24,280,282,281,23,167],"class_list":{"0":"post-251866","1":"post","2":"type-post","3":"status-publish","4":"format-standard","5":"has-post-thumbnail","7":"category-futbol","8":"tag-deportes","9":"tag-es","10":"tag-espana","11":"tag-football","12":"tag-futbol","13":"tag-soccer","14":"tag-spain","15":"tag-sports"},"share_on_mastodon":{"url":"https:\/\/pubeurope.com\/@es\/115600554695407127","error":""},"_links":{"self":[{"href":"https:\/\/www.europesays.com\/es\/wp-json\/wp\/v2\/posts\/251866","targetHints":{"allow":["GET"]}}],"collection":[{"href":"https:\/\/www.europesays.com\/es\/wp-json\/wp\/v2\/posts"}],"about":[{"href":"https:\/\/www.europesays.com\/es\/wp-json\/wp\/v2\/types\/post"}],"author":[{"embeddable":true,"href":"https:\/\/www.europesays.com\/es\/wp-json\/wp\/v2\/users\/2"}],"replies":[{"embeddable":true,"href":"https:\/\/www.europesays.com\/es\/wp-json\/wp\/v2\/comments?post=251866"}],"version-history":[{"count":0,"href":"https:\/\/www.europesays.com\/es\/wp-json\/wp\/v2\/posts\/251866\/revisions"}],"wp:featuredmedia":[{"embeddable":true,"href":"https:\/\/www.europesays.com\/es\/wp-json\/wp\/v2\/media\/251867"}],"wp:attachment":[{"href":"https:\/\/www.europesays.com\/es\/wp-json\/wp\/v2\/media?parent=251866"}],"wp:term":[{"taxonomy":"category","embeddable":true,"href":"https:\/\/www.europesays.com\/es\/wp-json\/wp\/v2\/categories?post=251866"},{"taxonomy":"post_tag","embeddable":true,"href":"https:\/\/www.europesays.com\/es\/wp-json\/wp\/v2\/tags?post=251866"}],"curies":[{"name":"wp","href":"https:\/\/api.w.org\/{rel}","templated":true}]}}